{"id":11646,"date":"2025-07-20T20:24:40","date_gmt":"2025-07-20T20:24:40","guid":{"rendered":"https:\/\/verdadincomodadiario.ar\/?p=11646"},"modified":"2025-07-20T20:24:40","modified_gmt":"2025-07-20T20:24:40","slug":"yamandu-orsi-se-reunira-con-lo-peor-de-la-corrupcion-iberoamericana","status":"publish","type":"post","link":"https:\/\/verdadincomodadiario.ar\/?p=11646","title":{"rendered":"Yamand\u00fa Orsi se reunir\u00e1 con lo peor de la corrupci\u00f3n iberoamericana"},"content":{"rendered":"<p>El presidente uruguayo viaja este domingo 20 a Chile a juntarse con cinco presidentes que simbolizan lo m\u00e1s nefasto del <strong>autoritarismo<\/strong>, la corrupci\u00f3n y el despilfarro de los dineros p\u00fablicos.<\/p>\n<p>El uruguayo, junto con los mandatarios de Espa\u00f1a (<strong>Pedro S\u00e1nchez<\/strong>), Chile (<strong>Gabriel Boric<\/strong>), Brasil (<strong>Lula Da Silva<\/strong>) y Colombia (<strong>Gustavo Petro<\/strong>), publicaron este domingo una columna en el diario chileno El Mercurio, en la que subrayan la necesidad de \u201ccondenar las derivas autoritarias\u201d y de defender la democracia como una \u201ctarea urgente de nuestro tiempo\u201d.<\/p>\n<h2>P\u00e9sima se\u00f1al<\/h2>\n<p>S\u00e1nchez, del Partido Socialista Obrero Espa\u00f1ol (<strong>PSOE<\/strong>) est\u00e1 rodeado de corrupci\u00f3n en su c\u00edrculo m\u00e1s \u00edntimo.<\/p>\n<p>Su esposa Bego\u00f1a <strong>G\u00f3mez<\/strong>, y su hermano David S\u00e1nchez, est\u00e1n <strong>imputados<\/strong> penalmente por <strong>grav\u00edsimos<\/strong> delitos de corrupci\u00f3n.<\/p>\n<div class=\"inter_image image_horizontal\">\n<picture><source class=\"img-responsive\" type=\"image\/webp\" data-srcset=\"https:\/\/filesedc.com\/uploads\/image\/post\/2025\/07\/orsi-1753037640122_300_200.webp 300w, https:\/\/filesedc.com\/uploads\/image\/post\/2025\/07\/orsi-1753037640122_630_420.webp 630w, https:\/\/filesedc.com\/uploads\/image\/post\/2025\/07\/orsi-1753037640122_760_507.webp 760w, https:\/\/filesedc.com\/uploads\/image\/post\/2025\/07\/orsi-1753037640122_1200_800.webp 1200w, https:\/\/filesedc.com\/uploads\/image\/post\/2025\/07\/orsi-1753037640122_1600_1067.webp 1600w, \"><img decoding=\"async\" src=\"https:\/\/derechadiario.com.ar\/filesedc\/uploads\/image\/post\/2025\/07\/orsi-1753037640122_1200_800.webp\" class=\"img-responsive lazyload\" alt=\"Dos hombres vestidos con traje se dan la mano y sonr\u00eden en una oficina con paredes de madera y cuadros en el fondo\" title=\"Dos hombres vestidos con traje se dan la mano y sonr\u00eden en una oficina con paredes de madera y cuadros en el fondo\"><\/picture>\n<div>\n<span class=\"img_footer\">S\u00e1nchez y Orsi <\/span>| <span class=\"img_author\">La Derecha Diario<\/span>\n<\/div>\n<\/div>\n<p>Tambi\u00e9n los principales cabecillas de su Partido est\u00e1n imputados por corrupci\u00f3n, o directamente ya est\u00e1n en la <strong>c\u00e1rcel<\/strong>, como su mano derecha y diputado hasta hace unos d\u00edas, <strong>Santos Cerd\u00e1n<\/strong>.<\/p>\n<p>A Santos Cerd\u00e1n se le acus\u00f3 de liderar una organizaci\u00f3n criminal implicada en el ama\u00f1o de contratos de obras p\u00fablicas a cambio de <strong>sobornos<\/strong>, junto a los tambi\u00e9n socialistas Jos\u00e9 Luis \u00c1balos y Koldo Garc\u00eda.\u00a0<\/p>\n<p>Un informe de junio de 2025 de la Unidad Central Operativa (UCO) de la Guardia Civil lo implic\u00f3 en estas actividades, lo que llev\u00f3 a su renuncia de todos sus cargos en el PSOE.\u00a0<\/p>\n<p>El 30 de junio pasado, tras declarar ante el Tribunal Supremo, un juez orden\u00f3 su ingreso en <strong>prisi\u00f3n<\/strong> sin fianza, por riesgo de fuga y manipulaci\u00f3n de pruebas.\u00a0<\/p>\n<p>S\u00e1nchez gobierna Espa\u00f1a con grupos extremistas radicales, incluidos los herederos de la banda terrorista <strong>ETA<\/strong>.\u00a0<\/p>\n<h2>Boric, Lula, y Petro<\/h2>\n<p><strong>Boric<\/strong> encabeza un gobierno autoritario que pretendi\u00f3 reformar la Constituci\u00f3n chilena para instaurar un r\u00e9gimen similar al de Maduro en Venezuela.<\/p>\n<figure><img decoding=\"async\" src=\"https:\/\/derechadiario.com.ar\/filesedc\/uploads\/image\/post\/2025\/07\/orsi-lunes-cumbre-brics-julio-2025_1200_800.webp\" class=\"img-responsive lazyload\" alt=\"Hombre de traje sentado en una conferencia con una bandera de Uruguay frente a \u00e9l\" title=\"Hombre de traje sentado en una conferencia con una bandera de Uruguay frente a \u00e9l\"><\/figure>\n<p>Perdi\u00f3 el plebiscito constitucional y su gobierno se hunde en el descr\u00e9dito y la p\u00e9sima gesti\u00f3n.\u00a0<\/p>\n<p><strong>Lula<\/strong> siempre fue un <b>socialista corrupto<\/b>\u00a0 y autoritario. En las \u00faltimas semanas ha desatado una <strong>persecuci\u00f3n<\/strong> despiadada contra el ex mandatario Jair Bolsonaro.<\/p>\n<p>Lula ha utilizado el aparato judicial para perseguir al ex presidente invent\u00e1ndole cargos penales <strong>falsos<\/strong> para inhabilitarlo pol\u00edticamente.\u00a0<\/p>\n<p>Brasil, de la mano de Lula, ha aumentado la pobreza y el desempleo.\u00a0<\/p>\n<p><strong>Petro<\/strong> es un ex <strong>narco guerrillero<\/strong>\u00a0que cometi\u00f3 delitos de sangre, y preside Colombia en forma desp\u00f3tica.<\/p>\n<p>Encabeza un narco gobierno inoperante que ha hundido el pa\u00eds en la desesperanza y la falta de oportunidades para los j\u00f3venes.\u00a0<\/p>\n<figure><img decoding=\"async\" src=\"https:\/\/derechadiario.com.ar\/filesedc\/uploads\/image\/post\/2025\/07\/orsi-petro-lula-y-boric-1_1200_800.webp\" class=\"img-responsive lazyload\" alt=\"Cuatro hombres sonr\u00eden y se dan la mano en se\u00f1al de uni\u00f3n en un ambiente elegante y bien iluminado.\" title=\"Cuatro hombres sonr\u00eden y se dan la mano en se\u00f1al de uni\u00f3n en un ambiente elegante y bien iluminado.\"><\/figure>\n<h2>Orsi se rodea de lo peor<\/h2>\n<p>Orsi se rodea de la peor corrupci\u00f3n iberoamericana. Se junta con d\u00e9spotas autoritarios que encabezan reg\u00edmenes de saqueo a los dineros p\u00fablicos, de <strong>corrupci\u00f3n<\/strong>, despilfarro y mala gesti\u00f3n.\u00a0<\/p>\n<p>Es una p\u00e9sima se\u00f1al para los mercados internacionales. El mandatario uruguayo se rodea de <strong>matones chavistas autoritarios<\/strong>\u00a0y desp\u00f3ticos, que no creen ni en la libertad, ni en la democracia, ni en la justicia, ni en los Derechos Humanos.<\/p>\n","protected":false},"excerpt":{"rendered":"<p>El presidente uruguayo viaja este domingo 20 a Chile a juntarse con cinco presidentes que simbolizan lo m\u00e1s nefasto del autoritarismo, la corrupci\u00f3n y el despilfarro de los dineros p\u00fablicos. El uruguayo, junto con los mandatarios de Espa\u00f1a (Pedro S\u00e1nchez), Chile (Gabriel Boric), Brasil (Lula Da Silva) y Colombia (Gustavo Petro), publicaron este domingo una [&hellip;]<\/p>\n","protected":false},"author":2,"featured_media":11647,"comment_status":"open","ping_status":"open","sticky":false,"template":"","format":"standard","meta":{"_et_pb_use_builder":"","_et_pb_old_content":"","_et_gb_content_width":"","footnotes":""},"categories":[84],"tags":[],"class_list":["post-11646","post","type-post","status-publish","format-standard","has-post-thumbnail","hentry","category-ultimomomento"],"_links":{"self":[{"href":"https:\/\/verdadincomodadiario.ar\/index.php?rest_route=\/wp\/v2\/posts\/11646","targetHints":{"allow":["GET"]}}],"collection":[{"href":"https:\/\/verdadincomodadiario.ar\/index.php?rest_route=\/wp\/v2\/posts"}],"about":[{"href":"https:\/\/verdadincomodadiario.ar\/index.php?rest_route=\/wp\/v2\/types\/post"}],"author":[{"embeddable":true,"href":"https:\/\/verdadincomodadiario.ar\/index.php?rest_route=\/wp\/v2\/users\/2"}],"replies":[{"embeddable":true,"href":"https:\/\/verdadincomodadiario.ar\/index.php?rest_route=%2Fwp%2Fv2%2Fcomments&post=11646"}],"version-history":[{"count":0,"href":"https:\/\/verdadincomodadiario.ar\/index.php?rest_route=\/wp\/v2\/posts\/11646\/revisions"}],"wp:featuredmedia":[{"embeddable":true,"href":"https:\/\/verdadincomodadiario.ar\/index.php?rest_route=\/wp\/v2\/media\/11647"}],"wp:attachment":[{"href":"https:\/\/verdadincomodadiario.ar\/index.php?rest_route=%2Fwp%2Fv2%2Fmedia&parent=11646"}],"wp:term":[{"taxonomy":"category","embeddable":true,"href":"https:\/\/verdadincomodadiario.ar\/index.php?rest_route=%2Fwp%2Fv2%2Fcategories&post=11646"},{"taxonomy":"post_tag","embeddable":true,"href":"https:\/\/verdadincomodadiario.ar\/index.php?rest_route=%2Fwp%2Fv2%2Ftags&post=11646"}],"curies":[{"name":"wp","href":"https:\/\/api.w.org\/{rel}","templated":true}]}}