{"id":11626,"date":"2025-07-20T16:27:09","date_gmt":"2025-07-20T16:27:09","guid":{"rendered":"https:\/\/verdadincomodadiario.ar\/?p=11626"},"modified":"2025-07-20T16:27:09","modified_gmt":"2025-07-20T16:27:09","slug":"antisemitas-intentan-detener-a-israelies-en-un-festival-de-musica-en-belgica","status":"publish","type":"post","link":"https:\/\/verdadincomodadiario.ar\/?p=11626","title":{"rendered":"Antisemitas intentan detener a israel\u00edes en un festival de m\u00fasica en B\u00e9lgica"},"content":{"rendered":"<p><a href=\"https:\/\/derechadiario.com.ar\/israel\/politica\/vergonzosa-muestra-antisemita-suecia\" title=\"Vergonzosa muestra antisemita en Suecia\"><strong>El clima antisemita en Europa<\/strong><\/a> \u00a0<strong>alcanza nuevos niveles de hostilidad<\/strong>, esta vez con una acusaci\u00f3n sin precedentes: <strong>un grupo activista que busca criminalizar a soldados israel\u00edes exigi\u00f3 que las autoridades belgas arresten a dos supuestos miembros de las Fuerzas de Defensa de Israel (FDI) que asistieron al festival de m\u00fasica electr\u00f3nica Tomorrowland, en la ciudad de Boom<\/strong>.<\/p>\n<p>La organizaci\u00f3n antisemita, conocida por sus campa\u00f1as para judicializar al Estado de Israel, emiti\u00f3 un comunicado incendiario en el que <strong>acusa a los dos j\u00f3venes de estar \u201cdirectamente implicados en cr\u00edmenes internacionales graves\u201d<\/strong>, incluyendo \u201cgenocidio\u201d y \u201ccr\u00edmenes de guerra\u201d en Gaza.<\/p>\n<p><strong>Tales acusaciones<\/strong>, rechazadas rotundamente por Israel, <strong>carecen de sustento legal y evidencian una preocupante tendencia a equiparar la autodefensa israel\u00ed con atrocidades hist\u00f3ricas, trivializando de paso conceptos jur\u00eddicos<\/strong>\u00a0 fundamentales como el genocidio.<\/p>\n<p><strong>Las operaciones militares de Israel est\u00e1n plenamente enmarcadas en el derecho internacional<\/strong>, se hace todo lo posible para evitar v\u00edctimas civiles en un conflicto iniciado por el ataque terrorista de Ham\u00e1s el 7 de octubre de 2023.<\/p>\n<div class=\"inter_image image_horizontal\">\n<picture><source class=\"img-responsive\" type=\"image\/webp\" data-srcset=\"https:\/\/filesedc.com\/uploads\/image\/post\/2025\/07\/givatibrigade_300_200.webp 300w, https:\/\/filesedc.com\/uploads\/image\/post\/2025\/07\/givatibrigade_630_420.webp 630w, https:\/\/filesedc.com\/uploads\/image\/post\/2025\/07\/givatibrigade_760_507.webp 760w, https:\/\/filesedc.com\/uploads\/image\/post\/2025\/07\/givatibrigade_1200_800.webp 1200w, https:\/\/filesedc.com\/uploads\/image\/post\/2025\/07\/givatibrigade_1600_1067.webp 1600w, \"><img decoding=\"async\" src=\"https:\/\/derechadiario.com.ar\/filesedc\/uploads\/image\/post\/2025\/07\/givatibrigade_1200_800.webp\" class=\"img-responsive lazyload\" alt=\"Tres militares uniformados hacen un saludo mientras est\u00e1n de pie en formaci\u00f3n frente a varias banderas\" title=\"Tres militares uniformados hacen un saludo mientras est\u00e1n de pie en formaci\u00f3n frente a varias banderas\"><\/picture>\n<div>\n<span class=\"img_footer\">Formaci\u00f3n Givati del Ej\u00e9rcito israel\u00ed <\/span>| <span class=\"img_author\">La Derecha Diario<\/span>\n<\/div>\n<\/div>\n<p>Las acusaciones, sin embargo, han servido como <strong>excusa para hostigar a israel\u00edes en el extranjero<\/strong>, incluso en espacios recreativos y art\u00edsticos como Tomorrowland, que recibe a m\u00e1s de 400.000 personas al a\u00f1o.<\/p>\n<p>El grupo denunciante <strong>tambi\u00e9n se escandaliz\u00f3 por el despliegue de una bandera de la Brigada Givati<\/strong>, una unidad de combate del ej\u00e9rcito israel\u00ed, que algunos j\u00f3venes ondearon en el festival.<\/p>\n<p>Para los activistas antisemitas, este gesto representa un s\u00edmbolo de \u201cimpunidad y limpieza \u00e9tnica\u201d, una ret\u00f3rica que equipara el orgullo militar israel\u00ed con cr\u00edmenes contra la humanidad.<\/p>\n<p>Estos episodios no son aislados. Desde su creaci\u00f3n, <strong>la fundaci\u00f3n Hind Rajab \u2014nombrada tras una ni\u00f1a palestina fallecida en Gaza<\/strong>\u2014 ha impulsado campa\u00f1as de doxxeo contra soldados israel\u00edes: busca exponer su informaci\u00f3n personal en redes sociales para impedirles viajar al extranjero o provocar su arresto.<\/p>\n<p>Aunque sin grandes \u00e9xitos judiciales, han logrado generar temor e incluso presionar a miembros del gabinete israel\u00ed a cancelar viajes. <strong>El ej\u00e9rcito israel\u00ed, en respuesta, ha debido reforzar medidas de protecci\u00f3n digital para sus soldados<\/strong>.<\/p>\n<p>Detr\u00e1s de estas campa\u00f1as se esconde <strong>un discurso cada vez m\u00e1s aceptado en ciertos sectores europeos<\/strong>: la demonizaci\u00f3n de todo lo que represente a Israel, incluso a simples ciudadanos que bailan en un festival.<\/p>\n<p><strong>El antisemitismo del siglo XXI ya no se presenta con brazaletes ni marchas, sino con el lenguaje de los derechos humanos y la justicia universal \u2014pero apunta siempre al mismo blanco<\/strong>.<\/p>\n","protected":false},"excerpt":{"rendered":"<p>El clima antisemita en Europa \u00a0alcanza nuevos niveles de hostilidad, esta vez con una acusaci\u00f3n sin precedentes: un grupo activista que busca criminalizar a soldados israel\u00edes exigi\u00f3 que las autoridades belgas arresten a dos supuestos miembros de las Fuerzas de Defensa de Israel (FDI) que asistieron al festival de m\u00fasica electr\u00f3nica Tomorrowland, en la ciudad [&hellip;]<\/p>\n","protected":false},"author":2,"featured_media":11627,"comment_status":"open","ping_status":"open","sticky":false,"template":"","format":"standard","meta":{"_et_pb_use_builder":"","_et_pb_old_content":"","_et_gb_content_width":"","footnotes":""},"categories":[84],"tags":[],"class_list":["post-11626","post","type-post","status-publish","format-standard","has-post-thumbnail","hentry","category-ultimomomento"],"_links":{"self":[{"href":"https:\/\/verdadincomodadiario.ar\/index.php?rest_route=\/wp\/v2\/posts\/11626","targetHints":{"allow":["GET"]}}],"collection":[{"href":"https:\/\/verdadincomodadiario.ar\/index.php?rest_route=\/wp\/v2\/posts"}],"about":[{"href":"https:\/\/verdadincomodadiario.ar\/index.php?rest_route=\/wp\/v2\/types\/post"}],"author":[{"embeddable":true,"href":"https:\/\/verdadincomodadiario.ar\/index.php?rest_route=\/wp\/v2\/users\/2"}],"replies":[{"embeddable":true,"href":"https:\/\/verdadincomodadiario.ar\/index.php?rest_route=%2Fwp%2Fv2%2Fcomments&post=11626"}],"version-history":[{"count":0,"href":"https:\/\/verdadincomodadiario.ar\/index.php?rest_route=\/wp\/v2\/posts\/11626\/revisions"}],"wp:featuredmedia":[{"embeddable":true,"href":"https:\/\/verdadincomodadiario.ar\/index.php?rest_route=\/wp\/v2\/media\/11627"}],"wp:attachment":[{"href":"https:\/\/verdadincomodadiario.ar\/index.php?rest_route=%2Fwp%2Fv2%2Fmedia&parent=11626"}],"wp:term":[{"taxonomy":"category","embeddable":true,"href":"https:\/\/verdadincomodadiario.ar\/index.php?rest_route=%2Fwp%2Fv2%2Fcategories&post=11626"},{"taxonomy":"post_tag","embeddable":true,"href":"https:\/\/verdadincomodadiario.ar\/index.php?rest_route=%2Fwp%2Fv2%2Ftags&post=11626"}],"curies":[{"name":"wp","href":"https:\/\/api.w.org\/{rel}","templated":true}]}}