{"id":11624,"date":"2025-07-20T16:27:10","date_gmt":"2025-07-20T16:27:10","guid":{"rendered":"https:\/\/verdadincomodadiario.ar\/?p=11624"},"modified":"2025-07-20T16:27:10","modified_gmt":"2025-07-20T16:27:10","slug":"mas-pedidos-para-destituir-a-la-opositora-fiscal-general-de-israel","status":"publish","type":"post","link":"https:\/\/verdadincomodadiario.ar\/?p=11624","title":{"rendered":"M\u00e1s pedidos para destituir a la opositora fiscal general de Israel"},"content":{"rendered":"<p><strong>El comit\u00e9 ministerial designado por el gobierno israel\u00ed vot\u00f3 de manera un\u00e1nime para recomendar la destituci\u00f3n de la fiscal general Gali Baharav-Miara<\/strong>, en lo que representa un nuevo cap\u00edtulo en el enfrentamiento entre la coalici\u00f3n de Netanyahu y el aparato judicial que ha obstruido sistem\u00e1ticamente la agenda del gobierno electo.<\/p>\n<p>La resoluci\u00f3n fue ratificada por <strong>los cinco miembros del comit\u00e9<\/strong>: <strong>el ministro de Asuntos de la Di\u00e1spora Amichai Chikli (quien lo preside), el ministro de Finanzas Bezalel Smotrich, el ministro de Seguridad Nacional Itamar Ben Gvir, la ministra de Ciencia y Tecnolog\u00eda Gila Gamliel y el ministro de Servicios Religiosos Michael Malkieli<\/strong>.<\/p>\n<p>La propuesta de despido ser\u00e1 ahora elevada al gabinete, que podr\u00e1 programar una votaci\u00f3n formal en su pr\u00f3xima reuni\u00f3n.<\/p>\n<div class=\"inter_image image_horizontal\">\n<picture><source class=\"img-responsive\" type=\"image\/webp\" data-srcset=\"https:\/\/filesedc.com\/uploads\/image\/post\/2025\/07\/netanyahu-1753016956254_300_200.webp 300w, https:\/\/filesedc.com\/uploads\/image\/post\/2025\/07\/netanyahu-1753016956254_630_420.webp 630w, https:\/\/filesedc.com\/uploads\/image\/post\/2025\/07\/netanyahu-1753016956254_760_507.webp 760w, https:\/\/filesedc.com\/uploads\/image\/post\/2025\/07\/netanyahu-1753016956254_1200_800.webp 1200w, https:\/\/filesedc.com\/uploads\/image\/post\/2025\/07\/netanyahu-1753016956254_1600_1067.webp 1600w, \"><img decoding=\"async\" src=\"https:\/\/derechadiario.com.ar\/filesedc\/uploads\/image\/post\/2025\/07\/netanyahu-1753016956254_1200_800.webp\" class=\"img-responsive lazyload\" alt=\"Hombre de cabello canoso con traje oscuro y corbata roja hablando frente a micr\u00f3fonos con banderas de Israel de fondo\" title=\"Hombre de cabello canoso con traje oscuro y corbata roja hablando frente a micr\u00f3fonos con banderas de Israel de fondo\"><\/picture>\n<div>\n<span class=\"img_footer\">El PM Benjam\u00edn Netanyahu <\/span>| <span class=\"img_author\">La Derecha Diario<\/span>\n<\/div>\n<\/div>\n<p>La decisi\u00f3n surge como respuesta al papel que ha jugado Baharav-Miara desde su nombramiento, <strong>caracterizado por un patr\u00f3n de obstrucci\u00f3n constante al accionar del gobierno de derecha liderado por Benjamin Netanyahu<\/strong>.<\/p>\n<p>Desde que asumi\u00f3, <strong>la fiscal general ha intervenido en decisiones clave del Ejecutivo<\/strong>, bloqueando reformas, criticando p\u00fablicamente a ministros y buscando frenar, desde los tribunales, pol\u00edticas aprobadas en las urnas.<\/p>\n<p><strong>\u201cDurante demasiado tiempo, Gali Baharav-Miara ha confundido su rol institucional con el de una figura de oposici\u00f3n no electa\u201d<\/strong>, afirm\u00f3 un funcionario cercano al comit\u00e9. \u201cLa democracia no puede funcionar cuando los bur\u00f3cratas se colocan por encima del gobierno elegido por el pueblo.\u201d<\/p>\n<p>Sin embargo, <strong>la batalla legal est\u00e1 lejos de terminar. Hay que tener en cuenta que Baharav-Miara est\u00e1 blindada por figuras del Poder Judicial, que se ha convertido en un frente de oposici\u00f3n claro contra el gobierno democr\u00e1ticamente electo del PM Benjam\u00edn Netanyahu<\/strong>.<\/p>\n","protected":false},"excerpt":{"rendered":"<p>El comit\u00e9 ministerial designado por el gobierno israel\u00ed vot\u00f3 de manera un\u00e1nime para recomendar la destituci\u00f3n de la fiscal general Gali Baharav-Miara, en lo que representa un nuevo cap\u00edtulo en el enfrentamiento entre la coalici\u00f3n de Netanyahu y el aparato judicial que ha obstruido sistem\u00e1ticamente la agenda del gobierno electo. La resoluci\u00f3n fue ratificada por [&hellip;]<\/p>\n","protected":false},"author":2,"featured_media":11625,"comment_status":"open","ping_status":"open","sticky":false,"template":"","format":"standard","meta":{"_et_pb_use_builder":"","_et_pb_old_content":"","_et_gb_content_width":"","footnotes":""},"categories":[84],"tags":[],"class_list":["post-11624","post","type-post","status-publish","format-standard","has-post-thumbnail","hentry","category-ultimomomento"],"_links":{"self":[{"href":"https:\/\/verdadincomodadiario.ar\/index.php?rest_route=\/wp\/v2\/posts\/11624","targetHints":{"allow":["GET"]}}],"collection":[{"href":"https:\/\/verdadincomodadiario.ar\/index.php?rest_route=\/wp\/v2\/posts"}],"about":[{"href":"https:\/\/verdadincomodadiario.ar\/index.php?rest_route=\/wp\/v2\/types\/post"}],"author":[{"embeddable":true,"href":"https:\/\/verdadincomodadiario.ar\/index.php?rest_route=\/wp\/v2\/users\/2"}],"replies":[{"embeddable":true,"href":"https:\/\/verdadincomodadiario.ar\/index.php?rest_route=%2Fwp%2Fv2%2Fcomments&post=11624"}],"version-history":[{"count":0,"href":"https:\/\/verdadincomodadiario.ar\/index.php?rest_route=\/wp\/v2\/posts\/11624\/revisions"}],"wp:featuredmedia":[{"embeddable":true,"href":"https:\/\/verdadincomodadiario.ar\/index.php?rest_route=\/wp\/v2\/media\/11625"}],"wp:attachment":[{"href":"https:\/\/verdadincomodadiario.ar\/index.php?rest_route=%2Fwp%2Fv2%2Fmedia&parent=11624"}],"wp:term":[{"taxonomy":"category","embeddable":true,"href":"https:\/\/verdadincomodadiario.ar\/index.php?rest_route=%2Fwp%2Fv2%2Fcategories&post=11624"},{"taxonomy":"post_tag","embeddable":true,"href":"https:\/\/verdadincomodadiario.ar\/index.php?rest_route=%2Fwp%2Fv2%2Ftags&post=11624"}],"curies":[{"name":"wp","href":"https:\/\/api.w.org\/{rel}","templated":true}]}}