{"id":11614,"date":"2025-07-20T13:27:22","date_gmt":"2025-07-20T13:27:22","guid":{"rendered":"https:\/\/verdadincomodadiario.ar\/?p=11614"},"modified":"2025-07-20T13:27:22","modified_gmt":"2025-07-20T13:27:22","slug":"vergonzosa-muestra-antisemita-en-suecia","status":"publish","type":"post","link":"https:\/\/verdadincomodadiario.ar\/?p=11614","title":{"rendered":"Vergonzosa muestra antisemita en Suecia"},"content":{"rendered":"<p>Una instalaci\u00f3n montada por <strong>el grupo \u201cUme\u00e5 por Palestina\u201d<\/strong>\u00a0 en el norte de Suecia ha desatado una ola de repudio y preocupaci\u00f3n en medios locales e internacionales. All\u00ed, se\u00a0<strong>representaron\u00a0maniqu\u00edes colgados con uniformes de prisioneros de campos de concentraci\u00f3n nazis.\u00a0Intentaban hacer una aparente analog\u00eda entre el Holocausto y la actual guerra en Gaza<\/strong>.<\/p>\n<p>La exhibici\u00f3n, levantada en la ciudad de Ume\u00e5 , <strong>ha sido denunciada por m\u00faltiples voces como un acto de antisemitismo expl\u00edcito<\/strong>\u00a0 y una distorsi\u00f3n grotesca de la historia.<\/p>\n<p>Los maniqu\u00edes, vestidos con rayas grises y blancas y una estrella amarilla cosida al pecho \u2014id\u00e9ntica a la que los nazis obligaban a usar a los jud\u00edos\u2014 colgaban de horcas bajo un cartel que rezaba: \u201cGenocide is genocide is genocide\u201d.<\/p>\n<p><strong>A los costados ondeaban dos banderas de la OLP, mientras al frente se ubicaba una persona con una kufiya cubri\u00e9ndole el rostro, sosteniendo un mu\u00f1eco de beb\u00e9<\/strong>.<\/p>\n<div class=\"inter_image image_horizontal\">\n<picture><source class=\"img-responsive\" type=\"image\/webp\" data-srcset=\"https:\/\/filesedc.com\/uploads\/image\/post\/2025\/07\/zivnevo_300_200.webp 300w, https:\/\/filesedc.com\/uploads\/image\/post\/2025\/07\/zivnevo_630_420.webp 630w, https:\/\/filesedc.com\/uploads\/image\/post\/2025\/07\/zivnevo_760_507.webp 760w, https:\/\/filesedc.com\/uploads\/image\/post\/2025\/07\/zivnevo_1200_800.webp 1200w, https:\/\/filesedc.com\/uploads\/image\/post\/2025\/07\/zivnevo_1600_1067.webp 1600w, \"><img decoding=\"async\" src=\"https:\/\/derechadiario.com.ar\/filesedc\/uploads\/image\/post\/2025\/07\/zivnevo_1200_800.webp\" class=\"img-responsive lazyload\" alt=\"Hombre de traje sentado en una sala de reuniones con banderas de Israel al fondo\" title=\"Hombre de traje sentado en una sala de reuniones con banderas de Israel al fondo\"><\/picture>\n<div>\n<span class=\"img_footer\">Ziv Nevo, embajador israel\u00ed en Suecia <\/span>| <span class=\"img_author\">La Derecha Diario<\/span>\n<\/div>\n<\/div>\n<p><a href=\"https:\/\/derechadiario.com.ar\/israel\/politica\/llevan-juicio-universidad-berlin-por-antisemitismo\" title=\"Llevan a juicio a una universidad de Berl\u00edn por antisemitismo\">Esta es una muestra m\u00e1s de acciones antisemitas en el continente europeo<\/a>.<\/p>\n<p>Las im\u00e1genes del montaje circularon brevemente en redes sociales antes de ser eliminadas, pero el impacto ya estaba hecho.<\/p>\n<p><strong>El embajador de Israel en Suecia, Ziv Nevo Kulman, calific\u00f3 la instalaci\u00f3n como una \u201cexplotaci\u00f3n grotesca del Holocausto y un acto escalofriante de antisemitismo\u201d<\/strong>. A\u00f1adi\u00f3: \u201cCuando manifestantes pro-palestinos secuestran la memoria de la Sho\u00e1 para vilipendiar a los jud\u00edos de hoy, cruzan todas las l\u00edneas morales\u201d.<\/p>\n<p><strong>El ministro de Relaciones Exteriores israel\u00ed, Gideon Sa\u2019ar, comparti\u00f3 el mensaje del embajador<\/strong>, mientras que el humorista y escritor jud\u00edo sueco Aron Flam fue a\u00fan m\u00e1s tajante: \u201c<strong>Esto es una locura total. Ci\u00e9rrenlo ahora. No son manifestaciones, son rituales religiosos que llaman al genocidio de los jud\u00edos<\/strong>\u201d.<\/p>\n<p>Desde sectores de la prensa sueca tambi\u00e9n llegaron cr\u00edticas. <strong>La periodista Bitte Assarmo escribi\u00f3<\/strong>\u00a0 en su cuenta de Facebook: \u201c\u00bfUme\u00e5 por Palestina? Mentira. M\u00e1s bien, <strong>Ume\u00e5 por el terror contra los jud\u00edos<\/strong>. \u00bfQu\u00e9 har\u00e1n ahora la polic\u00eda, las autoridades y los pol\u00edticos de esta ciudad de los abedules? <strong>\u00bfCu\u00e1nto m\u00e1s tiene que pasar para que Suecia diga basta?<\/strong>\u201d<\/p>\n<p>El profesor de Derecho M\u00e5rten Schultz se\u00f1al\u00f3 que la instalaci\u00f3n podr\u00eda violar leyes suecas contra la incitaci\u00f3n al odio, destacando que el mensaje no solo se dirig\u00eda contra Israel, sino contra los jud\u00edos como pueblo.<\/p>\n<p>Las autoridades policiales suecas han iniciado una investigaci\u00f3n sobre el hecho. Mientras tanto, el esc\u00e1ndalo ha reavivado un debate en Suecia sobre los l\u00edmites de la libertad de expresi\u00f3n, <strong>el antisemitismo disfrazado de activismo pol\u00edtico y la memoria del Holocausto como herramienta de propaganda<\/strong>.<\/p>\n","protected":false},"excerpt":{"rendered":"<p>Una instalaci\u00f3n montada por el grupo \u201cUme\u00e5 por Palestina\u201d\u00a0 en el norte de Suecia ha desatado una ola de repudio y preocupaci\u00f3n en medios locales e internacionales. All\u00ed, se\u00a0representaron\u00a0maniqu\u00edes colgados con uniformes de prisioneros de campos de concentraci\u00f3n nazis.\u00a0Intentaban hacer una aparente analog\u00eda entre el Holocausto y la actual guerra en Gaza. La exhibici\u00f3n, levantada [&hellip;]<\/p>\n","protected":false},"author":2,"featured_media":11615,"comment_status":"open","ping_status":"open","sticky":false,"template":"","format":"standard","meta":{"_et_pb_use_builder":"","_et_pb_old_content":"","_et_gb_content_width":"","footnotes":""},"categories":[84],"tags":[],"class_list":["post-11614","post","type-post","status-publish","format-standard","has-post-thumbnail","hentry","category-ultimomomento"],"_links":{"self":[{"href":"https:\/\/verdadincomodadiario.ar\/index.php?rest_route=\/wp\/v2\/posts\/11614","targetHints":{"allow":["GET"]}}],"collection":[{"href":"https:\/\/verdadincomodadiario.ar\/index.php?rest_route=\/wp\/v2\/posts"}],"about":[{"href":"https:\/\/verdadincomodadiario.ar\/index.php?rest_route=\/wp\/v2\/types\/post"}],"author":[{"embeddable":true,"href":"https:\/\/verdadincomodadiario.ar\/index.php?rest_route=\/wp\/v2\/users\/2"}],"replies":[{"embeddable":true,"href":"https:\/\/verdadincomodadiario.ar\/index.php?rest_route=%2Fwp%2Fv2%2Fcomments&post=11614"}],"version-history":[{"count":0,"href":"https:\/\/verdadincomodadiario.ar\/index.php?rest_route=\/wp\/v2\/posts\/11614\/revisions"}],"wp:featuredmedia":[{"embeddable":true,"href":"https:\/\/verdadincomodadiario.ar\/index.php?rest_route=\/wp\/v2\/media\/11615"}],"wp:attachment":[{"href":"https:\/\/verdadincomodadiario.ar\/index.php?rest_route=%2Fwp%2Fv2%2Fmedia&parent=11614"}],"wp:term":[{"taxonomy":"category","embeddable":true,"href":"https:\/\/verdadincomodadiario.ar\/index.php?rest_route=%2Fwp%2Fv2%2Fcategories&post=11614"},{"taxonomy":"post_tag","embeddable":true,"href":"https:\/\/verdadincomodadiario.ar\/index.php?rest_route=%2Fwp%2Fv2%2Ftags&post=11614"}],"curies":[{"name":"wp","href":"https:\/\/api.w.org\/{rel}","templated":true}]}}