{"id":11608,"date":"2025-07-20T02:37:28","date_gmt":"2025-07-20T02:37:28","guid":{"rendered":"https:\/\/verdadincomodadiario.ar\/?p=11608"},"modified":"2025-07-20T02:37:28","modified_gmt":"2025-07-20T02:37:28","slug":"la-prohibicion-de-exportar-ganado-en-pie-le-costaria-a-uruguay-us-300-millones","status":"publish","type":"post","link":"https:\/\/verdadincomodadiario.ar\/?p=11608","title":{"rendered":"La prohibici\u00f3n de exportar ganado en pie le costar\u00eda a Uruguay US$ 300 millones"},"content":{"rendered":"<p><strong>La reciente decisi\u00f3n del gobierno de Yamand\u00fa Orsi de suspender la exportaci\u00f3n de ganado en pie<\/strong>, anunciada por el ministro de Ganader\u00eda, Alfredo Fratti, <strong>desat\u00f3 una alarma total en el sector agropecuario<\/strong>: otro atropello m\u00e1s del Estado que <strong>amenaza la libertad econ\u00f3mica y la producci\u00f3n nacional<\/strong>.<\/p>\n<p><strong>Esta medida es un calco del kirchnerismo<\/strong>: intervenci\u00f3n estatal que empobrece, destruye la producci\u00f3n y condena al pueblo a la miseria, como ya ocurri\u00f3 al otro lado del R\u00edo de la Plata.<\/p>\n<p>A esto se suma una nueva traba regulatoria: el 16 de julio, la Direcci\u00f3n General de Servicios Ganaderos emiti\u00f3 una resoluci\u00f3n que impone a los frigor\u00edficos cumplir con la normativa europea EUDR, que exige productos \u201clibres de deforestaci\u00f3n\u201d, <strong>basada en criterios ambientalistas impuestos desde el extranjero<\/strong>, que encarecen la producci\u00f3n y <strong>limitan la libertad empresarial<\/strong>.<\/p>\n<p><strong>La suspensi\u00f3n de exportaci\u00f3n de ganado en pie y la normativa EUDR, juntas<\/strong>, reflejan un entorno regulatorio que crece, <strong>asfixiando la competitividad y la libertad del sector agroexportador uruguayo<\/strong>.<\/p>\n<p><a href=\"https:\/\/derechadiario.com.ar\/uruguay\/politica\/100-dias-bitacora-del-proyecto-gobierno-honesto-yamandu-orsi\">Quiz\u00e1s tambi\u00e9n te interese&#8230;<\/a><\/p>\n<p><strong>Una intervenci\u00f3n al estilo K<\/strong><\/p>\n<p>El argumento oficial del Ministerio de Ganader\u00eda, Agricultura y Pesca (MGAP) es simple: la exportaci\u00f3n de ganado en pie ha crecido considerablemente, mientras que algunos frigor\u00edficos \u2014la mayor\u00eda de capital brasile\u00f1o\u2014 enfrentan problemas de abastecimiento.<\/p>\n<p>En consecuencia, el gobierno decidi\u00f3 \u201csuspender\u201d las exportaciones, con la supuesta intenci\u00f3n de &#8220;equilibrar el mercado interno&#8221;. <strong>Sin embargo, en la pr\u00e1ctica, esta medida act\u00faa como una prohibici\u00f3n<\/strong> que <strong>restringe la libertad de comercio y perjudica directamente al productor<\/strong>.<\/p>\n<div class=\"inter_image image_horizontal\">\n<picture><source class=\"img-responsive\" type=\"image\/webp\" data-srcset=\"https:\/\/filesedc.com\/uploads\/image\/post\/2025\/07\/img-20250719-wa0037_300_200.webp 300w, https:\/\/filesedc.com\/uploads\/image\/post\/2025\/07\/img-20250719-wa0037_630_420.webp 630w, https:\/\/filesedc.com\/uploads\/image\/post\/2025\/07\/img-20250719-wa0037_760_507.webp 760w, https:\/\/filesedc.com\/uploads\/image\/post\/2025\/07\/img-20250719-wa0037_1200_800.webp 1200w, https:\/\/filesedc.com\/uploads\/image\/post\/2025\/07\/img-20250719-wa0037_1600_1067.webp 1600w, \"><img decoding=\"async\" src=\"https:\/\/derechadiario.com.ar\/filesedc\/uploads\/image\/post\/2025\/07\/img-20250719-wa0037_1200_800.webp\" class=\"img-responsive lazyload\" alt=\"Vacas pastando entre \u00e1rboles y vegetaci\u00f3n en un campo verde bajo un cielo nublado.\" title=\"Vacas pastando entre \u00e1rboles y vegetaci\u00f3n en un campo verde bajo un cielo nublado.\"><\/picture>\n<div>\n<span class=\"img_footer\">Vacas uruguayas. <\/span>| <span class=\"img_author\">Redacci\u00f3n<\/span>\n<\/div>\n<\/div>\n<p>Detr\u00e1s de esta decisi\u00f3n se esconde la misma l\u00f3gica intervencionista que aplic\u00f3 el kirchnerismo en Argentina, con resultados desastrosos: se limita la exportaci\u00f3n en nombre de los \u201cproblemas de abastecimiento\u201d, se fuerza la baja del precio interno y se elimina el incentivo a producir.<\/p>\n<p><strong>Las consecuencias son siempre terribles<\/strong>: p\u00e9rdida de competitividad, ca\u00edda en las exportaciones, desconfianza del sector privado y, a mediano plazo, desinversi\u00f3n.<\/p>\n<p><a href=\"https:\/\/derechadiario.com.ar\/uruguay\/politica\/mujica-delato-sus-companeros-y-colaboro-con-los-militares-1972\">Quiz\u00e1s tambi\u00e9n te interese&#8230;<\/a><\/p>\n<p><strong>M\u00e1s globalismo, ahora en el agro<\/strong><\/p>\n<p>Fratti asegur\u00f3 que la \u201crestricci\u00f3n\u201d es moment\u00e1nea y que quedan excluidos terneros, animales con valor gen\u00e9tico y ganado lechero, como si eso minimizara el da\u00f1o que esta intervenci\u00f3n genera en el sector.<\/p>\n<p>Para peor, anunci\u00f3 que cualquier exportador que quiera enviar ganado en pie <strong>deber\u00e1 pedir autorizaci\u00f3n previa<\/strong>, la cual ser\u00e1 evaluada directamente por el presidente y el ministro de Econom\u00eda.<\/p>\n<p>Para justificar la medida, Fratti apel\u00f3 a la crisis del sector frigor\u00edfico, con m\u00e1s de mil trabajadores en seguro de paro y al menos seis empresas cerradas. <strong>Pero la soluci\u00f3n de la izquierda siempre es err\u00f3nea<\/strong>: en lugar de liberar la econom\u00eda, fomentar la inversi\u00f3n y el empleo, el Estado interviene reprimiendo la actividad productiva.<\/p>\n<p>Finalmente, Fratti asegur\u00f3 algo que no es de extra\u00f1ar: la \u201csuspensi\u00f3n\u201d se adapta a las normas de la Organizaci\u00f3n Mundial del Comercio (OMC), ya que no implica una prohibici\u00f3n definitiva ni discriminaci\u00f3n hacia pa\u00edses espec\u00edficos.<\/p>\n<p><strong>Uruguay una vez m\u00e1s respondiendo a organismos internacionales<\/strong>, <strong>ignorando las necesidades reales del pa\u00eds<\/strong>.<\/p>\n<p><strong>\u00bfCu\u00e1nto pierde Uruguay?<\/strong><\/p>\n<p>Seg\u00fan datos del ejercicio 2024, Uruguay export\u00f3 386.765 cabezas de ganado en pie, generando ingresos por US$ 353 millones.<\/p>\n<p><strong>Si esta medida se mantiene o se vuelve a aplicar recurrentemente<\/strong> como herramienta de control estatal, el pa\u00eds podr\u00eda dejar de percibir aproximadamente US$ 300 millones anuales.<\/p>\n<p>Este golpe no solo afecta al exportador directo, sino a toda la cadena productiva: criadores, transportistas, trabajadores rurales, veterinarios y un largo etc\u00e9tera. Adem\u00e1s, <strong>se elimina un precio de referencia clave<\/strong> que permite al productor negociar con los frigor\u00edficos.<\/p>\n<figure><img decoding=\"async\" src=\"https:\/\/derechadiario.com.ar\/filesedc\/uploads\/image\/post\/2025\/07\/img-20250719-wa0036_1200_800.webp\" class=\"img-responsive lazyload\" alt=\"Hombre mayor con gafas hablando frente a un micr\u00f3fono en una conferencia de prensa en el Ministerio de Ganader\u00eda, Agricultura y Pesca\" title=\"Hombre mayor con gafas hablando frente a un micr\u00f3fono en una conferencia de prensa en el Ministerio de Ganader\u00eda, Agricultura y Pesca\"><\/figure>\n<p><strong>Es un ataque directo a la libertad econ\u00f3mica y a la competitividad del agro uruguayo<\/strong>. As\u00ed, el Estado, lejos de fomentar el desarrollo, <strong>asfixia la producci\u00f3n y condena al sector a la dependencia y la pobreza<\/strong>. Una l\u00f3gica intervencionista que ya sabemos a d\u00f3nde lleva: a la miseria.<\/p>\n<p><a href=\"https:\/\/derechadiario.com.ar\/uruguay\/opinion\/asi-luce-socialdemocracia\">Quiz\u00e1s tambi\u00e9n te interese&#8230;<\/a><\/p>\n<p><strong>Agenda verde: nuevos mecanismos de control comercial y subordinaci\u00f3n geopol\u00edtica<\/strong><\/p>\n<p>Este 16 de julio, el MGAP anunci\u00f3 los nuevos requisitos para exportar carne bovina a Europa. Bajo el argumento de \u201cluchar contra la deforestaci\u00f3n\u201d, la Uni\u00f3n Europea y organismos como el Forest Stewardship Council (FSC) han impuesto una nueva barrera comercial: el Reglamento de la UE sobre productos libres de deforestaci\u00f3n (EUDR).<\/p>\n<p>En octubre de 2024, bajo la administraci\u00f3n \u201cnacionalista\u201d de Luis Lacalle Pou, el MGAP aprob\u00f3 el Sistema de Valor Agregado Ambiental a la Producci\u00f3n Agropecuaria (SVAAPAG), con el objetivo de adaptar las exportaciones uruguayas a estos est\u00e1ndares europeos.<\/p>\n<p>A partir del 30 de diciembre de 2025, Uruguay deber\u00e1 demostrar que sus productos est\u00e1n libres de deforestaci\u00f3n para acceder al mercado europeo. En ese marco, la Direcci\u00f3n General de Servicios Ganaderos exige a los establecimientos agroindustriales aplicar nuevos procedimientos de segregaci\u00f3n, identificando y aislando los productos \u201captos\u201d seg\u00fan los criterios ambientales.<\/p>\n<p><strong>Lejos de fortalecer la competitividad<\/strong>, lo que se consolida es <strong>una pol\u00edtica de dependencia y obediencia normativa frente a Bruselas<\/strong>. El aparato productivo nacional <strong>comienza as\u00ed a subordinarse a l\u00f3gicas ajenas a su propia soberan\u00eda<\/strong>.<\/p>\n<p><strong>\u00bfHacia d\u00f3nde vamos?<\/strong><\/p>\n<p>Ya lo vimos en Argentina bajo el kirchnerismo: restricciones a las exportaciones, liquidaci\u00f3n del stock ganadero, cierre de plantas, p\u00e9rdida de mercados y un retroceso devastador en la competitividad. <strong>El costo de esas terribles decisiones fue pagado por generaciones enteras<\/strong> de productores, trabajadores y consumidores.<\/p>\n<p><strong>Esto no es una pol\u00edtica t\u00e9cnica ni coyuntural<\/strong>. Es el regreso de <strong>una mentalidad estatista, intervencionista y populista<\/strong> que ha causado estragos en toda Am\u00e9rica Latina.<\/p>\n<p><strong>El MGAP, al avanzar con estas medidas, evidencia el objetivo de este nuevo gobierno<\/strong>: m\u00e1s regulaciones, m\u00e1s condicionamientos internacionales, menos libertad de empresa. En lugar de apostar a la apertura inteligente y la soberan\u00eda alimentaria, <strong>se consolida la dependencia de una agenda ambiental impuesta desde el extranjero<\/strong> y legitimada por organismos multilaterales bajo la bandera del desarrollo sostenible.<\/p>\n<p><strong>Ese es, precisamente, el horizonte que se proyecta<\/strong>: la f\u00e9rrea consolidaci\u00f3n de la Agenda 2030 en Uruguay: <strong>mayor subordinaci\u00f3n a los intereses globalistas<\/strong> y, por consiguiente, menos libertad para decidir nuestras propias pol\u00edticas.<\/p>\n<p><strong>Uruguay no debe copiar modelos fracasados ni arrodillarse a agendas extranjeras<\/strong>. <strong>La defensa del inter\u00e9s nacional comienza por proteger a quienes producen y sostienen la econom\u00eda real: el agro, motor hist\u00f3rico del pa\u00eds<\/strong>.<\/p>\n","protected":false},"excerpt":{"rendered":"<p>La reciente decisi\u00f3n del gobierno de Yamand\u00fa Orsi de suspender la exportaci\u00f3n de ganado en pie, anunciada por el ministro de Ganader\u00eda, Alfredo Fratti, desat\u00f3 una alarma total en el sector agropecuario: otro atropello m\u00e1s del Estado que amenaza la libertad econ\u00f3mica y la producci\u00f3n nacional. Esta medida es un calco del kirchnerismo: intervenci\u00f3n estatal [&hellip;]<\/p>\n","protected":false},"author":2,"featured_media":11609,"comment_status":"open","ping_status":"open","sticky":false,"template":"","format":"standard","meta":{"_et_pb_use_builder":"","_et_pb_old_content":"","_et_gb_content_width":"","footnotes":""},"categories":[84],"tags":[],"class_list":["post-11608","post","type-post","status-publish","format-standard","has-post-thumbnail","hentry","category-ultimomomento"],"_links":{"self":[{"href":"https:\/\/verdadincomodadiario.ar\/index.php?rest_route=\/wp\/v2\/posts\/11608","targetHints":{"allow":["GET"]}}],"collection":[{"href":"https:\/\/verdadincomodadiario.ar\/index.php?rest_route=\/wp\/v2\/posts"}],"about":[{"href":"https:\/\/verdadincomodadiario.ar\/index.php?rest_route=\/wp\/v2\/types\/post"}],"author":[{"embeddable":true,"href":"https:\/\/verdadincomodadiario.ar\/index.php?rest_route=\/wp\/v2\/users\/2"}],"replies":[{"embeddable":true,"href":"https:\/\/verdadincomodadiario.ar\/index.php?rest_route=%2Fwp%2Fv2%2Fcomments&post=11608"}],"version-history":[{"count":0,"href":"https:\/\/verdadincomodadiario.ar\/index.php?rest_route=\/wp\/v2\/posts\/11608\/revisions"}],"wp:featuredmedia":[{"embeddable":true,"href":"https:\/\/verdadincomodadiario.ar\/index.php?rest_route=\/wp\/v2\/media\/11609"}],"wp:attachment":[{"href":"https:\/\/verdadincomodadiario.ar\/index.php?rest_route=%2Fwp%2Fv2%2Fmedia&parent=11608"}],"wp:term":[{"taxonomy":"category","embeddable":true,"href":"https:\/\/verdadincomodadiario.ar\/index.php?rest_route=%2Fwp%2Fv2%2Fcategories&post=11608"},{"taxonomy":"post_tag","embeddable":true,"href":"https:\/\/verdadincomodadiario.ar\/index.php?rest_route=%2Fwp%2Fv2%2Ftags&post=11608"}],"curies":[{"name":"wp","href":"https:\/\/api.w.org\/{rel}","templated":true}]}}