{"id":11602,"date":"2025-07-20T01:33:07","date_gmt":"2025-07-20T01:33:07","guid":{"rendered":"https:\/\/verdadincomodadiario.ar\/?p=11602"},"modified":"2025-07-20T01:33:07","modified_gmt":"2025-07-20T01:33:07","slug":"mario-bergara-quiere-subir-la-contribucion-inmobiliaria","status":"publish","type":"post","link":"https:\/\/verdadincomodadiario.ar\/?p=11602","title":{"rendered":"Mario Bergara quiere subir la Contribuci\u00f3n Inmobiliaria"},"content":{"rendered":"<p>La intendencia de Montevideo est\u00e1 fundida por responsabilidad de las sucesivas administraciones del <strong>Frente Amplio<\/strong>, que la gobierna desde 1990.\u00a0<\/p>\n<p><strong>Tabar\u00e9 V\u00e1zquez<\/strong>\u00a0asumi\u00f3 como intendente en ese a\u00f1o, y hasta el d\u00eda de hoy el gobierno departamental contin\u00faa en manos del Frente Amplio, ahora con Bergara que acaba de asumir.<\/p>\n<h2>D\u00e9ficit gigantesco<\/h2>\n<p>La Intendencia cierra el per\u00edodo con un d\u00e9ficit que supera los 3.600 millones de pesos, <strong>ocho<\/strong> veces m\u00e1s que un a\u00f1o antes.\u00a0<\/p>\n<p>El gigantesco d\u00e9ficit se debe exclusivamente al <strong>despilfarro<\/strong>, el nepotismo, el amiguismo, y la <strong>corrupci\u00f3n<\/strong> que ha reinado en la comuna capitalina desde hace d\u00e9cadas.\u00a0<\/p>\n<p>El gobierno departamental recauda casi 2 millones de d\u00f3lares diarios por diferentes tributos, una cifra <strong>enormemente<\/strong> alta para un departamento de las caracter\u00edsticas de Montevideo.<\/p>\n<p>Sin embargo, el <strong>dinero<\/strong> nunca les alcanza.\u00a0<\/p>\n<h2>\u00bfPor qu\u00e9 el dinero no alcanza?<\/h2>\n<p>La respuesta es muy sencilla. La gesti\u00f3n es p\u00e9sima y el dinero se <strong>malgasta<\/strong> en primer lugar en sueldos privilegiados para sus funcionarios, que incluyen horas extras truchas que nunca se hicieron, tal cual se constat\u00f3 hace un par de meses.<\/p>\n<div class=\"inter_image image_horizontal\">\n<picture><source class=\"img-responsive\" type=\"image\/webp\" data-srcset=\"https:\/\/filesedc.com\/uploads\/image\/post\/2025\/07\/images-1752970282982_300_200.webp 300w, https:\/\/filesedc.com\/uploads\/image\/post\/2025\/07\/images-1752970282982_630_420.webp 630w, https:\/\/filesedc.com\/uploads\/image\/post\/2025\/07\/images-1752970282982_760_507.webp 760w, https:\/\/filesedc.com\/uploads\/image\/post\/2025\/07\/images-1752970282982_1200_800.webp 1200w, https:\/\/filesedc.com\/uploads\/image\/post\/2025\/07\/images-1752970282982_1600_1067.webp 1600w, \"><img decoding=\"async\" src=\"https:\/\/derechadiario.com.ar\/filesedc\/uploads\/image\/post\/2025\/07\/images-1752970282982_1200_800.webp\" class=\"img-responsive lazyload\" alt=\"Edificio de ladrillo con columnas blancas en la fachada y cielo despejado de fondo\" title=\"Edificio de ladrillo con columnas blancas en la fachada y cielo despejado de fondo\"><\/picture>\n<div>\n<span class=\"img_footer\">Intendencia de Montevideo  <\/span>| <span class=\"img_author\">La Derecha Diario<\/span>\n<\/div>\n<\/div>\n<p>La intendencia pag\u00f3 cientos de miles de horas extras a funcionarios, pero <strong>estas horas no eran trabajadas.<\/strong><\/p>\n<p>Eran los propios funcionarios los que inventaban las horas extras con la complicidad de los directores pol\u00edticos de la comuna.\u00a0<\/p>\n<p>Adem\u00e1s, la intendencia malgasta en asuntos innecesarios como el carnaval, que recibe varios <strong>millones<\/strong> de d\u00f3lares todos los a\u00f1os de diferente formas.<\/p>\n<p>Una <strong>subvenci\u00f3n<\/strong> para un supuesto espect\u00e1culo que est\u00e1 dirigido solo a un p\u00fablico de izquierda, y que desprecia a<\/p>\n<h2>Feminismo radical con dinero de todos<\/h2>\n<p>La intendencia de Montevideo tambi\u00e9n despilfarra en <strong>ideolog\u00eda de g\u00e9nero y feminismo radical.<\/strong><\/p>\n<p>Tienen a <strong>Comuna Mujer<\/strong>, oficina donde se discrimina el var\u00f3n y se fomentan las denuncias falsas de violencia de g\u00e9nero.<\/p>\n<p>En Comuna Mujer solo trabajan funcionarias mujeres, sean abogadas o administrativas, ya que los funcionarios varones no pueden desempe\u00f1arse en esa dependencia, por disposici\u00f3n de las autoridades de la intendencia.<\/p>\n<figure><img decoding=\"async\" src=\"https:\/\/derechadiario.com.ar\/filesedc\/uploads\/image\/post\/2025\/07\/descarga-1752970355685_1200_800.webp\" class=\"img-responsive lazyload\" alt=\"Mujer de cabello rubio y lacio con su\u00e9ter claro mirando a la c\u00e1mara en un ambiente interior desenfocado\" title=\"Mujer de cabello rubio y lacio con su\u00e9ter claro mirando a la c\u00e1mara en un ambiente interior desenfocado\"><\/figure>\n<p>Desde luego qui\u00e9nes pueden concurrir a Comuna Mujer son exclusivamente mujeres, no varones.<\/p>\n<p>Es decir que con el dinero que pagan todos los <strong>contribuyentes<\/strong> se discrimina a la mitad de la poblaci\u00f3n.\u00a0<\/p>\n<h2>El desastre de Cosse<\/h2>\n<p>De la mano de Carolina Cosse, a partir de 2020 la intendencia tambi\u00e9n ha malgastado en espect\u00e1culos &#8220;art\u00edsticos&#8221; totalmente innecesarios, que han costado <strong>millones<\/strong> de d\u00f3lares y que no lo reportan ninguna utilidad a los habitantes del departamento.\u00a0<\/p>\n<p>Se celebraron shows con enorme gasto que se pag\u00f3 con el dinero de los <strong>contribuyentes<\/strong>.\u00a0<\/p>\n<h2>Aumento de tributos<\/h2>\n<p>En los \u00faltimos d\u00edas se supo que Mauricio <strong>Zunino<\/strong>, que era el intendente suplente de Cosse, dej\u00f3 el cargo y hace unos d\u00edas realiz\u00f3 un mapeo a\u00e9reo de Montevideo.<\/p>\n<figure><img decoding=\"async\" src=\"https:\/\/derechadiario.com.ar\/filesedc\/uploads\/image\/post\/2025\/07\/senador-mario-bergara_1200_800.webp\" class=\"img-responsive lazyload\" alt=\"Hombre de cabello y barba canosos vistiendo traje oscuro y corbata roja frente a una pared de madera\" title=\"Hombre de cabello y barba canosos vistiendo traje oscuro y corbata roja frente a una pared de madera\"><\/figure>\n<p>La idea es relevar a los bienes inmuebles. De esta forma se pretende <strong>elevar<\/strong> el valor real del inmueble para aumentar la contribuci\u00f3n inmobiliaria.\u00a0<\/p>\n<p>El prop\u00f3sito es pura y exclusivamente a <strong>recaudar<\/strong>. Las diversas administraciones de izquierda <strong>desvalijaron<\/strong> las arcas de la intendencia, y como siempre, lo \u00fanico que se les ocurre es el aumento de tributos, castigar al contribuyente.<\/p>\n<p>Mientras, sigue el despilfarro, la <strong>corrupci\u00f3n<\/strong> y los acomodos.<\/p>\n","protected":false},"excerpt":{"rendered":"<p>La intendencia de Montevideo est\u00e1 fundida por responsabilidad de las sucesivas administraciones del Frente Amplio, que la gobierna desde 1990.\u00a0 Tabar\u00e9 V\u00e1zquez\u00a0asumi\u00f3 como intendente en ese a\u00f1o, y hasta el d\u00eda de hoy el gobierno departamental contin\u00faa en manos del Frente Amplio, ahora con Bergara que acaba de asumir. D\u00e9ficit gigantesco La Intendencia cierra el [&hellip;]<\/p>\n","protected":false},"author":2,"featured_media":11603,"comment_status":"open","ping_status":"open","sticky":false,"template":"","format":"standard","meta":{"_et_pb_use_builder":"","_et_pb_old_content":"","_et_gb_content_width":"","footnotes":""},"categories":[84],"tags":[],"class_list":["post-11602","post","type-post","status-publish","format-standard","has-post-thumbnail","hentry","category-ultimomomento"],"_links":{"self":[{"href":"https:\/\/verdadincomodadiario.ar\/index.php?rest_route=\/wp\/v2\/posts\/11602","targetHints":{"allow":["GET"]}}],"collection":[{"href":"https:\/\/verdadincomodadiario.ar\/index.php?rest_route=\/wp\/v2\/posts"}],"about":[{"href":"https:\/\/verdadincomodadiario.ar\/index.php?rest_route=\/wp\/v2\/types\/post"}],"author":[{"embeddable":true,"href":"https:\/\/verdadincomodadiario.ar\/index.php?rest_route=\/wp\/v2\/users\/2"}],"replies":[{"embeddable":true,"href":"https:\/\/verdadincomodadiario.ar\/index.php?rest_route=%2Fwp%2Fv2%2Fcomments&post=11602"}],"version-history":[{"count":0,"href":"https:\/\/verdadincomodadiario.ar\/index.php?rest_route=\/wp\/v2\/posts\/11602\/revisions"}],"wp:featuredmedia":[{"embeddable":true,"href":"https:\/\/verdadincomodadiario.ar\/index.php?rest_route=\/wp\/v2\/media\/11603"}],"wp:attachment":[{"href":"https:\/\/verdadincomodadiario.ar\/index.php?rest_route=%2Fwp%2Fv2%2Fmedia&parent=11602"}],"wp:term":[{"taxonomy":"category","embeddable":true,"href":"https:\/\/verdadincomodadiario.ar\/index.php?rest_route=%2Fwp%2Fv2%2Fcategories&post=11602"},{"taxonomy":"post_tag","embeddable":true,"href":"https:\/\/verdadincomodadiario.ar\/index.php?rest_route=%2Fwp%2Fv2%2Ftags&post=11602"}],"curies":[{"name":"wp","href":"https:\/\/api.w.org\/{rel}","templated":true}]}}