{"id":11598,"date":"2025-07-19T22:29:29","date_gmt":"2025-07-19T22:29:29","guid":{"rendered":"https:\/\/verdadincomodadiario.ar\/?p=11598"},"modified":"2025-07-19T22:29:29","modified_gmt":"2025-07-19T22:29:29","slug":"justicia-incompetente-ruth-nina-no-declaro-y-juez-remitio-su-caso-al-chapare","status":"publish","type":"post","link":"https:\/\/verdadincomodadiario.ar\/?p=11598","title":{"rendered":"&#8221;Justicia incompetente&#8221;: Ruth Nina no declar\u00f3 y juez remiti\u00f3 su caso al Chapare"},"content":{"rendered":"<p><a href=\"https:\/\/derechadiario.com.ar\/bolivia\/politica\/ruth-nina-indico-que-impedir-que-evo-morales-sea-candidato-declarar-guerra\" title=\"Ruth Nina indic\u00f3 que impedir que Evo Morales sea candidato es declarar la guerra\">Ruth Nina, ferviente adoradora del exdictador Evo Morales<\/a>, <strong>no se present\u00f3 a declarar en la Fiscal\u00eda<\/strong>\u00a0 de Cochabamba el viernes. Su proceso <strong>fue trasladado al Chapare tras una decisi\u00f3n del Juzgado<\/strong>\u00a0 de Instrucci\u00f3n Penal N\u00b08.<\/p>\n<p>La instancia judicial se declar\u00f3 incompetente para continuar con la causa. Se\u00f1al\u00f3 que <a href=\"https:\/\/derechadiario.com.ar\/bolivia\/politica\/ruth-nina-anticipo-bano-sangre-tse-solo-contar-muertos\" title=\"Ruth Nina anticip\u00f3 un ba\u00f1o de sangre: El TSE solo 'va a contar muertos'\">las amenazas contra el TSE fueron realizadas en Lauca \u00d1<\/a>, zona del tr\u00f3pico cochabambino. Por ese motivo, <strong>orden\u00f3 remitir el caso a Shinahota<\/strong>.<\/p>\n<p>La denuncia fue activada por el Comit\u00e9 Nacional de Defensa de la Democracia (Conade). Esta organizaci\u00f3n asegur\u00f3 que <a href=\"https:\/\/derechadiario.com.ar\/bolivia\/politica\/denunciaron-terrorista-ruth-nina-civicos-le-pidieron-entregarse-justicia\" title=\"Denunciaron a la terrorista Ruth Nina: C\u00edvicos le pidieron entregarse a la Justicia\">Nina habr\u00eda cometido delitos al afirmar que el 17 de agosto \u201cvan a contar muertos y no votos\u201d<\/a>. Tales declaraciones se hicieron p\u00fablicas durante un ampliado pol\u00edtico del evismo.<\/p>\n<p>El evento tuvo lugar en Lauca \u00d1, basti\u00f3n del expresidente Evo Morales. Por este hecho <strong>se la acusa de instigaci\u00f3n, amenazas y delitos electorales<\/strong>.<\/p>\n<p>La Fiscal\u00eda admiti\u00f3 la denuncia y cit\u00f3 a Nina para que declare. La convocatoria estaba prevista para el pasado viernes en la ciudad de Cochabamba.<\/p>\n<p>Sin embargo, la dirigente del extinto Pan-Bol no se present\u00f3. Aleg\u00f3 que su caso ya fue transferido a otra jurisdicci\u00f3n. Su defensa sostuvo que no correspond\u00eda comparecer ante un juzgado sin competencia.<\/p>\n<p>El abogado de Nina afirm\u00f3 que la decisi\u00f3n judicial fue legal y definitiva. Explic\u00f3 que, seg\u00fan el C\u00f3digo de Procedimiento Penal, \u00a0<strong>los hechos deben investigarse donde se cometieron<\/strong>. A\u00f1adi\u00f3 que no se trata de una maniobra para eludir la justicia.<\/p>\n<p>Seg\u00fan el jurista, la denuncia carece de sustento legal s\u00f3lido. Aclar\u00f3 que Nina no vive en Cercado, sino en otra regi\u00f3n.<\/p>\n<h2>Conade\u00a0pidi\u00f3 capturar a Nina<\/h2>\n<div class=\"inter_image image_horizontal\">\n<picture><source class=\"img-responsive\" type=\"image\/webp\" data-srcset=\"https:\/\/filesedc.com\/uploads\/image\/post\/2025\/07\/conade_300_200.webp 300w, https:\/\/filesedc.com\/uploads\/image\/post\/2025\/07\/conade_630_420.webp 630w, https:\/\/filesedc.com\/uploads\/image\/post\/2025\/07\/conade_760_507.webp 760w, https:\/\/filesedc.com\/uploads\/image\/post\/2025\/07\/conade_1200_800.webp 1200w, https:\/\/filesedc.com\/uploads\/image\/post\/2025\/07\/conade_1600_1067.webp 1600w, \"><img decoding=\"async\" src=\"https:\/\/derechadiario.com.ar\/filesedc\/uploads\/image\/post\/2025\/07\/conade_1200_800.webp\" class=\"img-responsive lazyload\" alt=\"Personas sostienen una pancarta blanca con el logo de CONADE y el texto Comit\u00e9 Nacional de Defensa de la Democracia durante una manifestaci\u00f3n\" title=\"Personas sostienen una pancarta blanca con el logo de CONADE y el texto Comit\u00e9 Nacional de Defensa de la Democracia durante una manifestaci\u00f3n\"><\/picture>\n<div>\n<span class=\"img_footer\">Conade lament\u00f3 la determinaci\u00f3n judicial <\/span>| <span class=\"img_author\">La Derecha Diario<\/span>\n<\/div>\n<\/div>\n<p>Por su parte, <strong>el Conade rechaz\u00f3 la decisi\u00f3n del juzgado cochabambino<\/strong>. Sus representantes <strong>aseguran que Nina s\u00ed reside en la ciudad de Cochabamba<\/strong>. Anunciaron que presentar\u00e1n pruebas para demostrarlo ante las autoridades.<\/p>\n<p>\u00a0Adem\u00e1s, <strong>exigieron que se ordene su aprehensi\u00f3n de inmediato<\/strong>. Consideran que existe un intento de encubrimiento pol\u00edtico.<\/p>\n<p>La resoluci\u00f3n judicial menciona que no se hallaron elementos que acrediten que el hecho ocurri\u00f3 en Cercado. En cambio, indica que las declaraciones fueron dadas en Lauca \u00d1.<\/p>\n<p>El documento se\u00f1ala que ese lugar est\u00e1 bajo la jurisdicci\u00f3n del juzgado de Shinahota. En consecuencia, remitir el caso era lo que correspond\u00eda. La Fiscal\u00eda acat\u00f3 esa disposici\u00f3n.<\/p>\n<h2>Nina neg\u00f3 haber cometido un delito<\/h2>\n<figure><img decoding=\"async\" src=\"https:\/\/derechadiario.com.ar\/filesedc\/uploads\/image\/post\/2025\/07\/2017120210275424658_1200_800.webp\" class=\"img-responsive lazyload\" alt=\"Persona depositando su voto en una urna mientras otras personas esperan en fila en un ambiente al aire libre\" title=\"Persona depositando su voto en una urna mientras otras personas esperan en fila en un ambiente al aire libre\"><\/figure>\n<p>Ruth Nina convoc\u00f3 a una conferencia de prensa el mismo d\u00eda que deb\u00eda declarar. <strong>Asegur\u00f3 que no cometi\u00f3 ning\u00fan delito con sus palabras<\/strong>. Critic\u00f3 que se intente criminalizar los discursos pol\u00edticos.<\/p>\n<p>Sostuvo que todo se debe a <strong>una persecuci\u00f3n por su afinidad con Evo Morales, sindicado por pedofilia<\/strong>\u00a0 . Dijo que incluso deber\u00eda llevar un diccionario para no ser malinterpretada.<\/p>\n<p>La dirigente reiter\u00f3 que expres\u00f3 su rechazo a la exclusi\u00f3n de Evo Morales y Pan-Bol del proceso electoral. En ese contexto, lanz\u00f3 la pol\u00e9mica advertencia sobre los votos y los muertos.<\/p>\n<p>Sus abogados afirmaron que \u00a0<strong>fue una frase pol\u00e9mica, pero no delictiva<\/strong>. Alegaron que la libertad de expresi\u00f3n debe protegerse. Criticaron que se intente usar el sistema penal como castigo pol\u00edtico.<\/p>\n<p>Actualmente <strong>hay tres denuncias en su contra por el mismo hecho<\/strong>. Estas fueron presentadas en los departamentos de La Paz, Santa Cruz y Cochabamba. Hasta ahora solo la de Cochabamba hab\u00eda avanzado formalmente.<\/p>\n<p>El traslado a Shinahota genera preocupaci\u00f3n entre sectores que <strong>temen un cierre irregular del caso<\/strong>. La cercan\u00eda pol\u00edtica de Nina con el evismo alimenta esas sospechas.<\/p>\n<h2>La jueza se declar\u00f3 incompetente<\/h2>\n<figure><img decoding=\"async\" src=\"https:\/\/derechadiario.com.ar\/filesedc\/uploads\/image\/post\/2025\/07\/imagen-de-whatsapp-2025-05-07-a-las-231320-2b613d1e_1200_800.webp\" class=\"img-responsive lazyload\" alt=\"Mazo de juez sobre una mesa con monedas apiladas, libros abiertos y una balanza de la justicia al fondo\" title=\"Mazo de juez sobre una mesa con monedas apiladas, libros abiertos y una balanza de la justicia al fondo\"><\/figure>\n<p>La jueza de Cochabamba bas\u00f3 su decisi\u00f3n en criterios legales establecidos. Indic\u00f3 que no es posible tramitar un proceso en una zona sin jurisdicci\u00f3n. La defensa de Nina us\u00f3 ese argumento para justificar su inasistencia.<\/p>\n<p>Tambi\u00e9n afirmaron que <strong>ya notificaron su disposici\u00f3n para declarar en el Chapare<\/strong>. Aseguran que no hay voluntad de fugar ni ocultarse.<\/p>\n<p><a href=\"https:\/\/derechadiario.com.ar\/bolivia\/politica\/gobierno-acuso-al-exdictador-evo-morales-obligar-los-campesinos-protegerlo\" title=\"El Gobierno acus\u00f3 al exdictador Evo Morales de obligar a los campesinos a protegerlo\">El tr\u00f3pico cochabambino es considerado basti\u00f3n del evismo<\/a>. Muchos opositores advierten que <strong>esa regi\u00f3n ofrece condiciones para proteger a figuras afines a Morales<\/strong>. Por eso, el traslado del caso gener\u00f3 una ola de cr\u00edticas.<\/p>\n<p>Organizaciones como el Conade denuncian parcialidad en el sistema judicial. Insisten en que debe garantizarse un proceso imparcial.<\/p>\n<h2>El evismo respalda las amenazas<\/h2>\n<figure><img decoding=\"async\" src=\"https:\/\/derechadiario.com.ar\/filesedc\/uploads\/image\/post\/2025\/07\/el-evismo-reta-a-candidatos-a-entrar-al-tropico-y-las-fuerzas-politicas-planean-estrategias-para-hacerlo-2025-07-08_1200_800.webp\" class=\"img-responsive lazyload\" alt=\"Grupo de personas ind\u00edgenas manifest\u00e1ndose con palos de madera en las manos, algunas de ellas expresando emociones fuertes\" title=\"Grupo de personas ind\u00edgenas manifest\u00e1ndose con palos de madera en las manos, algunas de ellas expresando emociones fuertes\"><\/figure>\n<p>Vicente Choque, dirigente evista, advirti\u00f3 que hay un intento de detener a Nina. Afirm\u00f3 que incluso recibieron alertas de posibles operativos.<\/p>\n<p>Por ello anunci\u00f3 que <strong>militantes escoltar\u00e1n a la dirigente si acude a declarar<\/strong>. Asegur\u00f3 que ya est\u00e1n coordinando con bases del Chapare. Para ellos, se trata de una lucha contra la represi\u00f3n pol\u00edtica.<\/p>\n<p>Los denunciantes\u00a0insisten en que se est\u00e1 favoreciendo a Nina\u00a0al trasladar el caso al Chapare. Advierten que \u00a0<strong>el cambio de jurisdicci\u00f3n entorpecer\u00e1 el caso<\/strong>.<\/p>\n<p>Consideran que hay elementos suficientes para ordenar su aprehensi\u00f3n. Sostienen que <strong>la inasistencia fue una falta grave<\/strong>. Esperan que la Fiscal\u00eda act\u00fae con imparcialidad.<\/p>\n<p>En medio de este escenario, el Ministerio P\u00fablico no ha emitido una nueva citaci\u00f3n. Tampoco confirm\u00f3 la fecha exacta en que se retomar\u00e1 la declaraci\u00f3n de Nina.<\/p>\n<p>Mientras tanto, la pol\u00e9mica sigue creciendo. La dirigente evista mantiene su postura desafiante. La justicia por su parte, la benefici\u00f3 con el traslado del caso.\u00a0<\/p>\n","protected":false},"excerpt":{"rendered":"<p>Ruth Nina, ferviente adoradora del exdictador Evo Morales, no se present\u00f3 a declarar en la Fiscal\u00eda\u00a0 de Cochabamba el viernes. Su proceso fue trasladado al Chapare tras una decisi\u00f3n del Juzgado\u00a0 de Instrucci\u00f3n Penal N\u00b08. La instancia judicial se declar\u00f3 incompetente para continuar con la causa. Se\u00f1al\u00f3 que las amenazas contra el TSE fueron realizadas [&hellip;]<\/p>\n","protected":false},"author":2,"featured_media":11599,"comment_status":"open","ping_status":"open","sticky":false,"template":"","format":"standard","meta":{"_et_pb_use_builder":"","_et_pb_old_content":"","_et_gb_content_width":"","footnotes":""},"categories":[84],"tags":[],"class_list":["post-11598","post","type-post","status-publish","format-standard","has-post-thumbnail","hentry","category-ultimomomento"],"_links":{"self":[{"href":"https:\/\/verdadincomodadiario.ar\/index.php?rest_route=\/wp\/v2\/posts\/11598","targetHints":{"allow":["GET"]}}],"collection":[{"href":"https:\/\/verdadincomodadiario.ar\/index.php?rest_route=\/wp\/v2\/posts"}],"about":[{"href":"https:\/\/verdadincomodadiario.ar\/index.php?rest_route=\/wp\/v2\/types\/post"}],"author":[{"embeddable":true,"href":"https:\/\/verdadincomodadiario.ar\/index.php?rest_route=\/wp\/v2\/users\/2"}],"replies":[{"embeddable":true,"href":"https:\/\/verdadincomodadiario.ar\/index.php?rest_route=%2Fwp%2Fv2%2Fcomments&post=11598"}],"version-history":[{"count":0,"href":"https:\/\/verdadincomodadiario.ar\/index.php?rest_route=\/wp\/v2\/posts\/11598\/revisions"}],"wp:featuredmedia":[{"embeddable":true,"href":"https:\/\/verdadincomodadiario.ar\/index.php?rest_route=\/wp\/v2\/media\/11599"}],"wp:attachment":[{"href":"https:\/\/verdadincomodadiario.ar\/index.php?rest_route=%2Fwp%2Fv2%2Fmedia&parent=11598"}],"wp:term":[{"taxonomy":"category","embeddable":true,"href":"https:\/\/verdadincomodadiario.ar\/index.php?rest_route=%2Fwp%2Fv2%2Fcategories&post=11598"},{"taxonomy":"post_tag","embeddable":true,"href":"https:\/\/verdadincomodadiario.ar\/index.php?rest_route=%2Fwp%2Fv2%2Ftags&post=11598"}],"curies":[{"name":"wp","href":"https:\/\/api.w.org\/{rel}","templated":true}]}}