{"id":11596,"date":"2025-07-19T22:29:30","date_gmt":"2025-07-19T22:29:30","guid":{"rendered":"https:\/\/verdadincomodadiario.ar\/?p=11596"},"modified":"2025-07-19T22:29:30","modified_gmt":"2025-07-19T22:29:30","slug":"luis-arce-le-suplico-unidad-a-la-izquierda-cocaleros-la-condicionaron-en-torno-a-evo","status":"publish","type":"post","link":"https:\/\/verdadincomodadiario.ar\/?p=11596","title":{"rendered":"Luis Arce le suplic\u00f3 unidad a la izquierda: Cocaleros la condicionaron en torno a Evo"},"content":{"rendered":"<p><a href=\"https:\/\/derechadiario.com.ar\/bolivia\/politica\/economista-fracasado-socialista-luis-arce-defendio-su-modelo-empobrecedor\" title=\"Economista fracasado: El socialista Luis Arce defendi\u00f3 su modelo empobrecedor\">El socialista Luis Arce implor\u00f3 abiertamente la unidad de la izquierda<\/a> rumbo a las elecciones de agosto. Dijo que <strong>el Gobierno puede ser un \u201ccatalizador\u201d de los frentes divididos<\/strong>.<\/p>\n<p>Lo hizo luego de que \u00a0<strong>las encuestas revelaran una baja dr\u00e1stica en la preferencia por los candidatos del MAS<\/strong>. Ninguno supera el 10 por ciento. Andr\u00f3nico Rodr\u00edguez, por ejemplo, cay\u00f3 m\u00e1s de seis puntos en solo un mes.<\/p>\n<p>Arce se\u00f1al\u00f3 que <strong>convocar\u00e1 a todos los l\u00edderes de izquierda<\/strong>. Su objetivo es <strong>evitar una derrota inminente en los comicios de agosto<\/strong>.<\/p>\n<p>Sugiri\u00f3 que <strong>es una \u201cobligaci\u00f3n\u201d consolidar un solo bloque socialista<\/strong>. Su mensaje busc\u00f3 apaciguar a los sectores que se alejaron del masismo. Pero termin\u00f3 exacerbando el rechazo del ala evista.<\/p>\n<h2>Rechazo del evismo<\/h2>\n<div class=\"inter_image image_horizontal\">\n<picture><source class=\"img-responsive\" type=\"image\/webp\" data-srcset=\"https:\/\/filesedc.com\/uploads\/image\/post\/2025\/07\/5b193216-3b06-40dd-a8be-6e866051a9b2_300_200.webp 300w, https:\/\/filesedc.com\/uploads\/image\/post\/2025\/07\/5b193216-3b06-40dd-a8be-6e866051a9b2_630_420.webp 630w, https:\/\/filesedc.com\/uploads\/image\/post\/2025\/07\/5b193216-3b06-40dd-a8be-6e866051a9b2_760_507.webp 760w, https:\/\/filesedc.com\/uploads\/image\/post\/2025\/07\/5b193216-3b06-40dd-a8be-6e866051a9b2_1200_800.webp 1200w, https:\/\/filesedc.com\/uploads\/image\/post\/2025\/07\/5b193216-3b06-40dd-a8be-6e866051a9b2_1600_1067.webp 1600w, \"><img decoding=\"async\" src=\"https:\/\/derechadiario.com.ar\/filesedc\/uploads\/image\/post\/2025\/07\/5b193216-3b06-40dd-a8be-6e866051a9b2_1200_800.webp\" class=\"img-responsive lazyload\" alt=\"Un hombre sentado en una silla frente a varios micr\u00f3fonos durante una conferencia de prensa, con dos personas de pie al fondo y banderas de Bolivia detr\u00e1s.\" title=\"Un hombre sentado en una silla frente a varios micr\u00f3fonos durante una conferencia de prensa, con dos personas de pie al fondo y banderas de Bolivia detr\u00e1s.\"><\/picture>\n<div>\n<span class=\"img_footer\">Evistas criticaron la propuesta <\/span>| <span class=\"img_author\">La Derecha Diario<\/span>\n<\/div>\n<\/div>\n<p>Desde el entorno de Evo Morales respondieron con dureza. <a href=\"https:\/\/derechadiario.com.ar\/bolivia\/politica\/cocalero-leonardo-loza-exigio-respeto-para-terrorista-ruth-nina\" title=\"El cocalero Leonardo Loza exigi\u00f3 respeto para la terrorista Ruth Nina\">El senador Leonardo Loza condicion\u00f3 la unidad a la habilitaci\u00f3n de Morales<\/a>.<\/p>\n<p>Seg\u00fan Loza, sin Evo no hay izquierda ni posibilidad de convergencia. \u00a0<strong>\u201cM\u00e1s all\u00e1 solo son discursos\u201d<\/strong>, afirm\u00f3. El evismo considera ileg\u00edtimo el liderazgo de Arce.<\/p>\n<p>Evo Morales tambi\u00e9n rechaz\u00f3 la propuesta presidencial. Dijo que no se puede hablar de unidad tapando traiciones. Afirm\u00f3 que el pueblo vot\u00f3 por una izquierda con principios.<\/p>\n<p><a href=\"https:\/\/derechadiario.com.ar\/bolivia\/politica\/con-solo-1-respaldo-luis-arce-manifesto-su-deseo-ganar-las-elecciones\" title=\"Con solo 1% de respaldo: Luis Arce manifest\u00f3 su deseo de ganar las elecciones\">Luego acus\u00f3 a Arce de llevar al MAS del 55 por ciento al 1 por ciento<\/a>. Seg\u00fan \u00e9l, el actual Gobierno no representa a la verdadera izquierda.<\/p>\n<p>Otros dirigentes evistas tambi\u00e9n descalificaron la convocatoria. El diputado H\u00e9ctor Arce dijo que \u00a0<strong>el llamado evidencia el fracaso electoral<\/strong>. Se\u00f1al\u00f3 que los candidatos masistas no llegar\u00e1n ni al 11 por ciento.<\/p>\n<p>Adem\u00e1s, mencion\u00f3 que <strong>el Gobierno ya asumi\u00f3 que perdi\u00f3 las elecciones<\/strong>. Para \u00e9l, el mensaje de unidad solo es una maniobra pol\u00edtica.<\/p>\n<p>La concejal alte\u00f1a Wilma Alanoca fue a\u00fan m\u00e1s cr\u00edtica. Asegur\u00f3 que Arce deber\u00eda convocar a la derecha. Dijo que su \u201cverdadero bloque\u201d es la oposici\u00f3n tradicional.<\/p>\n<p>Asimismo, acus\u00f3 al presidente de pactar con sus supuestos adversarios. Y lo culp\u00f3 de garantizar impunidad a trav\u00e9s de esos acuerdos. Afirm\u00f3 que Evo representa la \u00fanica alternativa popular.<\/p>\n<h2>Los datos anticipan la ca\u00edda del r\u00e9gimen<\/h2>\n<figure><img decoding=\"async\" src=\"https:\/\/derechadiario.com.ar\/filesedc\/uploads\/image\/post\/2025\/07\/ar-750x386_1200_800.webp\" class=\"img-responsive lazyload\" alt=\"Un grupo de personas posando juntas en un espacio interior con ventanales grandes y una ciudad en el fondo\" title=\"Un grupo de personas posando juntas en un espacio interior con ventanales grandes y una ciudad en el fondo\"><\/figure>\n<p>Las recientes encuestas muestran que candidatos surgidos del masismo han quedado estancados. <a href=\"https:\/\/derechadiario.com.ar\/bolivia\/politica\/del-castillo-socio-los-avasalladores-propietaria-predio-avasallado-lo-acuso\" title=\"Del Castillo es socio de los avasalladores: Propietaria de predio invadido lo acus\u00f3\">Eduardo del Castillo apenas subi\u00f3 de 1,69<\/a> a 1,92 por ciento. Eva Copa baj\u00f3 de 1,41 a 1,14 por ciento.<\/p>\n<p>Solo Andr\u00f3nico Rodr\u00edguez ten\u00eda cifras relevantes. Pero, a pesar de eso Rodr\u00edguez pas\u00f3 del tercer al cuarto lugar, con una ca\u00edda notoria. La tendencia es negativa para todo el bloque masista.<\/p>\n<p>F\u00e9lix Patzi, de Alianza Popular, propuso una unidad pr\u00e1ctica. Dijo que el apoyo debe concentrarse en el mejor posicionado. <strong>Considera que Andr\u00f3nico podr\u00eda pasar a segunda vuelta<\/strong>.<\/p>\n<p>Pero cree que el adversario ser\u00eda Tuto Quiroga, no Samuel Doria Medina. Su propuesta busca eficiencia m\u00e1s que identidad ideol\u00f3gica.<\/p>\n<p>Los voceros del <strong>MAS insisten en que su candidato es Eduardo del Castillo<\/strong>. Aseguran que todas las organizaciones sociales lo respaldan. Mencionan a los interculturales, las Bartolinas y la CSUTCB.<\/p>\n<p>Sin embargo, <strong>las cifras de las encuestas no respaldan esa versi\u00f3n<\/strong>. El respaldo popular parece cada vez m\u00e1s esquivo.<\/p>\n<h2>Los &#8216;opositores&#8217; buscan capturar el voto indeciso\u00a0\u00a0<\/h2>\n<figure><img decoding=\"async\" src=\"https:\/\/derechadiario.com.ar\/filesedc\/uploads\/image\/post\/2025\/07\/1750903387_1200_800.webp\" class=\"img-responsive lazyload\" alt=\"Seis personas de pie en un escenario durante un evento formal con un fondo verde y un logotipo relacionado con la agricultura y la ganader\u00eda.\" title=\"Seis personas de pie en un escenario durante un evento formal con un fondo verde y un logotipo relacionado con la agricultura y la ganader\u00eda.\"><\/figure>\n<p>Los opositores, en cambio, intensifican su campa\u00f1a, Samuel Doria Medina lidera con m\u00e1s del 21 por ciento. Le sigue Tuto Quiroga con poco m\u00e1s del 20. Y Manfred Reyes Villa aparece en tercer lugar.<\/p>\n<p>Todos \u00a0<strong>apuestan al llamado \u201cvoto \u00fatil\u201d<\/strong>. Buscan <strong>captar a los indecisos y desplazar a los rezagados<\/strong>.<\/p>\n<p>Desde Alianza Unidad, su vocero dijo que la campa\u00f1a se redoblar\u00e1. Afirm\u00f3 que quieren ampliar la ventaja. <strong>Critic\u00f3 a los candidatos que \u201cno tienen chance\u201d<\/strong>.<\/p>\n<p>Adem\u00e1s, remarc\u00f3 que un gobierno de oposici\u00f3n necesita mayor\u00eda legislativa. El objetivo es consolidar un bloque con peso parlamentario.<\/p>\n<p>El vocero de Libre tambi\u00e9n conf\u00eda en el ascenso de Tuto. Asegur\u00f3 que su presencia territorial es clave. Dijo que las otras candidaturas caer\u00e1n pronto.<\/p>\n<p>Asimismo, <strong>adelant\u00f3 que el electorado migrar\u00e1 hacia las opciones m\u00e1s fuertes<\/strong>. La vocera de S\u00famate, por su parte, destac\u00f3 el crecimiento de Manfred.<\/p>\n<p>Las cifras de voto blanco e indecisi\u00f3n tambi\u00e9n aumentaron, el voto blanco subi\u00f3 casi cinco puntos en un mes. <strong>El voto nulo baj\u00f3 levemente y los indecisos pasaron del 3 al 5 por ciento<\/strong>.<\/p>\n<p>Estos m\u00e1rgenes a\u00fan podr\u00edan definir el resultado final. La fragmentaci\u00f3n de la izquierda aparentemente ha beneficiado los candidatos que dicen ser la oposici\u00f3n al socialismo.<\/p>\n","protected":false},"excerpt":{"rendered":"<p>El socialista Luis Arce implor\u00f3 abiertamente la unidad de la izquierda rumbo a las elecciones de agosto. Dijo que el Gobierno puede ser un \u201ccatalizador\u201d de los frentes divididos. Lo hizo luego de que \u00a0las encuestas revelaran una baja dr\u00e1stica en la preferencia por los candidatos del MAS. Ninguno supera el 10 por ciento. Andr\u00f3nico [&hellip;]<\/p>\n","protected":false},"author":2,"featured_media":11597,"comment_status":"open","ping_status":"open","sticky":false,"template":"","format":"standard","meta":{"_et_pb_use_builder":"","_et_pb_old_content":"","_et_gb_content_width":"","footnotes":""},"categories":[84],"tags":[],"class_list":["post-11596","post","type-post","status-publish","format-standard","has-post-thumbnail","hentry","category-ultimomomento"],"_links":{"self":[{"href":"https:\/\/verdadincomodadiario.ar\/index.php?rest_route=\/wp\/v2\/posts\/11596","targetHints":{"allow":["GET"]}}],"collection":[{"href":"https:\/\/verdadincomodadiario.ar\/index.php?rest_route=\/wp\/v2\/posts"}],"about":[{"href":"https:\/\/verdadincomodadiario.ar\/index.php?rest_route=\/wp\/v2\/types\/post"}],"author":[{"embeddable":true,"href":"https:\/\/verdadincomodadiario.ar\/index.php?rest_route=\/wp\/v2\/users\/2"}],"replies":[{"embeddable":true,"href":"https:\/\/verdadincomodadiario.ar\/index.php?rest_route=%2Fwp%2Fv2%2Fcomments&post=11596"}],"version-history":[{"count":0,"href":"https:\/\/verdadincomodadiario.ar\/index.php?rest_route=\/wp\/v2\/posts\/11596\/revisions"}],"wp:featuredmedia":[{"embeddable":true,"href":"https:\/\/verdadincomodadiario.ar\/index.php?rest_route=\/wp\/v2\/media\/11597"}],"wp:attachment":[{"href":"https:\/\/verdadincomodadiario.ar\/index.php?rest_route=%2Fwp%2Fv2%2Fmedia&parent=11596"}],"wp:term":[{"taxonomy":"category","embeddable":true,"href":"https:\/\/verdadincomodadiario.ar\/index.php?rest_route=%2Fwp%2Fv2%2Fcategories&post=11596"},{"taxonomy":"post_tag","embeddable":true,"href":"https:\/\/verdadincomodadiario.ar\/index.php?rest_route=%2Fwp%2Fv2%2Ftags&post=11596"}],"curies":[{"name":"wp","href":"https:\/\/api.w.org\/{rel}","templated":true}]}}