{"id":11594,"date":"2025-07-19T22:29:31","date_gmt":"2025-07-19T22:29:31","guid":{"rendered":"https:\/\/verdadincomodadiario.ar\/?p=11594"},"modified":"2025-07-19T22:29:31","modified_gmt":"2025-07-19T22:29:31","slug":"biden-financio-a-opositores-de-netanyahu-con-el-dinero-de-los-contribuyentes","status":"publish","type":"post","link":"https:\/\/verdadincomodadiario.ar\/?p=11594","title":{"rendered":"Biden financi\u00f3 a opositores de Netanyahu con el dinero de los contribuyentes"},"content":{"rendered":"<p>Una investigaci\u00f3n del Congreso de los Estados Unidos desat\u00f3 una fuerte controversia tras revelar que <strong>fondos federales habr\u00edan sido utilizados para apoyar protestas contra el gobierno del primer ministro israel\u00ed Benjam\u00edn Netanyahu<\/strong>.<\/p>\n<p><a href=\"https:\/\/derechadiario.com.ar\/israel\/politica\/historico-trump-envio-su-embajador-al-juicio-contra-netanyahu-para-dar-su-apoyo\" title=\"Hist\u00f3rico: Trump envi\u00f3 a su embajador al juicio contra Netanyahu para dar su apoyo\"><strong>A diferencia del actual mandatario, Donald Trump, que defiende la democracia israel\u00ed<\/strong><\/a>, Biden apoy\u00f3 a movimientos que buscaban derrocar al PM electo.<\/p>\n<p>El informe, presentado por los comit\u00e9s de Asuntos Judiciales y Exteriores de la C\u00e1mara de Representantes, sostiene que durante <strong>la administraci\u00f3n Biden-Harris se otorgaron subvenciones a organizaciones que \u201ccontribuyeron directa e indirectamente a las manifestaciones contra la reforma judicial en Israel en 2023\u201d<\/strong>.<\/p>\n<div class=\"inter_image image_horizontal\">\n<picture><source class=\"img-responsive\" type=\"image\/webp\" data-srcset=\"https:\/\/filesedc.com\/uploads\/image\/post\/2025\/07\/harris-1752954247747_300_200.webp 300w, https:\/\/filesedc.com\/uploads\/image\/post\/2025\/07\/harris-1752954247747_630_420.webp 630w, https:\/\/filesedc.com\/uploads\/image\/post\/2025\/07\/harris-1752954247747_760_507.webp 760w, https:\/\/filesedc.com\/uploads\/image\/post\/2025\/07\/harris-1752954247747_1200_800.webp 1200w, https:\/\/filesedc.com\/uploads\/image\/post\/2025\/07\/harris-1752954247747_1600_1067.webp 1600w, \"><img decoding=\"async\" src=\"https:\/\/derechadiario.com.ar\/filesedc\/uploads\/image\/post\/2025\/07\/harris-1752954247747_1200_800.webp\" class=\"img-responsive lazyload\" alt=\"Mujer de cabello casta\u00f1o hablando frente a dos micr\u00f3fonos con las manos levantadas y expresi\u00f3n seria\" title=\"Mujer de cabello casta\u00f1o hablando frente a dos micr\u00f3fonos con las manos levantadas y expresi\u00f3n seria\"><\/picture>\n<div>\n<span class=\"img_footer\">La ex presidenta de EEUU, Kamala Harris <\/span>| <span class=\"img_author\">La Derecha Diario<\/span>\n<\/div>\n<\/div>\n<p>Entre los grupos beneficiados se encuentran Blue and White Future y el Movimiento por la Calidad del Gobierno en Israel, ambos con <strong>una activa participaci\u00f3n en la oposici\u00f3n a las reformas propuestas por Netanyahu<\/strong>.<\/p>\n<p>Seg\u00fan la investigaci\u00f3n, <strong>estas actividades podr\u00edan violar la legislaci\u00f3n israel\u00ed<\/strong>, que restringe el accionar pol\u00edtico de las organizaciones sin fines de lucro.<\/p>\n<p>Pero las implicancias van m\u00e1s all\u00e1 del debate judicial interno israel\u00ed. El documento tambi\u00e9n advierte que <strong>la administraci\u00f3n estadounidense habr\u00eda financiado indirectamente organizaciones con v\u00ednculos con grupos terroristas<\/strong>\u00a0 designados por EE.UU., como Hamas.<\/p>\n<p><strong>La ONG Bayader Association for Environment and Development, con sede en Gaza, recibi\u00f3 casi un mill\u00f3n de d\u00f3lares en fondos estadounidenses desde 2016<\/strong>, pese a haber realizado actos conjuntos con l\u00edderes de Hamas, incluso d\u00edas antes de la masacre del 7 de octubre.<\/p>\n<p>Desde el partido Likud calificaron estos hallazgos como <strong>\u201cun intento deliberado de socavar al gobierno democr\u00e1tico y leg\u00edtimamente electo de Israel\u201d<\/strong>.<\/p>\n<p>En palabras del propio Netanyahu, se trat\u00f3 de \u201cuna injerencia externa que alent\u00f3 la desobediencia civil y profundiz\u00f3 la fractura social\u201d.<\/p>\n<p>Hay algo que queda claro: por suerte, <strong>los estadounidenses votaron con la cabeza, y no eligieron a Kamala Harris como presidenta<\/strong>.<\/p>\n","protected":false},"excerpt":{"rendered":"<p>Una investigaci\u00f3n del Congreso de los Estados Unidos desat\u00f3 una fuerte controversia tras revelar que fondos federales habr\u00edan sido utilizados para apoyar protestas contra el gobierno del primer ministro israel\u00ed Benjam\u00edn Netanyahu. A diferencia del actual mandatario, Donald Trump, que defiende la democracia israel\u00ed, Biden apoy\u00f3 a movimientos que buscaban derrocar al PM electo. El [&hellip;]<\/p>\n","protected":false},"author":2,"featured_media":11595,"comment_status":"open","ping_status":"open","sticky":false,"template":"","format":"standard","meta":{"_et_pb_use_builder":"","_et_pb_old_content":"","_et_gb_content_width":"","footnotes":""},"categories":[84],"tags":[],"class_list":["post-11594","post","type-post","status-publish","format-standard","has-post-thumbnail","hentry","category-ultimomomento"],"_links":{"self":[{"href":"https:\/\/verdadincomodadiario.ar\/index.php?rest_route=\/wp\/v2\/posts\/11594","targetHints":{"allow":["GET"]}}],"collection":[{"href":"https:\/\/verdadincomodadiario.ar\/index.php?rest_route=\/wp\/v2\/posts"}],"about":[{"href":"https:\/\/verdadincomodadiario.ar\/index.php?rest_route=\/wp\/v2\/types\/post"}],"author":[{"embeddable":true,"href":"https:\/\/verdadincomodadiario.ar\/index.php?rest_route=\/wp\/v2\/users\/2"}],"replies":[{"embeddable":true,"href":"https:\/\/verdadincomodadiario.ar\/index.php?rest_route=%2Fwp%2Fv2%2Fcomments&post=11594"}],"version-history":[{"count":0,"href":"https:\/\/verdadincomodadiario.ar\/index.php?rest_route=\/wp\/v2\/posts\/11594\/revisions"}],"wp:featuredmedia":[{"embeddable":true,"href":"https:\/\/verdadincomodadiario.ar\/index.php?rest_route=\/wp\/v2\/media\/11595"}],"wp:attachment":[{"href":"https:\/\/verdadincomodadiario.ar\/index.php?rest_route=%2Fwp%2Fv2%2Fmedia&parent=11594"}],"wp:term":[{"taxonomy":"category","embeddable":true,"href":"https:\/\/verdadincomodadiario.ar\/index.php?rest_route=%2Fwp%2Fv2%2Fcategories&post=11594"},{"taxonomy":"post_tag","embeddable":true,"href":"https:\/\/verdadincomodadiario.ar\/index.php?rest_route=%2Fwp%2Fv2%2Ftags&post=11594"}],"curies":[{"name":"wp","href":"https:\/\/api.w.org\/{rel}","templated":true}]}}