{"id":11564,"date":"2025-07-19T17:28:43","date_gmt":"2025-07-19T17:28:43","guid":{"rendered":"https:\/\/verdadincomodadiario.ar\/?p=11564"},"modified":"2025-07-19T17:28:43","modified_gmt":"2025-07-19T17:28:43","slug":"panicafe-lanza-su-moneda-digital-y-apuesta-por-un-modelo-de-fidelizacion-innovador","status":"publish","type":"post","link":"https:\/\/verdadincomodadiario.ar\/?p=11564","title":{"rendered":"Panicaf\u00e9 lanza su moneda digital y apuesta por un modelo de fidelizaci\u00f3n innovador"},"content":{"rendered":"<p>La tradicional cadena de cafeter\u00edas cordobesa Panicaf\u00e9 se prepara para dar un salto tecnol\u00f3gico con el <strong>lanzamiento de una moneda digital propia<\/strong>. A partir del 25 de julio, los clientes podr\u00e1n acceder a una webapp que promete revolucionar la forma en que se premia la fidelidad. El sistema digital fue desarrollado junto a Bondum, una empresa tecnol\u00f3gica con base en Buenos Aires.<\/p>\n<p><strong>El nuevo ecosistema permitir\u00e1 a los usuarios acumular cr\u00e9ditos digitales y canjearlos por descuentos, productos exclusivos o beneficios especiales<\/strong>. La propuesta est\u00e1 basada en la tecnolog\u00eda blockchain y busca optimizar la relaci\u00f3n entre el comercio y sus consumidores frecuentes. La <a href=\"https:\/\/derechadiario.com.ar\/internacionales\/congreso-aprobo-ambicioso-paquete-leyes-cripto-respaldado-por-trump\" title=\"El Congreso aprob\u00f3 el ambicioso paquete de leyes cripto respaldado por Trump\">moneda<\/a> opera sobre la red descentralizada Solana, una de las plataformas m\u00e1s eficientes para este tipo de transacciones.<\/p>\n<p>La presentaci\u00f3n oficial ser\u00e1 en la sucursal de avenida Rafael N\u00fa\u00f1ez, donde se realizar\u00e1 una demostraci\u00f3n en vivo. \u00a0<strong>Durante el evento, se explicar\u00e1 el funcionamiento del sistema y c\u00f3mo los clientes podr\u00e1n acceder a los beneficios.<\/strong> Desde la empresa se\u00f1alaron que este paso marca una nueva etapa de conexi\u00f3n directa con su comunidad.<\/p>\n<div class=\"inter_image image_horizontal\">\n<picture><source class=\"img-responsive\" type=\"image\/webp\" data-srcset=\"https:\/\/filesedc.com\/uploads\/image\/post\/2025\/07\/captura-de-pantalla-2025-07-19-125835_300_200.webp 300w, https:\/\/filesedc.com\/uploads\/image\/post\/2025\/07\/captura-de-pantalla-2025-07-19-125835_630_420.webp 630w, https:\/\/filesedc.com\/uploads\/image\/post\/2025\/07\/captura-de-pantalla-2025-07-19-125835_760_507.webp 760w, https:\/\/filesedc.com\/uploads\/image\/post\/2025\/07\/captura-de-pantalla-2025-07-19-125835_1200_800.webp 1200w, https:\/\/filesedc.com\/uploads\/image\/post\/2025\/07\/captura-de-pantalla-2025-07-19-125835_1600_1067.webp 1600w, \"><img decoding=\"async\" src=\"https:\/\/derechadiario.com.ar\/filesedc\/uploads\/image\/post\/2025\/07\/captura-de-pantalla-2025-07-19-125835_1200_800.webp\" class=\"img-responsive lazyload\" alt=\"Terraza de cafeter\u00eda con sillas y mesas de metal, un columpio de mimbre y una pared decorada con plantas y el letrero PANICAF\u00c9\" title=\"Terraza de cafeter\u00eda con sillas y mesas de metal, un columpio de mimbre y una pared decorada con plantas y el letrero PANICAF\u00c9\"><\/picture>\n<div>\n<span class=\"img_footer\">La moneda digital estar\u00e1 disponible a partir del 25 de julio <\/span>| <span class=\"img_author\">La Derecha Diario<\/span>\n<\/div>\n<\/div>\n<h2>Una experiencia de consumo digital que premia la fidelidad<\/h2>\n<p><strong>La aplicaci\u00f3n permitir\u00e1 a los usuarios gestionar su cuenta desde el celular de forma r\u00e1pida y sencilla.<\/strong> Adem\u00e1s de acumular cr\u00e9ditos por cada compra, podr\u00e1n intercambiarlos o utilizarlos cuando lo deseen. Esta herramienta digital busca modernizar la experiencia en el punto de venta.<\/p>\n<aside class=\"are-you-interested-container-photo\"><\/aside>\n<p>De esta manera, ya no se depender\u00e1 de los antiguos esquemas de tarjetas o promociones en papel. <strong>A trav\u00e9s del uso de blockchain, el sistema asegura transparencia, velocidad y trazabilidad en cada operaci\u00f3n<\/strong>. Panicaf\u00e9 se convierte as\u00ed en una de las primeras cafeter\u00edas del interior en adoptar una infraestructura descentralizada.<\/p>\n<aside class=\"whatsappChannelText\"><a href=\"https:\/\/whatsapp.com\/channel\/0029VagEjILGE56eKjedWF2U\" rel=\"nofollow\" title=\"WhatsApp Link\"><img alt=\"Logo de WhatsApp\" class=\"lazyload\" data-src=\"https:\/\/derechadiario.com.ar\/filesedc\/uploads\/other\/whatsapp_icon_mid_article.png\" width=\"32\" height=\"32\"><\/a> <a href=\"https:\/\/whatsapp.com\/channel\/0029VagEjILGE56eKjedWF2U\" rel=\"nofollow\" title=\"WhatsApp Link\"><strong>NO SE PIERDAN NINGUNA NOTICIA<\/strong>: Click aqu\u00ed para sumarte <strong>GRATIS<\/strong> al canal de noticias de <strong>La Derecha Diario en WhatsApp.<\/strong><\/a><\/aside>\n<p>Desde la cafeter\u00eda sostuvieron que la idea busca <strong>facilitar\u00a0la experiencia del usuario y estar cerca de sus clientes.<\/strong> Desde la firma destacan el impacto positivo que puede tener esta integraci\u00f3n tecnol\u00f3gica en la experiencia del consumidor. Con este enfoque, la cafeter\u00eda de <a href=\"https:\/\/derechadiario.com.ar\/politica\/cordoba-acompana-milei-casi-agotadas-las-entradas-para-derecha-fest\" title=\"C\u00f3rdoba acompa\u00f1a a Javier Milei: casi agotadas las entradas para la Derecha Fest\">C\u00f3rdoba<\/a> afianza su posici\u00f3n como una marca con visi\u00f3n de futuro.<\/p>\n","protected":false},"excerpt":{"rendered":"<p>La tradicional cadena de cafeter\u00edas cordobesa Panicaf\u00e9 se prepara para dar un salto tecnol\u00f3gico con el lanzamiento de una moneda digital propia. A partir del 25 de julio, los clientes podr\u00e1n acceder a una webapp que promete revolucionar la forma en que se premia la fidelidad. El sistema digital fue desarrollado junto a Bondum, una [&hellip;]<\/p>\n","protected":false},"author":2,"featured_media":11565,"comment_status":"open","ping_status":"open","sticky":false,"template":"","format":"standard","meta":{"_et_pb_use_builder":"","_et_pb_old_content":"","_et_gb_content_width":"","footnotes":""},"categories":[84],"tags":[],"class_list":["post-11564","post","type-post","status-publish","format-standard","has-post-thumbnail","hentry","category-ultimomomento"],"_links":{"self":[{"href":"https:\/\/verdadincomodadiario.ar\/index.php?rest_route=\/wp\/v2\/posts\/11564","targetHints":{"allow":["GET"]}}],"collection":[{"href":"https:\/\/verdadincomodadiario.ar\/index.php?rest_route=\/wp\/v2\/posts"}],"about":[{"href":"https:\/\/verdadincomodadiario.ar\/index.php?rest_route=\/wp\/v2\/types\/post"}],"author":[{"embeddable":true,"href":"https:\/\/verdadincomodadiario.ar\/index.php?rest_route=\/wp\/v2\/users\/2"}],"replies":[{"embeddable":true,"href":"https:\/\/verdadincomodadiario.ar\/index.php?rest_route=%2Fwp%2Fv2%2Fcomments&post=11564"}],"version-history":[{"count":0,"href":"https:\/\/verdadincomodadiario.ar\/index.php?rest_route=\/wp\/v2\/posts\/11564\/revisions"}],"wp:featuredmedia":[{"embeddable":true,"href":"https:\/\/verdadincomodadiario.ar\/index.php?rest_route=\/wp\/v2\/media\/11565"}],"wp:attachment":[{"href":"https:\/\/verdadincomodadiario.ar\/index.php?rest_route=%2Fwp%2Fv2%2Fmedia&parent=11564"}],"wp:term":[{"taxonomy":"category","embeddable":true,"href":"https:\/\/verdadincomodadiario.ar\/index.php?rest_route=%2Fwp%2Fv2%2Fcategories&post=11564"},{"taxonomy":"post_tag","embeddable":true,"href":"https:\/\/verdadincomodadiario.ar\/index.php?rest_route=%2Fwp%2Fv2%2Ftags&post=11564"}],"curies":[{"name":"wp","href":"https:\/\/api.w.org\/{rel}","templated":true}]}}