{"id":11542,"date":"2025-07-19T00:25:34","date_gmt":"2025-07-19T00:25:34","guid":{"rendered":"https:\/\/verdadincomodadiario.ar\/?p=11542"},"modified":"2025-07-19T00:25:34","modified_gmt":"2025-07-19T00:25:34","slug":"cordoba-tras-el-quebracho-ahora-los-ambientalistas-lloran-por-una-ruta","status":"publish","type":"post","link":"https:\/\/verdadincomodadiario.ar\/?p=11542","title":{"rendered":"C\u00f3rdoba: tras el quebracho, ahora los ambientalistas lloran por una ruta"},"content":{"rendered":"<p>No pudieron frenar el avance del progreso, pero no se dan por vencido.<\/p>\n<p>Los zurdos ambientalistas de <a href=\"https:\/\/derechadiario.com.ar\/politica\/francos-y-las-elecciones-cordoba-tal-vez-sea-las-mejores-que-hagamos\" title=\"Francos y las elecciones: 'En C\u00f3rdoba, tal vez sea una de las mejores que hagamos'\"><strong>C\u00f3rdoba<\/strong><\/a>, que <a href=\"https:\/\/derechadiario.com.ar\/sociedad\/villa-allende-trasladaron-quebracho-costo-millonario-para-calmar-militantes\" title=\"Villa Allende: trasladaron el quebracho a un costo millonario para calmar militantes\"><strong>hicieron un esc\u00e1ndalo en Villa Allende para evitar que se quitara un quebracho<\/strong>\u00a0 <\/a>que imped\u00eda ampliar una ruta, se quejan ahora porque el gobierno provincial financiar\u00e1 una obra de pavimentaci\u00f3n clave entre La Calera y Malague\u00f1o.<\/p>\n<div class=\"inter_image image_horizontal\">\n<picture><source class=\"img-responsive\" type=\"image\/webp\" data-srcset=\"https:\/\/filesedc.com\/uploads\/image\/post\/2025\/07\/hito-1-ruta-20--render-a-2-1024x576_300_200.webp 300w, https:\/\/filesedc.com\/uploads\/image\/post\/2025\/07\/hito-1-ruta-20--render-a-2-1024x576_630_420.webp 630w, https:\/\/filesedc.com\/uploads\/image\/post\/2025\/07\/hito-1-ruta-20--render-a-2-1024x576_760_507.webp 760w, https:\/\/filesedc.com\/uploads\/image\/post\/2025\/07\/hito-1-ruta-20--render-a-2-1024x576_1200_800.webp 1200w, https:\/\/filesedc.com\/uploads\/image\/post\/2025\/07\/hito-1-ruta-20--render-a-2-1024x576_1600_1067.webp 1600w, \"><img decoding=\"async\" src=\"https:\/\/derechadiario.com.ar\/filesedc\/uploads\/image\/post\/2025\/07\/hito-1-ruta-20--render-a-2-1024x576_1200_800.webp\" class=\"img-responsive lazyload\" alt=\"Carretera larga y recta rodeada de campos secos y \u00e1rboles con varios autos circulando en ambas direcciones\" title=\"Carretera larga y recta rodeada de campos secos y \u00e1rboles con varios autos circulando en ambas direcciones\"><\/picture>\n<div>\n<span class=\"img_footer\">As\u00ed quedar\u00eda el camino entre La Calera y Malague\u00f1o.  <\/span>| <span class=\"img_author\">La Derecha Diario<\/span>\n<\/div>\n<\/div>\n<p>Encima, el reclamo se suma al de <a href=\"https:\/\/derechadiario.com.ar\/sociedad\/cordoba-organismos-frenan-obra-por-hipotesis-sin-pruebas-tras-medio-siglo\" title=\"C\u00f3rdoba: organismos frenan una obra por una hip\u00f3tesis sin pruebas tras medio siglo\"><strong>organismos que quieren frenar esa obra porque argumentan que en la zona podr\u00eda haber restos humanos de la \u00e9poca de la dictadura<\/strong><\/a>.<\/p>\n<p>Se trata de una\u00a0obra de pavimentaci\u00f3n de l<strong>a Ruta Provincial E-64, conocida como \u201cCamino la Ochoa\u201d<\/strong>, un trayecto, de 9,25 kil\u00f3metros\u00a0que <strong>une\u00a0la colectora de la Autopista C\u00f3rdoba Carlos-Paz y la localidad de La Calera<\/strong>, lo que se trasformar\u00eda en una\u00a0v\u00eda de acceso pavimentado directo hacia\u00a0Malague\u00f1o. Demandar\u00e1 una \u00a0<strong>inversi\u00f3n de 18 mil millones de pesos.<\/strong><\/p>\n<aside class=\"are-you-interested-container-photo\"><\/aside>\n<figure><img decoding=\"async\" src=\"https:\/\/derechadiario.com.ar\/filesedc\/uploads\/image\/post\/2025\/07\/hito-1-ruta-20--render-b-1024x576_1200_800.webp\" class=\"img-responsive lazyload\" alt=\"Vista a\u00e9rea de una carretera rodeada de vegetaci\u00f3n con varios autos circulando en ambos sentidos en un d\u00eda soleado\" title=\"Vista a\u00e9rea de una carretera rodeada de vegetaci\u00f3n con varios autos circulando en ambos sentidos en un d\u00eda soleado\"><\/figure>\n<h2>Brenda Austin, de la UCR, contra el progreso<\/h2>\n<p>La <strong>legisladora de la UCR\u00a0Brenda Austin<\/strong> fue quien cuestion\u00f3 el proyecto al manifestar que <strong>&#8220;uno de los pulmones verdes m\u00e1s importantes que tiene la provincia<\/strong>, sobre todo en las zonas urbanas, clave para el corredor biol\u00f3gico de Sierras Chicas, est\u00e1 vi\u00e9ndose amenazado hoy por un anuncio del gobernador&#8221;.<\/p>\n<figure><img decoding=\"async\" src=\"https:\/\/derechadiario.com.ar\/filesedc\/uploads\/image\/post\/2025\/07\/brenda-austin_1200_800.webp\" class=\"img-responsive lazyload\" alt=\"Mujer con gafas y pa\u00f1uelo verde en el cuello participando en una manifestaci\u00f3n\" title=\"Mujer con gafas y pa\u00f1uelo verde en el cuello participando en una manifestaci\u00f3n\"><\/figure>\n<p>Seg\u00fan Austin <strong>la obra viola &#8220;un mont\u00f3n de normas&#8221; (aunque no las nombra)<\/strong> por ser\u00a0&#8220;una zona federal que forma parte del Ej\u00e9rcito&#8221; y que, adem\u00e1s, &#8220;es una reserva natural&#8221;.<\/p>\n<aside class=\"whatsappChannelText\"><a href=\"https:\/\/whatsapp.com\/channel\/0029VagEjILGE56eKjedWF2U\" rel=\"nofollow\" title=\"WhatsApp Link\"><img alt=\"Logo de WhatsApp\" class=\"lazyload\" data-src=\"https:\/\/derechadiario.com.ar\/filesedc\/uploads\/other\/whatsapp_icon_mid_article.png\" width=\"32\" height=\"32\"><\/a> <a href=\"https:\/\/whatsapp.com\/channel\/0029VagEjILGE56eKjedWF2U\" rel=\"nofollow\" title=\"WhatsApp Link\"><strong>NO SE PIERDAN NINGUNA NOTICIA<\/strong>: Click aqu\u00ed para sumarte <strong>GRATIS<\/strong> al canal de noticias de <strong>La Derecha Diario en WhatsApp.<\/strong><\/a><\/aside>\n<p>La legisladora se\u00f1al\u00f3 que \u00a0<strong>el \u00e1rea es &#8220;un colch\u00f3n fenomenal entre C\u00f3rdoba, Carlos Paz, La Calera y Malague\u00f1o&#8221;<\/strong> y representa &#8220;un tesoro que tiene nuestra provincia&#8221; y que el gobierno de Mart\u00edn Llaryora &#8220;deber\u00edan estar pensando en c\u00f3mo potenciarlo y no en c\u00f3mo destruirlo y atravesarlo con una obra de infraestructura de estas caracter\u00edsticas&#8221;.<\/p>\n","protected":false},"excerpt":{"rendered":"<p>No pudieron frenar el avance del progreso, pero no se dan por vencido. Los zurdos ambientalistas de C\u00f3rdoba, que hicieron un esc\u00e1ndalo en Villa Allende para evitar que se quitara un quebracho\u00a0 que imped\u00eda ampliar una ruta, se quejan ahora porque el gobierno provincial financiar\u00e1 una obra de pavimentaci\u00f3n clave entre La Calera y Malague\u00f1o. [&hellip;]<\/p>\n","protected":false},"author":2,"featured_media":11543,"comment_status":"open","ping_status":"open","sticky":false,"template":"","format":"standard","meta":{"_et_pb_use_builder":"","_et_pb_old_content":"","_et_gb_content_width":"","footnotes":""},"categories":[84],"tags":[],"class_list":["post-11542","post","type-post","status-publish","format-standard","has-post-thumbnail","hentry","category-ultimomomento"],"_links":{"self":[{"href":"https:\/\/verdadincomodadiario.ar\/index.php?rest_route=\/wp\/v2\/posts\/11542","targetHints":{"allow":["GET"]}}],"collection":[{"href":"https:\/\/verdadincomodadiario.ar\/index.php?rest_route=\/wp\/v2\/posts"}],"about":[{"href":"https:\/\/verdadincomodadiario.ar\/index.php?rest_route=\/wp\/v2\/types\/post"}],"author":[{"embeddable":true,"href":"https:\/\/verdadincomodadiario.ar\/index.php?rest_route=\/wp\/v2\/users\/2"}],"replies":[{"embeddable":true,"href":"https:\/\/verdadincomodadiario.ar\/index.php?rest_route=%2Fwp%2Fv2%2Fcomments&post=11542"}],"version-history":[{"count":0,"href":"https:\/\/verdadincomodadiario.ar\/index.php?rest_route=\/wp\/v2\/posts\/11542\/revisions"}],"wp:featuredmedia":[{"embeddable":true,"href":"https:\/\/verdadincomodadiario.ar\/index.php?rest_route=\/wp\/v2\/media\/11543"}],"wp:attachment":[{"href":"https:\/\/verdadincomodadiario.ar\/index.php?rest_route=%2Fwp%2Fv2%2Fmedia&parent=11542"}],"wp:term":[{"taxonomy":"category","embeddable":true,"href":"https:\/\/verdadincomodadiario.ar\/index.php?rest_route=%2Fwp%2Fv2%2Fcategories&post=11542"},{"taxonomy":"post_tag","embeddable":true,"href":"https:\/\/verdadincomodadiario.ar\/index.php?rest_route=%2Fwp%2Fv2%2Ftags&post=11542"}],"curies":[{"name":"wp","href":"https:\/\/api.w.org\/{rel}","templated":true}]}}