{"id":11530,"date":"2025-07-18T23:24:15","date_gmt":"2025-07-18T23:24:15","guid":{"rendered":"https:\/\/verdadincomodadiario.ar\/?p=11530"},"modified":"2025-07-18T23:24:15","modified_gmt":"2025-07-18T23:24:15","slug":"el-cocalero-leonardo-loza-exigio-respeto-para-la-terrorista-ruth-nina","status":"publish","type":"post","link":"https:\/\/verdadincomodadiario.ar\/?p=11530","title":{"rendered":"El cocalero Leonardo Loza exigi\u00f3 respeto para la terrorista Ruth Nina"},"content":{"rendered":"<p><a href=\"https:\/\/derechadiario.com.ar\/bolivia\/politica\/masista-leonardo-loza-advirtio-que-andara-armado-porque-le-teme-policia\" title=\"El masista Leonardo Loza advirti\u00f3 que andar\u00e1 armado porque le teme a la polic\u00eda\">El senador Leonardo Loza<\/a> denunci\u00f3 este jueves una supuesta persecuci\u00f3n pol\u00edtica contra <a href=\"https:\/\/derechadiario.com.ar\/bolivia\/politica\/ruth-nina-anticipo-bano-sangre-tse-solo-contar-muertos\" title=\"Ruth Nina anticip\u00f3 un ba\u00f1o de sangre: El TSE solo 'va a contar muertos'\">Ruth Nina<\/a>. Afirm\u00f3 que el <a href=\"https:\/\/derechadiario.com.ar\/bolivia\/politica\/denunciaron-terrorista-ruth-nina-civicos-le-pidieron-entregarse-justicia\" title=\"Denunciaron a la terrorista Ruth Nina: C\u00edvicos le pidieron entregarse a la Justicia\">proceso judicial abierto en su contra <\/a>vulnera el estado de derecho. Asegur\u00f3 que no est\u00e1 de acuerdo con la forma en que se lleva el caso.<\/p>\n<p>El parlamentario cocalero sostuvo que hay un uso pol\u00edtico de la justicia en un momento electoral. Y remarc\u00f3 que todos los bolivianos tienen derechos constitucionales, pero con esto defiende a Nina que amenaza con impedir los c\u00f3micos.<\/p>\n<p>Loza dijo que la ex candidata de PAN-BOL decidir\u00e1 c\u00f3mo asumir su defensa. Pero dej\u00f3 en claro que no comparte el modo en que se la est\u00e1 investigando. <strong>\u201cNo estamos en un estado de tiran\u00eda\u201d<\/strong>, declar\u00f3.<\/p>\n<p>A su juicio, se est\u00e1n violando principios democr\u00e1ticos. Tambi\u00e9n critic\u00f3 el rol de la Fiscal\u00eda en este proceso.<\/p>\n<p><strong>Ruth Nina fue citada a declarar por amenazas contra el TSE<\/strong>. En un ampliado \u201cevista\u201d, <strong>dijo que se contar\u00edan muertos en vez de votos<\/strong>.<\/p>\n<p>Loza reaccion\u00f3 diciendo que Nina debe cuidarse. Le recomend\u00f3 conseguir buenos abogados. Y volvi\u00f3 a se\u00f1alar que no hay justicia en Bolivia.<\/p>\n<p>El legislador masista considera que no hay garant\u00edas para nadie. Dijo que <a href=\"https:\/\/derechadiario.com.ar\/bolivia\/politica\/terroristas-evistas-armados-asesinaron-policias-que-intentaban-defender-llallagua\" title=\"Terroristas: Evistas armados asesinaron a polic\u00edas que intentaban defender Llallagua\">incluso personas inocentes pueden terminar presas<\/a>.<\/p>\n<p>Adem\u00e1s, asegur\u00f3 que hay intenciones pol\u00edticas detr\u00e1s del caso. Y denunci\u00f3 una manipulaci\u00f3n del sistema judicial. Se\u00f1al\u00f3 que esto ocurre porque se acercan las elecciones.<\/p>\n<h2>Amenazas contra el TSE<\/h2>\n<div class=\"inter_image image_horizontal\">\n<picture><source class=\"img-responsive\" type=\"image\/webp\" data-srcset=\"https:\/\/filesedc.com\/uploads\/image\/post\/2025\/07\/anfora_300_200.webp 300w, https:\/\/filesedc.com\/uploads\/image\/post\/2025\/07\/anfora_630_420.webp 630w, https:\/\/filesedc.com\/uploads\/image\/post\/2025\/07\/anfora_760_507.webp 760w, https:\/\/filesedc.com\/uploads\/image\/post\/2025\/07\/anfora_1200_800.webp 1200w, https:\/\/filesedc.com\/uploads\/image\/post\/2025\/07\/anfora_1600_1067.webp 1600w, \"><img decoding=\"async\" src=\"https:\/\/derechadiario.com.ar\/filesedc\/uploads\/image\/post\/2025\/07\/anfora_1200_800.webp\" class=\"img-responsive lazyload\" alt=\"Persona depositando una papeleta en una urna electoral de Bolivia\" title=\"Persona depositando una papeleta en una urna electoral de Bolivia\"><\/picture>\n<div>\n<span class=\"img_footer\">Evismo continua empecinado en impedir las elecciones  <\/span>| <span class=\"img_author\">La Derecha Diario<\/span>\n<\/div>\n<\/div>\n<p>El 17 de agosto est\u00e1n previstas las elecciones generales. En ese contexto, \u00a0<strong>varios dirigentes evistas realizaron amenazas<\/strong>, al confirmarse que su l\u00edder fue inhabilitado.<\/p>\n<p>Nina afirm\u00f3 que <strong>su sector prefer\u00eda \u201cdar la vida\u201d antes que votar por la derecha<\/strong>. Y lanz\u00f3 una advertencia al TSE. Loza, sin embargo, evit\u00f3 calificar esas palabras como delito.<\/p>\n<p>El presidente del TSJ pidi\u00f3 \u201cser dr\u00e1sticos\u201d si Nina es aprehendida. Dijo que la ex candidata debe pedir perd\u00f3n a Dios. Tambi\u00e9n sugiri\u00f3 que acuda a un psic\u00f3logo.<\/p>\n<p>Sus declaraciones generaron fuertes cr\u00edticas. El exmandatario Rodr\u00edguez Veltz\u00e9 pidi\u00f3 respeto a la \u00e9tica judicial.<\/p>\n<p>Loza rechaz\u00f3 la actitud del sistema judicial. Insisti\u00f3 en que <strong>la justicia debe respetar la libertad de expresi\u00f3n, especialmente la de los socialistas<\/strong>. Y lament\u00f3 que s\u00f3lo se procese a Nina por lo dicho en un acto pol\u00edtico.<\/p>\n<p>En el mismo evento participaron otras personas que tambi\u00e9n realizaron amenazas en contra del proceso electoral. Pero ninguna fue citada por el Ministerio P\u00fablico.<\/p>\n<p>El senador tambi\u00e9n se refiri\u00f3 al caso de Evo Morales. Dijo que <strong>m\u00e1s de 1.500 dirigentes gritaron \u201csin Evo no hay elecciones\u201d<\/strong>. Y cuestion\u00f3 que s\u00f3lo se procese al exdictador.<\/p>\n<p>A su juicio, hay una intenci\u00f3n de eliminar pol\u00edticamente a Morales. Y advirti\u00f3 que se est\u00e1 rompiendo la institucionalidad.<\/p>\n<h2>Loza denunci\u00f3 persecuci\u00f3n pol\u00edtica<\/h2>\n<figure><img decoding=\"async\" src=\"https:\/\/derechadiario.com.ar\/filesedc\/uploads\/image\/post\/2025\/07\/img-4131-1024x687_1200_800.webp\" class=\"img-responsive lazyload\" alt=\"Mujer dando declaraciones a la prensa rodeada de varios micr\u00f3fonos y periodistas\" title=\"Mujer dando declaraciones a la prensa rodeada de varios micr\u00f3fonos y periodistas\"><\/figure>\n<p>Para Loza, tanto Morales como Nina est\u00e1n siendo perseguidos. Cree que se busca criminalizar opiniones pol\u00edticas.<\/p>\n<p>La autoridad cocalera insiste en que debe primar el estado de derecho. Asegura que no hay garant\u00edas en Bolivia. Y que la justicia responde a intereses partidarios.<\/p>\n<p>Por su parte, dirigentes de Pan-Bol respaldaron a Nina. Aunque <strong>algunos sectores se deslindaron de sus amenazas<\/strong>.<\/p>\n<p>Nelson Virreira dijo que ella no representa al movimiento ind\u00edgena. Y remarc\u00f3 que Pan-Bol tiene una agenda propia. Esta divisi\u00f3n debilita a\u00fan m\u00e1s su defensa.<\/p>\n<p>Nina, lejos de retractarse, reafirm\u00f3 sus palabras. Dijo que los medios tergiversaron su discurso. Y asegur\u00f3 que sus dichos eran una forma de resistencia.<\/p>\n<p>Para ella, <a href=\"https:\/\/derechadiario.com.ar\/bolivia\/politica\/elecciones-tcp-restituyo-sigla-andronico-rodriguez-y-dejo-fuera-evo-morales\" title=\"Elecciones: TCP restituy\u00f3 la sigla de Andr\u00f3nico Rodr\u00edguez y dej\u00f3 fuera a Evo Morales\">el TSE busca eliminar a Evo Morales<\/a>. Y por eso lanz\u00f3 su advertencia al Gobierno.<\/p>\n<h2>Controversia por las amenazas<\/h2>\n<figure><img decoding=\"async\" src=\"https:\/\/derechadiario.com.ar\/filesedc\/uploads\/image\/post\/2025\/07\/1752761158514_1200_800.webp\" class=\"img-responsive lazyload\" alt=\"Un hombre con traje oscuro y corbata habla frente a un micr\u00f3fono mientras un oficial de uniforme militar est\u00e1 de pie a su lado y al fondo se observa una bandera roja y amarilla.\" title=\"Un hombre con traje oscuro y corbata habla frente a un micr\u00f3fono mientras un oficial de uniforme militar est\u00e1 de pie a su lado y al fondo se observa una bandera roja y amarilla.\"><\/figure>\n<p>La Fiscal\u00eda abri\u00f3 una investigaci\u00f3n por sedici\u00f3n. Pero a\u00fan no emiti\u00f3 una orden de aprehensi\u00f3n. Algunos jueces consideran que deben aplicarse sanciones duras.<\/p>\n<p>Mientras tanto, contin\u00faa increment\u00e1ndose el repudio a las declaraciones de Nina. Y aumenta la tensi\u00f3n en el pa\u00eds, a menos de un mes de las elecciones.<\/p>\n<p>La pol\u00e9mica refleja una crisis pol\u00edtica profunda. Algunos defienden la libertad de expresi\u00f3n. Otros exigen sanciones ejemplares.<\/p>\n<p>Loza se coloca del lado de los primeros. Pero sus declaraciones lo enfrentan al sistema judicial. Y lo colocan como defensor de una figura muy cuestionada.<\/p>\n<p><strong>El evismo ha tratado de deslindarse de las responsabilidades por las declaraciones de Nina<\/strong>. Algunos dirigentes indicaron que Nina las realiz\u00f3 a t\u00edtulo personal. El TSE ha condenado las declaraciones.<\/p>\n<p>Asimismo, <strong>el presidente del TSJ pidi\u00f3 aplicar \u201ctodo el peso de la ley\u201d<\/strong>. La crisis pone en duda la imparcialidad del proceso electoral.<\/p>\n<p>Organizaciones civiles expresaron su repudio a las amenazas. Aunque algunos analistas piden cautela. Afirman que no se puede criminalizar todo discurso radical.<\/p>\n<p>Pero tambi\u00e9n indican que no se deben tolerar llamados a la violencia. La justicia deber\u00e1 actuar con equilibrio.<\/p>\n<p>El caso Nina a\u00fan no tiene resoluci\u00f3n. Pero ya ha generado un amplio debate nacional. Leonardo Loza insiste en que hay persecuci\u00f3n pol\u00edtica.<\/p>\n<p>Mientras que los cr\u00edticos exigen firmeza ante el delito. Lo que est\u00e1 en juego es la credibilidad de la justicia. Y la paz en un proceso electoral muy fr\u00e1gil.<\/p>\n","protected":false},"excerpt":{"rendered":"<p>El senador Leonardo Loza denunci\u00f3 este jueves una supuesta persecuci\u00f3n pol\u00edtica contra Ruth Nina. Afirm\u00f3 que el proceso judicial abierto en su contra vulnera el estado de derecho. Asegur\u00f3 que no est\u00e1 de acuerdo con la forma en que se lleva el caso. El parlamentario cocalero sostuvo que hay un uso pol\u00edtico de la justicia [&hellip;]<\/p>\n","protected":false},"author":2,"featured_media":11531,"comment_status":"open","ping_status":"open","sticky":false,"template":"","format":"standard","meta":{"_et_pb_use_builder":"","_et_pb_old_content":"","_et_gb_content_width":"","footnotes":""},"categories":[84],"tags":[],"class_list":["post-11530","post","type-post","status-publish","format-standard","has-post-thumbnail","hentry","category-ultimomomento"],"_links":{"self":[{"href":"https:\/\/verdadincomodadiario.ar\/index.php?rest_route=\/wp\/v2\/posts\/11530","targetHints":{"allow":["GET"]}}],"collection":[{"href":"https:\/\/verdadincomodadiario.ar\/index.php?rest_route=\/wp\/v2\/posts"}],"about":[{"href":"https:\/\/verdadincomodadiario.ar\/index.php?rest_route=\/wp\/v2\/types\/post"}],"author":[{"embeddable":true,"href":"https:\/\/verdadincomodadiario.ar\/index.php?rest_route=\/wp\/v2\/users\/2"}],"replies":[{"embeddable":true,"href":"https:\/\/verdadincomodadiario.ar\/index.php?rest_route=%2Fwp%2Fv2%2Fcomments&post=11530"}],"version-history":[{"count":0,"href":"https:\/\/verdadincomodadiario.ar\/index.php?rest_route=\/wp\/v2\/posts\/11530\/revisions"}],"wp:featuredmedia":[{"embeddable":true,"href":"https:\/\/verdadincomodadiario.ar\/index.php?rest_route=\/wp\/v2\/media\/11531"}],"wp:attachment":[{"href":"https:\/\/verdadincomodadiario.ar\/index.php?rest_route=%2Fwp%2Fv2%2Fmedia&parent=11530"}],"wp:term":[{"taxonomy":"category","embeddable":true,"href":"https:\/\/verdadincomodadiario.ar\/index.php?rest_route=%2Fwp%2Fv2%2Fcategories&post=11530"},{"taxonomy":"post_tag","embeddable":true,"href":"https:\/\/verdadincomodadiario.ar\/index.php?rest_route=%2Fwp%2Fv2%2Ftags&post=11530"}],"curies":[{"name":"wp","href":"https:\/\/api.w.org\/{rel}","templated":true}]}}