{"id":11522,"date":"2025-07-18T21:25:17","date_gmt":"2025-07-18T21:25:17","guid":{"rendered":"https:\/\/verdadincomodadiario.ar\/?p=11522"},"modified":"2025-07-18T21:25:17","modified_gmt":"2025-07-18T21:25:17","slug":"daniel-salcedo-comparece-y-lanza-graves-acusaciones-ante-la-asamblea","status":"publish","type":"post","link":"https:\/\/verdadincomodadiario.ar\/?p=11522","title":{"rendered":"Daniel Salcedo comparece y lanza graves acusaciones ante la Asamblea"},"content":{"rendered":"<\/p>\n<p><title><\/title><\/p>\n<p>Daniel Salcedo Bonilla, condenado por m\u00faltiples delitos relacionados con corrupci\u00f3n p\u00fablica, compareci\u00f3 este jueves 17 de julio, ante la Comisi\u00f3n de Fiscalizaci\u00f3n de la Asamblea Nacional. En su intervenci\u00f3n, ofreci\u00f3 una serie de revelaciones que profundizan las denuncias sobre redes criminales en el sistema de salud.<\/p>\n<p>Salcedo, de 36 a\u00f1os, cumple condenas que superan los 30 a\u00f1os por delitos como peculado, lavado de activos y fraude procesal. En su testimonio, afirm\u00f3 que est\u00e1 dispuesto a colaborar con las autoridades y advirti\u00f3: <strong>\u201cMe los voy a llevar a todos\u201d<\/strong>, en referencia a funcionarios a\u00fan activos en las tramas delictivas.<\/p>\n<p>El empresario relat\u00f3 que ha sido v\u00edctima de <strong>m\u00faltiples atentados<\/strong> en su contra por la informaci\u00f3n que posee. Adem\u00e1s, indic\u00f3 que los grupos criminales que operaban con \u00e9l a\u00fan se mantienen dentro de las estructuras estatales.<\/p>\n<p>Entre las revelaciones m\u00e1s fuertes, Salcedo mencion\u00f3 que el <strong>dinero usado en un atentado contra \u00e9l<\/strong> habr\u00eda financiado tambi\u00e9n el asesinato del excandidato presidencial Fernando Villavicencio. Esta conexi\u00f3n plantea nuevas l\u00edneas de investigaci\u00f3n para la Fiscal\u00eda.<\/p>\n<div class=\"inter_image image_horizontal\">\n<picture><source class=\"img-responsive\" type=\"image\/webp\" data-srcset=\"https:\/\/filesedc.com\/uploads\/image\/post\/2025\/07\/2-1752859083488_300_200.webp 300w, https:\/\/filesedc.com\/uploads\/image\/post\/2025\/07\/2-1752859083488_630_420.webp 630w, https:\/\/filesedc.com\/uploads\/image\/post\/2025\/07\/2-1752859083488_760_507.webp 760w, https:\/\/filesedc.com\/uploads\/image\/post\/2025\/07\/2-1752859083488_1200_800.webp 1200w, https:\/\/filesedc.com\/uploads\/image\/post\/2025\/07\/2-1752859083488_1600_1067.webp 1600w, \"><img decoding=\"async\" src=\"https:\/\/derechadiario.com.ar\/filesedc\/uploads\/image\/post\/2025\/07\/2-1752859083488_1200_800.webp\" class=\"img-responsive lazyload\" alt=\"Un hombre esposado es escoltado por polic\u00edas fuertemente armados mientras otro hombre de traje se inclina hacia \u00e9l en una sala con presencia de m\u00e1s oficiales al fondo\" title=\"Un hombre esposado es escoltado por polic\u00edas fuertemente armados mientras otro hombre de traje se inclina hacia \u00e9l en una sala con presencia de m\u00e1s oficiales al fondo\"><\/picture>\n<div>\n<span class=\"img_footer\">Llegada Daniel Salcedo a la Asamblea <\/span>| <span class=\"img_author\">La Derecha Diario<\/span>\n<\/div>\n<\/div>\n<p>Declar\u00f3 que su participaci\u00f3n en estos delitos se remonta a su sociedad con <strong>Xavier Jord\u00e1n<\/strong>, vinculado al caso Met\u00e1stasis. Desde entonces, asegur\u00f3 haber tenido conocimiento directo del funcionamiento de las redes de corrupci\u00f3n en distintos sectores.<\/p>\n<p>Salcedo se\u00f1al\u00f3 que su comparecencia fue voluntaria y no respondi\u00f3 a presiones externas. Actualmente, forma parte del Programa de V\u00edctimas y Testigos de la Fiscal\u00eda, lo que le permite entregar pruebas sin represalias inmediatas.<\/p>\n<p>Admiti\u00f3 sin rodeos que fue parte integral de los delitos cometidos. <strong>\u201cHe sido parte de todo, no solo en salud, sino tambi\u00e9n en otros sectores\u201d<\/strong>, reconoci\u00f3, marcando con ello un giro en su postura anterior como implicado.<\/p>\n<p>En su declaraci\u00f3n tambi\u00e9n lament\u00f3 que <strong>funcionarios implicados contin\u00faen en sus cargos<\/strong>, lo cual pone en evidencia la debilidad de los filtros institucionales y la necesidad de una depuraci\u00f3n urgente en la funci\u00f3n p\u00fablica.<\/p>\n<p>La comparecencia de Salcedo revela el nivel de infiltraci\u00f3n de las redes criminales en el Estado ecuatoriano. Sus declaraciones, de comprobarse, podr\u00edan implicar a figuras a\u00fan activas y abrir un nuevo cap\u00edtulo en la lucha contra la corrupci\u00f3n estructural.<\/p>\n","protected":false},"excerpt":{"rendered":"<p>Daniel Salcedo Bonilla, condenado por m\u00faltiples delitos relacionados con corrupci\u00f3n p\u00fablica, compareci\u00f3 este jueves 17 de julio, ante la Comisi\u00f3n de Fiscalizaci\u00f3n de la Asamblea Nacional. En su intervenci\u00f3n, ofreci\u00f3 una serie de revelaciones que profundizan las denuncias sobre redes criminales en el sistema de salud. Salcedo, de 36 a\u00f1os, cumple condenas que superan los [&hellip;]<\/p>\n","protected":false},"author":2,"featured_media":11523,"comment_status":"open","ping_status":"open","sticky":false,"template":"","format":"standard","meta":{"_et_pb_use_builder":"","_et_pb_old_content":"","_et_gb_content_width":"","footnotes":""},"categories":[84],"tags":[],"class_list":["post-11522","post","type-post","status-publish","format-standard","has-post-thumbnail","hentry","category-ultimomomento"],"_links":{"self":[{"href":"https:\/\/verdadincomodadiario.ar\/index.php?rest_route=\/wp\/v2\/posts\/11522","targetHints":{"allow":["GET"]}}],"collection":[{"href":"https:\/\/verdadincomodadiario.ar\/index.php?rest_route=\/wp\/v2\/posts"}],"about":[{"href":"https:\/\/verdadincomodadiario.ar\/index.php?rest_route=\/wp\/v2\/types\/post"}],"author":[{"embeddable":true,"href":"https:\/\/verdadincomodadiario.ar\/index.php?rest_route=\/wp\/v2\/users\/2"}],"replies":[{"embeddable":true,"href":"https:\/\/verdadincomodadiario.ar\/index.php?rest_route=%2Fwp%2Fv2%2Fcomments&post=11522"}],"version-history":[{"count":0,"href":"https:\/\/verdadincomodadiario.ar\/index.php?rest_route=\/wp\/v2\/posts\/11522\/revisions"}],"wp:featuredmedia":[{"embeddable":true,"href":"https:\/\/verdadincomodadiario.ar\/index.php?rest_route=\/wp\/v2\/media\/11523"}],"wp:attachment":[{"href":"https:\/\/verdadincomodadiario.ar\/index.php?rest_route=%2Fwp%2Fv2%2Fmedia&parent=11522"}],"wp:term":[{"taxonomy":"category","embeddable":true,"href":"https:\/\/verdadincomodadiario.ar\/index.php?rest_route=%2Fwp%2Fv2%2Fcategories&post=11522"},{"taxonomy":"post_tag","embeddable":true,"href":"https:\/\/verdadincomodadiario.ar\/index.php?rest_route=%2Fwp%2Fv2%2Ftags&post=11522"}],"curies":[{"name":"wp","href":"https:\/\/api.w.org\/{rel}","templated":true}]}}