{"id":11520,"date":"2025-07-18T21:25:18","date_gmt":"2025-07-18T21:25:18","guid":{"rendered":"https:\/\/verdadincomodadiario.ar\/?p=11520"},"modified":"2025-07-18T21:25:18","modified_gmt":"2025-07-18T21:25:18","slug":"iva-al-8-en-ecuador-durante-feriados-medida-permanente-para-impulsar-el-turismo","status":"publish","type":"post","link":"https:\/\/verdadincomodadiario.ar\/?p=11520","title":{"rendered":"IVA al 8\u202f% en Ecuador durante feriados: Medida permanente para impulsar el turismo"},"content":{"rendered":"<\/p>\n<p><title><\/title><\/p>\n<p>El Ministerio de Turismo anunci\u00f3 que el <strong>IVA podr\u00e1 reducirse del 15\u202f% al 8\u202f%<\/strong> durante todos los feriados nacionales y locales, incluyendo fines de semana previos o posteriores. Esta decisi\u00f3n fue posible tras la aprobaci\u00f3n de la <strong>Ley Org\u00e1nica para el Fortalecimiento de las \u00c1reas Protegidas<\/strong>.<\/p>\n<p>La reforma otorga al presidente Daniel Noboa la facultad de emitir decretos para activar la reducci\u00f3n del IVA en fechas espec\u00edficas, eliminando el l\u00edmite de 12 d\u00edas al a\u00f1o que exist\u00eda previamente.<\/p>\n<p>La medida se aplicar\u00e1 exclusivamente a <strong>servicios tur\u00edsticos registrados formalmente<\/strong>, como hospedaje, alimentos y bebidas, transporte tur\u00edstico (incluido el a\u00e9reo), agencias de viajes y tour operadoras.<\/p>\n<p>El objetivo es claro: <strong>Dinamizar la econom\u00eda nacional mediante el fortalecimiento del turismo interno<\/strong>. Esto implica mayor circulaci\u00f3n de personas por las cuatro regiones del pa\u00eds, promoviendo cultura, gastronom\u00eda y biodiversidad.<\/p>\n<div class=\"inter_image image_vertical\">\n<picture><source class=\"img-responsive\" type=\"image\/webp\" data-srcset=\"https:\/\/filesedc.com\/uploads\/image\/post\/2025\/07\/feriados-2_300_400.webp 300w, https:\/\/filesedc.com\/uploads\/image\/post\/2025\/07\/feriados-2_630_840.webp 630w, https:\/\/filesedc.com\/uploads\/image\/post\/2025\/07\/feriados-2_760_1013.webp 760w, https:\/\/filesedc.com\/uploads\/image\/post\/2025\/07\/feriados-2_1200_1600.webp 1200w, https:\/\/filesedc.com\/uploads\/image\/post\/2025\/07\/feriados-2_1600_2133.webp 1600w, \"><img decoding=\"async\" src=\"https:\/\/derechadiario.com.ar\/filesedc\/uploads\/image\/post\/2025\/07\/feriados-2_1200_1600.webp\" class=\"img-responsive lazyload\" alt=\"Comunicado oficial del Ministerio de Turismo de Ecuador anunciando que la tarifa del IVA podr\u00e1 reducirse al 8% durante todos los feriados nacionales para servicios tur\u00edsticos registrados, con el objetivo de promover el turismo interno y apoyar al sector tur\u00edstico del pa\u00eds\" title=\"Comunicado oficial del Ministerio de Turismo de Ecuador anunciando que la tarifa del IVA podr\u00e1 reducirse al 8% durante todos los feriados nacionales para servicios tur\u00edsticos registrados, con el objetivo de promover el turismo interno y apoyar al sector tur\u00edstico del pa\u00eds\"><\/picture>\n<div>\n<span class=\"img_footer\">Comunicado Gobierno Ecuador X <\/span>| <span class=\"img_author\">La Derecha Diario<\/span>\n<\/div>\n<\/div>\n<p>Seg\u00fan el Ministerio de Turismo, esta pol\u00edtica responde a la necesidad de reactivar un sector duramente golpeado por la pandemia, la inseguridad y los apagones el\u00e9ctricos.<\/p>\n<p>Empresarios del sector hab\u00edan pedido por a\u00f1os que esta reducci\u00f3n sea aplicada de forma m\u00e1s amplia, debido a su impacto positivo en la actividad econ\u00f3mica local cada vez que era utilizada.<\/p>\n<p>La nueva normativa tambi\u00e9n permite que el Ejecutivo extienda esta reducci\u00f3n al fin de semana anterior o posterior a cada feriado, lo que le da mayor flexibilidad para incentivar viajes y consumo.<\/p>\n<p>El \u00e9xito de la medida depender\u00e1 de su aplicaci\u00f3n estrat\u00e9gica, acompa\u00f1ada de <strong>promoci\u00f3n tur\u00edstica, inversi\u00f3n en infraestructura y garant\u00edas de seguridad<\/strong> para los viajeros.<\/p>\n","protected":false},"excerpt":{"rendered":"<p>El Ministerio de Turismo anunci\u00f3 que el IVA podr\u00e1 reducirse del 15\u202f% al 8\u202f% durante todos los feriados nacionales y locales, incluyendo fines de semana previos o posteriores. Esta decisi\u00f3n fue posible tras la aprobaci\u00f3n de la Ley Org\u00e1nica para el Fortalecimiento de las \u00c1reas Protegidas. La reforma otorga al presidente Daniel Noboa la facultad [&hellip;]<\/p>\n","protected":false},"author":2,"featured_media":11521,"comment_status":"open","ping_status":"open","sticky":false,"template":"","format":"standard","meta":{"_et_pb_use_builder":"","_et_pb_old_content":"","_et_gb_content_width":"","footnotes":""},"categories":[84],"tags":[],"class_list":["post-11520","post","type-post","status-publish","format-standard","has-post-thumbnail","hentry","category-ultimomomento"],"_links":{"self":[{"href":"https:\/\/verdadincomodadiario.ar\/index.php?rest_route=\/wp\/v2\/posts\/11520","targetHints":{"allow":["GET"]}}],"collection":[{"href":"https:\/\/verdadincomodadiario.ar\/index.php?rest_route=\/wp\/v2\/posts"}],"about":[{"href":"https:\/\/verdadincomodadiario.ar\/index.php?rest_route=\/wp\/v2\/types\/post"}],"author":[{"embeddable":true,"href":"https:\/\/verdadincomodadiario.ar\/index.php?rest_route=\/wp\/v2\/users\/2"}],"replies":[{"embeddable":true,"href":"https:\/\/verdadincomodadiario.ar\/index.php?rest_route=%2Fwp%2Fv2%2Fcomments&post=11520"}],"version-history":[{"count":0,"href":"https:\/\/verdadincomodadiario.ar\/index.php?rest_route=\/wp\/v2\/posts\/11520\/revisions"}],"wp:featuredmedia":[{"embeddable":true,"href":"https:\/\/verdadincomodadiario.ar\/index.php?rest_route=\/wp\/v2\/media\/11521"}],"wp:attachment":[{"href":"https:\/\/verdadincomodadiario.ar\/index.php?rest_route=%2Fwp%2Fv2%2Fmedia&parent=11520"}],"wp:term":[{"taxonomy":"category","embeddable":true,"href":"https:\/\/verdadincomodadiario.ar\/index.php?rest_route=%2Fwp%2Fv2%2Fcategories&post=11520"},{"taxonomy":"post_tag","embeddable":true,"href":"https:\/\/verdadincomodadiario.ar\/index.php?rest_route=%2Fwp%2Fv2%2Ftags&post=11520"}],"curies":[{"name":"wp","href":"https:\/\/api.w.org\/{rel}","templated":true}]}}