{"id":11518,"date":"2025-07-18T21:25:19","date_gmt":"2025-07-18T21:25:19","guid":{"rendered":"https:\/\/verdadincomodadiario.ar\/?p=11518"},"modified":"2025-07-18T21:25:19","modified_gmt":"2025-07-18T21:25:19","slug":"del-castillo-es-socio-de-los-avasalladores-propietaria-de-predio-invadido-lo-acuso","status":"publish","type":"post","link":"https:\/\/verdadincomodadiario.ar\/?p=11518","title":{"rendered":"Del Castillo es socio de los avasalladores: Propietaria de predio invadido lo acus\u00f3"},"content":{"rendered":"<p>Melissa Barba, propietaria del predio avasallado Santa Rita, se mostr\u00f3 indignada por la <a href=\"https:\/\/derechadiario.com.ar\/bolivia\/politica\/proclamacion-masista-del-castillo-prometio-continuar-con-modelo-empobrecedor\" title=\"Proclamaci\u00f3n masista: Del Castillo prometi\u00f3 continuar con el modelo empobrecedor\">actitud de Eduardo Del Castillo<\/a> cuando <strong>lo increp\u00f3 en un mercado cruce\u00f1o<\/strong>. Esto sucedi\u00f3 durante una actividad proselitista del <a href=\"https:\/\/derechadiario.com.ar\/bolivia\/politica\/economista-fracasado-socialista-luis-arce-defendio-su-modelo-empobrecedor\" title=\"Economista fracasado: El socialista Luis Arce defendi\u00f3 su modelo empobrecedor\">candidato del MAS<\/a>.<\/p>\n<p>La mujer le mostr\u00f3 \u00a0<strong>fotos donde \u00e9l aparece junto a l\u00edderes de un avasallamiento<\/strong>. Se trata del predio Santa Rita, ubicado en Guarayos. Ese terreno fue tomado de manera ilegal por delincuentes armados hace unos d\u00edas.<\/p>\n<p>Barba se acerc\u00f3 al exministro con las im\u00e1genes impresas en la mano. En una de ellas, <a href=\"https:\/\/derechadiario.com.ar\/bolivia\/politica\/evo-morales-ha-embarazado-varias-ninas-del-castillo-aseguro-tener-pruebas\" title=\"Evo Morales 'ha embarazado a varias ni\u00f1as': Del Castillo asegur\u00f3 tener pruebas\">Del Castillo aparece abrazado con personas que tienen orden de aprehensi\u00f3n<\/a>. <strong>\u201c\u00bfPor qu\u00e9 est\u00e1s en una foto abrazado con los avasalladores?\u201d<\/strong>, le pregunt\u00f3 directamente.<\/p>\n<p>Seg\u00fan su testimonio, Del Castillo solo se ri\u00f3. <strong>\u201cSiento mucha rabia porque se burl\u00f3 en mi cara\u201d<\/strong>, dijo la denunciante.<\/p>\n<p>El encuentro fue breve, pero revelador. La due\u00f1a de la propiedad asegura que la reacci\u00f3n del pol\u00edtico fue una burla. \u00a0<strong>\u201cEst\u00e1 abrazado con los cabecillas, eso quiere decir que se identifica con ellos\u201d<\/strong>, afirm\u00f3 Barba.<\/p>\n<p>Ella considera que <a href=\"https:\/\/derechadiario.com.ar\/bolivia\/politica\/pausa-humanitaria-evistas-anunciaron-pausa-sus-sanguinarias-movilizaciones\" title=\"''Pausa humanitaria'': Evistas anunciaron un p\u00e1rate a sus sanguinarias movilizaciones\">el MAS encubre y protege a este tipo de delincuentes<\/a>. Adem\u00e1s, acusa a Del Castillo de incluir a los tomadores ilegales en su lista de candidatos.<\/p>\n<h2>Candidato avasallador<\/h2>\n<div class=\"inter_image image_horizontal\">\n<picture><source class=\"img-responsive\" type=\"image\/webp\" data-srcset=\"https:\/\/filesedc.com\/uploads\/image\/post\/2025\/07\/del-castillo-avasallamiento-e1752248686358_300_200.webp 300w, https:\/\/filesedc.com\/uploads\/image\/post\/2025\/07\/del-castillo-avasallamiento-e1752248686358_630_420.webp 630w, https:\/\/filesedc.com\/uploads\/image\/post\/2025\/07\/del-castillo-avasallamiento-e1752248686358_760_507.webp 760w, https:\/\/filesedc.com\/uploads\/image\/post\/2025\/07\/del-castillo-avasallamiento-e1752248686358_1200_800.webp 1200w, https:\/\/filesedc.com\/uploads\/image\/post\/2025\/07\/del-castillo-avasallamiento-e1752248686358_1600_1067.webp 1600w, \"><img decoding=\"async\" src=\"https:\/\/derechadiario.com.ar\/filesedc\/uploads\/image\/post\/2025\/07\/del-castillo-avasallamiento-e1752248686358_1200_800.webp\" class=\"img-responsive lazyload\" alt=\"Cuatro personas posan juntas en una fotograf\u00eda de ambiente interior con luz c\u00e1lida, la imagen est\u00e1 algo borrosa.\" title=\"Cuatro personas posan juntas en una fotograf\u00eda de ambiente interior con luz c\u00e1lida, la imagen est\u00e1 algo borrosa.\"><\/picture>\n<div>\n<span class=\"img_footer\">Del Castillo junto a los avasalladores <\/span>| <span class=\"img_author\">La Derecha Diario<\/span>\n<\/div>\n<\/div>\n<p>Uno de ellos es Esteban Alavi Canaviri. Figura como <strong>candidato a senador por el MAS<\/strong>. Tambi\u00e9n ha sido se\u00f1alado como uno de los instigadores del avasallamiento en Santa Rita.<\/p>\n<p>La esposa de Filipe Barbieri, copropietario del predio, tambi\u00e9n lo acusa. El abogado de la familia lo calific\u00f3 como autor intelectual del hecho.<\/p>\n<p>Seg\u00fan \u00c1lvaro La Torre, defensor legal de los afectados, Alavi actu\u00f3 con respaldo pol\u00edtico. Declar\u00f3 que <strong>el ahora candidato justific\u00f3 la toma ilegal\u00a0de tierras<\/strong>.<\/p>\n<p>Tambi\u00e9n <strong>pidi\u00f3 que se entregue el terreno a interculturales \u201csea como sea\u201d<\/strong>. Por eso, considera que es c\u00f3mplice del hecho. Exige que se establezca su grado de participaci\u00f3n.<\/p>\n<p>Del Castillo intent\u00f3 justificarse cuando fue increpado. Dijo que no conoc\u00eda a Alavi ni a quienes aparecen en la imagen. Asegur\u00f3 que cualquiera puede tomarse una foto con \u00e9l.<\/p>\n<p>Adem\u00e1s, indic\u00f3 que no es responsable de las candidaturas del MAS. \u201cEso no significa que tenga algo con usted\u201d, respondi\u00f3.<\/p>\n<h2>Los delincuentes act\u00faan con\u00a0complicidad de las autoridades<\/h2>\n<figure><img decoding=\"async\" src=\"https:\/\/derechadiario.com.ar\/filesedc\/uploads\/image\/post\/2025\/07\/10-nalcolor-_1200_800.webp\" class=\"img-responsive lazyload\" alt=\"Varios veh\u00edculos de la polic\u00eda boliviana circulan por un camino de tierra rodeado de vegetaci\u00f3n\" title=\"Varios veh\u00edculos de la polic\u00eda boliviana circulan por un camino de tierra rodeado de vegetaci\u00f3n\"><\/figure>\n<p>La Polic\u00eda ha intervenido en el lugar de los hechos. Se moviliz\u00f3 un contingente para retomar el control del predio. Tambi\u00e9n anunci\u00f3 que investigar\u00e1 la toma.<\/p>\n<p>Las organizaciones agroproductoras del oriente expresaron su alarma. Consideran que la situaci\u00f3n es insostenible.<\/p>\n<p>El ministro de Gobierno, Roberto R\u00edos, dio m\u00e1s detalles. Confirm\u00f3 que <strong>dos personas que aparecen en las fotos tienen \u00f3rdenes de aprehensi\u00f3n<\/strong>.<\/p>\n<p>Las \u00f3rdenes no son por el caso Santa Rita, sino por delitos anteriores. A pesar de ello, los acusados siguen libres. Seg\u00fan Barba, incluso caminan por el pueblo sin restricciones.<\/p>\n<p>El MAS ha reaccionado de forma dividida ante las denuncias. El diputado Rolando Cu\u00e9llar pidi\u00f3 que se aprehenda a Esteban Alavi. Lo llam\u00f3 \u00a0<strong>\u201cel c\u00e1ncer de Santa Cruz<\/strong>\u201d por su accionar.<\/p>\n<p>Tambi\u00e9n aclar\u00f3 que el MAS no proteger\u00e1 a delincuentes. <strong>Si las denuncias alcanzan a Del Castillo, deben ser investigadas<\/strong>, dijo.<\/p>\n<p>Desde la oposici\u00f3n tambi\u00e9n hubo cuestionamientos. El diputado Walthy Eguez acus\u00f3 al Ministerio P\u00fablico de encubrimiento. Se\u00f1al\u00f3 que <strong>no se act\u00faa contra los responsables<\/strong>.<\/p>\n<p>Adem\u00e1s, Eguez considerar que hay impunidad porque hay protecci\u00f3n pol\u00edtica. Exige que los fiscales hagan cumplir las leyes.<\/p>\n<h2>El masismo neg\u00f3 que los avasalladores sean delincuentes<\/h2>\n<figure><img decoding=\"async\" src=\"https:\/\/derechadiario.com.ar\/filesedc\/uploads\/image\/post\/2025\/07\/1-ava_1200_800.webp\" class=\"img-responsive lazyload\" alt=\"Personas corriendo y levantando polvo en un campo mientras se observa humo en el fondo y varias motocicletas estacionadas\" title=\"Personas corriendo y levantando polvo en un campo mientras se observa humo en el fondo y varias motocicletas estacionadas\"><\/figure>\n<p>El jefe nacional del MAS, Grover Garc\u00eda, neg\u00f3 los v\u00ednculos. Dijo que todo es parte de un ataque electoral. Afirm\u00f3 que quieren involucrar a sus candidatos por razones pol\u00edticas.<\/p>\n<p>Garc\u00eda pidi\u00f3 que se investigue, pero descart\u00f3 que Del Castillo haya participado. Tambi\u00e9n neg\u00f3 que su partido encubra a avasalladores.<\/p>\n<p>Sin embargo, las denuncias se acumulan. Barba insiste en que <strong>el MAS protege a los delincuentes<\/strong>. Asegura que Alavi actu\u00f3 con total impunidad.<\/p>\n<p>Tambi\u00e9n a\u00f1adi\u00f3 que cree que hay respaldo desde altas esferas del Gobierno. \u00a0<strong>\u201cEsto viene de arriba\u201d<\/strong>, denunci\u00f3 con impotencia.<\/p>\n<p>Las v\u00edctimas piden que se cumplan las \u00f3rdenes judiciales. No aceptan m\u00e1s excusas de las autoridades. Exigen que los acusados sean detenidos de inmediato.<\/p>\n<p>Esperan que el caso no quede en la impunidad. Tambi\u00e9n temen nuevas tomas si no hay castigos.<\/p>\n<p>La indignaci\u00f3n se ha extendido por Santa Cruz. Muchos productores temen perder sus tierras.<\/p>\n<p>Barba anunci\u00f3 que no se quedar\u00e1 callada. <strong>Seguir\u00e1 denunciando hasta que se haga justicia<\/strong>. Asegura que no tiene miedo al poder pol\u00edtico.<\/p>\n","protected":false},"excerpt":{"rendered":"<p>Melissa Barba, propietaria del predio avasallado Santa Rita, se mostr\u00f3 indignada por la actitud de Eduardo Del Castillo cuando lo increp\u00f3 en un mercado cruce\u00f1o. Esto sucedi\u00f3 durante una actividad proselitista del candidato del MAS. La mujer le mostr\u00f3 \u00a0fotos donde \u00e9l aparece junto a l\u00edderes de un avasallamiento. Se trata del predio Santa Rita, [&hellip;]<\/p>\n","protected":false},"author":2,"featured_media":11519,"comment_status":"open","ping_status":"open","sticky":false,"template":"","format":"standard","meta":{"_et_pb_use_builder":"","_et_pb_old_content":"","_et_gb_content_width":"","footnotes":""},"categories":[84],"tags":[],"class_list":["post-11518","post","type-post","status-publish","format-standard","has-post-thumbnail","hentry","category-ultimomomento"],"_links":{"self":[{"href":"https:\/\/verdadincomodadiario.ar\/index.php?rest_route=\/wp\/v2\/posts\/11518","targetHints":{"allow":["GET"]}}],"collection":[{"href":"https:\/\/verdadincomodadiario.ar\/index.php?rest_route=\/wp\/v2\/posts"}],"about":[{"href":"https:\/\/verdadincomodadiario.ar\/index.php?rest_route=\/wp\/v2\/types\/post"}],"author":[{"embeddable":true,"href":"https:\/\/verdadincomodadiario.ar\/index.php?rest_route=\/wp\/v2\/users\/2"}],"replies":[{"embeddable":true,"href":"https:\/\/verdadincomodadiario.ar\/index.php?rest_route=%2Fwp%2Fv2%2Fcomments&post=11518"}],"version-history":[{"count":0,"href":"https:\/\/verdadincomodadiario.ar\/index.php?rest_route=\/wp\/v2\/posts\/11518\/revisions"}],"wp:featuredmedia":[{"embeddable":true,"href":"https:\/\/verdadincomodadiario.ar\/index.php?rest_route=\/wp\/v2\/media\/11519"}],"wp:attachment":[{"href":"https:\/\/verdadincomodadiario.ar\/index.php?rest_route=%2Fwp%2Fv2%2Fmedia&parent=11518"}],"wp:term":[{"taxonomy":"category","embeddable":true,"href":"https:\/\/verdadincomodadiario.ar\/index.php?rest_route=%2Fwp%2Fv2%2Fcategories&post=11518"},{"taxonomy":"post_tag","embeddable":true,"href":"https:\/\/verdadincomodadiario.ar\/index.php?rest_route=%2Fwp%2Fv2%2Ftags&post=11518"}],"curies":[{"name":"wp","href":"https:\/\/api.w.org\/{rel}","templated":true}]}}