{"id":11516,"date":"2025-07-18T21:25:20","date_gmt":"2025-07-18T21:25:20","guid":{"rendered":"https:\/\/verdadincomodadiario.ar\/?p=11516"},"modified":"2025-07-18T21:25:20","modified_gmt":"2025-07-18T21:25:20","slug":"el-regreso-de-moria-casan-a-lo-de-mirtha-la-mesa-que-sacudira-la-tv-del-finde","status":"publish","type":"post","link":"https:\/\/verdadincomodadiario.ar\/?p=11516","title":{"rendered":"El regreso de Moria Cas\u00e1n a lo de Mirtha: la mesa que sacudir\u00e1 la TV del finde"},"content":{"rendered":"<p><a href=\"https:\/\/derechadiario.com.ar\/sociedad\/moria-casan-estaria-paso-volver-mesa-mirtha-legrand\" title=\"Moria Cas\u00e1n estar\u00eda a un paso de volver a la mesa de Mirtha Legrand\"><strong>Mirtha Legrand<\/strong>\u00a0 <\/a>y <a href=\"https:\/\/derechadiario.com.ar\/sociedad\/juana-viale-dio-conocer-revelacion-que-vivio-sus-43-anos\" title=\"Juana Viale dio a conocer la revelaci\u00f3n que vivi\u00f3 a sus 43 a\u00f1os\"><strong>Juana Viale<\/strong><\/a> volver\u00e1n a ser protagonistas del fin de semana televisivo con nuevas ediciones de<em> La noche de Mirtha<\/em> y <em>Almorzando con Juana<\/em>. Ambas mesas prometen impacto, actualidad y entretenimiento, pero es el regreso de \u00a0<strong>Moria Cas\u00e1n<\/strong>\u00a0 lo que ya genera mayor expectativa.<\/p>\n<p><strong>Este s\u00e1bado 19 de julio<\/strong>, desde las 21.45, Mirtha estar\u00e1 al frente de una cena con figuras destacadas del espect\u00e1culo y la pol\u00edtica. Entre ellas, una presencia que dar\u00e1 que hablar: <strong>Moria Cas\u00e1n volver\u00e1 al ciclo luego de varios a\u00f1os de ausencia.<\/strong><\/p>\n<div class=\"inter_image image_horizontal\">\n<picture><source class=\"img-responsive\" type=\"image\/webp\" data-srcset=\"https:\/\/filesedc.com\/uploads\/image\/post\/2025\/07\/segundo-de-todo-52-1752864945051_300_200.webp 300w, https:\/\/filesedc.com\/uploads\/image\/post\/2025\/07\/segundo-de-todo-52-1752864945051_630_420.webp 630w, https:\/\/filesedc.com\/uploads\/image\/post\/2025\/07\/segundo-de-todo-52-1752864945051_760_507.webp 760w, https:\/\/filesedc.com\/uploads\/image\/post\/2025\/07\/segundo-de-todo-52-1752864945051_1200_800.webp 1200w, https:\/\/filesedc.com\/uploads\/image\/post\/2025\/07\/segundo-de-todo-52-1752864945051_1600_1067.webp 1600w, \"><img decoding=\"async\" src=\"https:\/\/derechadiario.com.ar\/filesedc\/uploads\/image\/post\/2025\/07\/segundo-de-todo-52-1752864945051_1200_800.webp\" class=\"img-responsive lazyload\" alt=\"Dos mujeres elegantemente vestidas sentadas juntas en un evento nocturno, rodeadas de otras personas en un ambiente festivo\" title=\"Dos mujeres elegantemente vestidas sentadas juntas en un evento nocturno, rodeadas de otras personas en un ambiente festivo\"><\/picture>\n<div>\n<span class=\"img_footer\">Mirtha y Moria juntas en un reciente evento. <\/span>| <span class=\"img_author\">Redacci\u00f3n<\/span>\n<\/div>\n<\/div>\n<p>Su regreso marcar\u00e1 un \u00a0<strong>punto clave en la relaci\u00f3n entre ambas,<\/strong>\u00a0 tras a\u00f1os de distancia. En los \u00faltimos tiempos compartieron funciones teatrales y hasta intercambiaron elogios p\u00fablicos. Mirtha asisti\u00f3 recientemente a la obra <em>Cuesti\u00f3n de g\u00e9nero<\/em> y le dedic\u00f3 a Moria una devoluci\u00f3n memorable: \u00a0<strong>\u201cSos una estrella. La n\u00famero uno\u201d.<\/strong><\/p>\n<p>Tambi\u00e9n estar\u00e1n en la mesa <strong>Luis Novaresio<\/strong>, periodista y conductor de A24 e Infobae; <strong>Jorge Marrale<\/strong>, actor emblem\u00e1tico del teatro argentino; \u00a0<strong>Mariano I\u00fadica<\/strong>, quien regres\u00f3 con el ciclo <em>Mi cielo<\/em>; y <strong>Natalie Weber<\/strong>, modelo y panelista.<\/p>\n<aside class=\"are-you-interested-container-photo\"><\/aside>\n<figure><img decoding=\"async\" src=\"https:\/\/derechadiario.com.ar\/filesedc\/uploads\/image\/post\/2025\/07\/segundo-de-todo-56-1752864430795_1200_1600.webp\" class=\"img-responsive lazyload\" alt=\"Cinco personas posan frente a un fondo negro y dorado con el texto La Noche de Mirtha, acompa\u00f1ados por los nombres Natalie Weber, Luis Novaresio, Moria Cas\u00e1n, Jorge Marrale y Mariano Iudica, junto al horario s\u00e1bado 21:30 hs y el logo de eltrece.\" title=\"Cinco personas posan frente a un fondo negro y dorado con el texto La Noche de Mirtha, acompa\u00f1ados por los nombres Natalie Weber, Luis Novaresio, Moria Cas\u00e1n, Jorge Marrale y Mariano Iudica, junto al horario s\u00e1bado 21:30 hs y el logo de eltrece.\"><\/figure>\n<h2><strong>Juana Viale apostar\u00e1 por una mesa art\u00edstica y distendida<\/strong><\/h2>\n<p><strong>El domingo 20 de julio<\/strong>\u00a0 a las 13.45, <strong>Juana Viale<\/strong>\u00a0 ofrecer\u00e1 un almuerzo con un enfoque m\u00e1s relajado pero con invitados de peso en el mundo cultural y musical.<\/p>\n<p>Estar\u00e1n presentes el cantante \u00a0<strong>Juan Carlos Baglietto,<\/strong> referente del rock nacional y protagonista del musical <em>El Principito;<\/em> <strong>\u00c1ngela Torres<\/strong>, actriz y cantante que se prepara para lanzar su nuevo disco; y <strong>Esteban Prol,<\/strong> actor con amplia trayectoria en televisi\u00f3n y teatro.<\/p>\n<aside class=\"whatsappChannelText\"><a href=\"https:\/\/whatsapp.com\/channel\/0029VagEjILGE56eKjedWF2U\" rel=\"nofollow\" title=\"WhatsApp Link\"><img alt=\"Logo de WhatsApp\" class=\"lazyload\" data-src=\"https:\/\/derechadiario.com.ar\/filesedc\/uploads\/other\/whatsapp_icon_mid_article.png\" width=\"32\" height=\"32\"><\/a> <a href=\"https:\/\/whatsapp.com\/channel\/0029VagEjILGE56eKjedWF2U\" rel=\"nofollow\" title=\"WhatsApp Link\"><strong>NO SE PIERDAN NINGUNA NOTICIA<\/strong>: Click aqu\u00ed para sumarte <strong>GRATIS<\/strong> al canal de noticias de <strong>La Derecha Diario en WhatsApp.<\/strong><\/a><\/aside>\n<p>Completan la mesa \u00a0<strong>Jos\u00e9 \u201cEl Purre\u201d Gim\u00e9nez Zapiola<\/strong>, actor y figura emergente del pop urbano, conocido por su papel en <strong>la serie Croma\u00f1\u00f3n<\/strong>; y el humorista <strong>Rodrigo Vagoneta,<\/strong> recordado por sus participaciones en <em>Showmatch <\/em>y sus mon\u00f3logos teatrales.<\/p>\n<p>Con estilos distintos pero una impronta reconocible, Mirtha y Juana consolidan sus programas como cl\u00e1sicos de la televisi\u00f3n argentina. Entre el an\u00e1lisis, el humor y la cultura, ambas propuestas invitan a compartir un fin de semana frente a la pantalla con figuras que renuevan el pulso de la conversaci\u00f3n nacional.<\/p>\n","protected":false},"excerpt":{"rendered":"<p>Mirtha Legrand\u00a0 y Juana Viale volver\u00e1n a ser protagonistas del fin de semana televisivo con nuevas ediciones de La noche de Mirtha y Almorzando con Juana. Ambas mesas prometen impacto, actualidad y entretenimiento, pero es el regreso de \u00a0Moria Cas\u00e1n\u00a0 lo que ya genera mayor expectativa. Este s\u00e1bado 19 de julio, desde las 21.45, Mirtha [&hellip;]<\/p>\n","protected":false},"author":2,"featured_media":11517,"comment_status":"open","ping_status":"open","sticky":false,"template":"","format":"standard","meta":{"_et_pb_use_builder":"","_et_pb_old_content":"","_et_gb_content_width":"","footnotes":""},"categories":[84],"tags":[],"class_list":["post-11516","post","type-post","status-publish","format-standard","has-post-thumbnail","hentry","category-ultimomomento"],"_links":{"self":[{"href":"https:\/\/verdadincomodadiario.ar\/index.php?rest_route=\/wp\/v2\/posts\/11516","targetHints":{"allow":["GET"]}}],"collection":[{"href":"https:\/\/verdadincomodadiario.ar\/index.php?rest_route=\/wp\/v2\/posts"}],"about":[{"href":"https:\/\/verdadincomodadiario.ar\/index.php?rest_route=\/wp\/v2\/types\/post"}],"author":[{"embeddable":true,"href":"https:\/\/verdadincomodadiario.ar\/index.php?rest_route=\/wp\/v2\/users\/2"}],"replies":[{"embeddable":true,"href":"https:\/\/verdadincomodadiario.ar\/index.php?rest_route=%2Fwp%2Fv2%2Fcomments&post=11516"}],"version-history":[{"count":0,"href":"https:\/\/verdadincomodadiario.ar\/index.php?rest_route=\/wp\/v2\/posts\/11516\/revisions"}],"wp:featuredmedia":[{"embeddable":true,"href":"https:\/\/verdadincomodadiario.ar\/index.php?rest_route=\/wp\/v2\/media\/11517"}],"wp:attachment":[{"href":"https:\/\/verdadincomodadiario.ar\/index.php?rest_route=%2Fwp%2Fv2%2Fmedia&parent=11516"}],"wp:term":[{"taxonomy":"category","embeddable":true,"href":"https:\/\/verdadincomodadiario.ar\/index.php?rest_route=%2Fwp%2Fv2%2Fcategories&post=11516"},{"taxonomy":"post_tag","embeddable":true,"href":"https:\/\/verdadincomodadiario.ar\/index.php?rest_route=%2Fwp%2Fv2%2Ftags&post=11516"}],"curies":[{"name":"wp","href":"https:\/\/api.w.org\/{rel}","templated":true}]}}