{"id":11510,"date":"2025-07-18T19:32:16","date_gmt":"2025-07-18T19:32:16","guid":{"rendered":"https:\/\/verdadincomodadiario.ar\/?p=11510"},"modified":"2025-07-18T19:32:16","modified_gmt":"2025-07-18T19:32:16","slug":"guillermo-moreno-rompe-lazos-con-el-prm","status":"publish","type":"post","link":"https:\/\/verdadincomodadiario.ar\/?p=11510","title":{"rendered":"Guillermo Moreno rompe lazos con el PRM"},"content":{"rendered":"<p>El presidente del partido dominicano \u00a0<strong>Alianza Pa\u00eds<\/strong>, \u00a0<strong>Guillermo Moreno<\/strong>, anunci\u00f3 formalmente su desvinculaci\u00f3n de la alianza con la actual gesti\u00f3n, dijo que\u00a0no tiene ning\u00fan acuerdo pol\u00edtico con el PRM, ni con <strong>Luis Abinader<\/strong>.<\/p>\n<p>Luego de haber sido considerado una carga electoral y fracasar en su intento por alcanzar la senadur\u00eda,\u00a0pese a su apoyo al oficialismo en la pasada campa\u00f1a, ahora se desliga tras quedarse sin espacio pol\u00edtico.<\/p>\n<p>Enfatiz\u00f3 en que el acuerdo que los uni\u00f3\u00a0en los comicios en el 2024 era exclusivamente y concluy\u00f3 el 19 de mayo cuando finalizaron las elecciones, por lo que no tiene ning\u00fan compromiso con la actual gesti\u00f3n ni el partido.<\/p>\n<div class=\"inter_image image_horizontal\">\n<picture><source class=\"img-responsive\" type=\"image\/webp\" data-srcset=\"https:\/\/filesedc.com\/uploads\/image\/post\/2025\/07\/wasacs-29bfdd2a-2a1a-4fe3-9532-2aa59b8d46c9-5610398f-focus-0-0-375-240_300_200.webp 300w, https:\/\/filesedc.com\/uploads\/image\/post\/2025\/07\/wasacs-29bfdd2a-2a1a-4fe3-9532-2aa59b8d46c9-5610398f-focus-0-0-375-240_630_420.webp 630w, https:\/\/filesedc.com\/uploads\/image\/post\/2025\/07\/wasacs-29bfdd2a-2a1a-4fe3-9532-2aa59b8d46c9-5610398f-focus-0-0-375-240_760_507.webp 760w, https:\/\/filesedc.com\/uploads\/image\/post\/2025\/07\/wasacs-29bfdd2a-2a1a-4fe3-9532-2aa59b8d46c9-5610398f-focus-0-0-375-240_1200_800.webp 1200w, https:\/\/filesedc.com\/uploads\/image\/post\/2025\/07\/wasacs-29bfdd2a-2a1a-4fe3-9532-2aa59b8d46c9-5610398f-focus-0-0-375-240_1600_1067.webp 1600w, \"><img decoding=\"async\" src=\"https:\/\/derechadiario.com.ar\/filesedc\/uploads\/image\/post\/2025\/07\/wasacs-29bfdd2a-2a1a-4fe3-9532-2aa59b8d46c9-5610398f-focus-0-0-375-240_1200_800.webp\" class=\"img-responsive lazyload\" alt=\"Dos hombres de traje levantan las manos en se\u00f1al de victoria frente a una pantalla azul con logotipos circulares y un pulgar hacia arriba\" title=\"Dos hombres de traje levantan las manos en se\u00f1al de victoria frente a una pantalla azul con logotipos circulares y un pulgar hacia arriba\"><\/picture>\n<div>\n<span class=\"img_footer\">Guillermo Moreno y Luis Abinader <\/span>| <span class=\"img_author\">La Derecha Diario<\/span>\n<\/div>\n<\/div>\n<p>Esta declaraci\u00f3n de independencia no ha estado excenta de cr\u00edticas. Algunos diputados del partido del PRM han afirmado que la participaci\u00f3n de Moreno en los comicios no tuvo ning\u00fan aporte\u00a0significativo\u00a0para el triunfo de Abinader.<\/p>\n<p>El pol\u00edtico asegur\u00f3 que su partido mantendr\u00e1 una posici\u00f3n &#8220;absoluta&#8221; de independencia frente al panorama pol\u00edtico nacional e internacional y las medidas que adopte el gobierno.<\/p>\n<p>Esta no es la primera vez que Moreno rompe alianzas pol\u00edticas. Diputados opositores han recordado que hist\u00f3ricamente ha roto acuerdos similares con otras organizaciones pol\u00edticas, incluyendo al expresidente Leonel Fern\u00e1ndez.<\/p>\n<p>El desempe\u00f1o electoral de Moreno como candidato a senador fue considerado decepcionante por sus antiguos aliados. Diputados del PRM han se\u00f1alado que &#8220;<strong>donde quiera que ha estado, nunca ha ganado<\/strong>, es un gallo perdedor&#8221;.<\/p>\n<p>Aunque Moreno insiste en que su partido continuar\u00e1 apoyando ciertas causas sociales, la ruptura con el oficialismo plantea interrogantes sobre el futuro pol\u00edtico tanto de Alianza Pa\u00eds como del propio Moreno.<\/p>\n<p>Su declaraci\u00f3n de independencia podr\u00eda interpretarse como un intento por reposicionarse pol\u00edticamente tras un fracaso electoral.<\/p>\n","protected":false},"excerpt":{"rendered":"<p>El presidente del partido dominicano \u00a0Alianza Pa\u00eds, \u00a0Guillermo Moreno, anunci\u00f3 formalmente su desvinculaci\u00f3n de la alianza con la actual gesti\u00f3n, dijo que\u00a0no tiene ning\u00fan acuerdo pol\u00edtico con el PRM, ni con Luis Abinader. Luego de haber sido considerado una carga electoral y fracasar en su intento por alcanzar la senadur\u00eda,\u00a0pese a su apoyo al oficialismo [&hellip;]<\/p>\n","protected":false},"author":2,"featured_media":11511,"comment_status":"open","ping_status":"open","sticky":false,"template":"","format":"standard","meta":{"_et_pb_use_builder":"","_et_pb_old_content":"","_et_gb_content_width":"","footnotes":""},"categories":[84],"tags":[],"class_list":["post-11510","post","type-post","status-publish","format-standard","has-post-thumbnail","hentry","category-ultimomomento"],"_links":{"self":[{"href":"https:\/\/verdadincomodadiario.ar\/index.php?rest_route=\/wp\/v2\/posts\/11510","targetHints":{"allow":["GET"]}}],"collection":[{"href":"https:\/\/verdadincomodadiario.ar\/index.php?rest_route=\/wp\/v2\/posts"}],"about":[{"href":"https:\/\/verdadincomodadiario.ar\/index.php?rest_route=\/wp\/v2\/types\/post"}],"author":[{"embeddable":true,"href":"https:\/\/verdadincomodadiario.ar\/index.php?rest_route=\/wp\/v2\/users\/2"}],"replies":[{"embeddable":true,"href":"https:\/\/verdadincomodadiario.ar\/index.php?rest_route=%2Fwp%2Fv2%2Fcomments&post=11510"}],"version-history":[{"count":0,"href":"https:\/\/verdadincomodadiario.ar\/index.php?rest_route=\/wp\/v2\/posts\/11510\/revisions"}],"wp:featuredmedia":[{"embeddable":true,"href":"https:\/\/verdadincomodadiario.ar\/index.php?rest_route=\/wp\/v2\/media\/11511"}],"wp:attachment":[{"href":"https:\/\/verdadincomodadiario.ar\/index.php?rest_route=%2Fwp%2Fv2%2Fmedia&parent=11510"}],"wp:term":[{"taxonomy":"category","embeddable":true,"href":"https:\/\/verdadincomodadiario.ar\/index.php?rest_route=%2Fwp%2Fv2%2Fcategories&post=11510"},{"taxonomy":"post_tag","embeddable":true,"href":"https:\/\/verdadincomodadiario.ar\/index.php?rest_route=%2Fwp%2Fv2%2Ftags&post=11510"}],"curies":[{"name":"wp","href":"https:\/\/api.w.org\/{rel}","templated":true}]}}