{"id":11508,"date":"2025-07-18T19:32:17","date_gmt":"2025-07-18T19:32:17","guid":{"rendered":"https:\/\/verdadincomodadiario.ar\/?p=11508"},"modified":"2025-07-18T19:32:17","modified_gmt":"2025-07-18T19:32:17","slug":"ee-uu-exige-mas-apoyo-internacional-para-mision-de-seguridad-en-haiti","status":"publish","type":"post","link":"https:\/\/verdadincomodadiario.ar\/?p=11508","title":{"rendered":"EE.UU. exige m\u00e1s apoyo internacional para misi\u00f3n de seguridad en Hait\u00ed"},"content":{"rendered":"<p>Los Estados Unidos ha solicitado ayuda internacional para tratar de controlar la crisis que est\u00e1 atravesando Hait\u00ed, que incluye violencia descontrolada, colapso institucional y emergencia humanitaria, que amenaza la estabilidad de la regi\u00f3n.<\/p>\n<p>A trav\u00e9s del subsecretario Christopher Landau, los estados unidos a abvertido que la situaci\u00f3n actual\u00a0de Hait\u00ed puede tener efectos muy negativos a nivel regional, enfatizando en el incremento del crimen organizado.<\/p>\n<p>La <a href=\"https:\/\/derechadiario.com.ar\/republica-dominicana\/politica\/onu-extiende-mision-politica-haiti\" title=\"ONU extiende misi\u00f3n pol\u00edtica en Hait\u00ed\"><strong>misi\u00f3n de seguridad<\/strong>\u00a0 <\/a>que actualmente encabeza la Organizaci\u00f3n de las Naciones Unidas (ONU), enfrenta desafios grandes debido al financiamiento.<\/p>\n<p>Landau se\u00f1al\u00f3 que la responsabilidad debe repartirse, ya que,\u00a0el gobierno americano no puede asumir la responsabilidad total de la crisis, a nivel financiero, pero tampoco log\u00edstico.<\/p>\n<p>Aunque EE.UU. ha comprometido m\u00e1s de\u00a0$300 millones, otros pa\u00edses han contribuido poco. Por ejemplo, hasta enero de 2025, solo se hab\u00edan recaudado\u00a0$100 millones de los $600 millones anuales necesarios, dejando a las tropas mal equipadas y en n\u00famero insuficiente.<\/p>\n<p>Mientras EE.UU. pide ayuda para Hait\u00ed, la administraci\u00f3n de\u00a0Donald Trump\u00a0cancel\u00f3 el\u00a0Estatus de Protecci\u00f3n Temporal (TPS)\u00a0para unos 500,000 haitianos, argumentando que las condiciones en el pa\u00eds &#8220;han mejorado&#8221;.<\/p>\n<p>Esto gener\u00f3 cr\u00edticas, ya que la ONU reporta que las pandillas controlan\u00a085% de Puerto Pr\u00edncipe\u00a0y hay m\u00e1s de\u00a04,000 asesinatos en 2025.<\/p>\n","protected":false},"excerpt":{"rendered":"<p>Los Estados Unidos ha solicitado ayuda internacional para tratar de controlar la crisis que est\u00e1 atravesando Hait\u00ed, que incluye violencia descontrolada, colapso institucional y emergencia humanitaria, que amenaza la estabilidad de la regi\u00f3n. A trav\u00e9s del subsecretario Christopher Landau, los estados unidos a abvertido que la situaci\u00f3n actual\u00a0de Hait\u00ed puede tener efectos muy negativos a [&hellip;]<\/p>\n","protected":false},"author":2,"featured_media":11509,"comment_status":"open","ping_status":"open","sticky":false,"template":"","format":"standard","meta":{"_et_pb_use_builder":"","_et_pb_old_content":"","_et_gb_content_width":"","footnotes":""},"categories":[84],"tags":[],"class_list":["post-11508","post","type-post","status-publish","format-standard","has-post-thumbnail","hentry","category-ultimomomento"],"_links":{"self":[{"href":"https:\/\/verdadincomodadiario.ar\/index.php?rest_route=\/wp\/v2\/posts\/11508","targetHints":{"allow":["GET"]}}],"collection":[{"href":"https:\/\/verdadincomodadiario.ar\/index.php?rest_route=\/wp\/v2\/posts"}],"about":[{"href":"https:\/\/verdadincomodadiario.ar\/index.php?rest_route=\/wp\/v2\/types\/post"}],"author":[{"embeddable":true,"href":"https:\/\/verdadincomodadiario.ar\/index.php?rest_route=\/wp\/v2\/users\/2"}],"replies":[{"embeddable":true,"href":"https:\/\/verdadincomodadiario.ar\/index.php?rest_route=%2Fwp%2Fv2%2Fcomments&post=11508"}],"version-history":[{"count":0,"href":"https:\/\/verdadincomodadiario.ar\/index.php?rest_route=\/wp\/v2\/posts\/11508\/revisions"}],"wp:featuredmedia":[{"embeddable":true,"href":"https:\/\/verdadincomodadiario.ar\/index.php?rest_route=\/wp\/v2\/media\/11509"}],"wp:attachment":[{"href":"https:\/\/verdadincomodadiario.ar\/index.php?rest_route=%2Fwp%2Fv2%2Fmedia&parent=11508"}],"wp:term":[{"taxonomy":"category","embeddable":true,"href":"https:\/\/verdadincomodadiario.ar\/index.php?rest_route=%2Fwp%2Fv2%2Fcategories&post=11508"},{"taxonomy":"post_tag","embeddable":true,"href":"https:\/\/verdadincomodadiario.ar\/index.php?rest_route=%2Fwp%2Fv2%2Ftags&post=11508"}],"curies":[{"name":"wp","href":"https:\/\/api.w.org\/{rel}","templated":true}]}}