{"id":11474,"date":"2025-07-18T17:32:00","date_gmt":"2025-07-18T17:32:00","guid":{"rendered":"https:\/\/verdadincomodadiario.ar\/?p=11474"},"modified":"2025-07-18T17:32:00","modified_gmt":"2025-07-18T17:32:00","slug":"asambleistas-correistas-fueron-convocados-por-apoyar-a-santiago-diaz","status":"publish","type":"post","link":"https:\/\/verdadincomodadiario.ar\/?p=11474","title":{"rendered":"Asamble\u00edstas corre\u00edstas fueron convocados por apoyar a Santiago D\u00edaz"},"content":{"rendered":"<p>Diez asamble\u00edstas de la Revoluci\u00f3n Ciudadana fueron convocados por la Comisi\u00f3n de Transparencia de la Asamblea. Apoyaron inicialmente un proyecto del asamble\u00edsta Santiago D\u00edaz, investigado por violaci\u00f3n y actualmente pr\u00f3fugo de la justicia.<\/p>\n<p>El respaldo fue a una propuesta que pretend\u00eda reducir la edad de consentimiento sexual a 14 a\u00f1os, lo que gener\u00f3 rechazo ciudadano. Los firmantes retiraron posteriormente su apoyo, pero deber\u00e1n explicar su conducta ante la comisi\u00f3n.<\/p>\n<p>La comparecencia fue convocada el 17 de julio como parte de un proceso de fiscalizaci\u00f3n legislativa. Aunque el CAL no calific\u00f3 el proyecto, la comisi\u00f3n exige rendici\u00f3n de cuentas a quienes lo respaldaron.<\/p>\n<p>Los asamble\u00edstas llamados son: M\u00f3nica Palacios, Cristian Ben\u00edtez, Franklin Samaniego, Jorge Abedrabbo, Patricia Mendoza, Esther Cuesta, Jhajaira Urresta, Roque Ord\u00f3\u00f1ez, Cristina J\u00e1come y Victoria Desintonio. Todos deber\u00e1n justificar su respaldo a una propuesta impulsada por un legislador con graves acusaciones.<\/p>\n<div class=\"inter_image image_horizontal\">\n<picture><source class=\"img-responsive\" type=\"image\/webp\" data-srcset=\"https:\/\/filesedc.com\/uploads\/image\/post\/2025\/07\/ecuador-6_300_200.webp 300w, https:\/\/filesedc.com\/uploads\/image\/post\/2025\/07\/ecuador-6_630_420.webp 630w, https:\/\/filesedc.com\/uploads\/image\/post\/2025\/07\/ecuador-6_760_507.webp 760w, https:\/\/filesedc.com\/uploads\/image\/post\/2025\/07\/ecuador-6_1200_800.webp 1200w, https:\/\/filesedc.com\/uploads\/image\/post\/2025\/07\/ecuador-6_1600_1067.webp 1600w, \"><img decoding=\"async\" src=\"https:\/\/derechadiario.com.ar\/filesedc\/uploads\/image\/post\/2025\/07\/ecuador-6_1200_800.webp\" class=\"img-responsive lazyload\" alt=\"Hombre de mediana edad con gafas y barba corta, vistiendo saco marr\u00f3n claro y camisa blanca, sentado en una oficina con otra persona desenfocada al fondo\" title=\"Hombre de mediana edad con gafas y barba corta, vistiendo saco marr\u00f3n claro y camisa blanca, sentado en una oficina con otra persona desenfocada al fondo\"><\/picture>\n<div>\n<span class=\"img_footer\">Santiago D\u00edaz, pr\u00f3fugo y acusado de violaci\u00f3n  <\/span>| <span class=\"img_author\">La Derecha Diario<\/span>\n<\/div>\n<\/div>\n<p>Este caso evidencia c\u00f3mo ciertas bancadas corre\u00edstas promovieron iniciativas pol\u00e9micas sin el debido an\u00e1lisis jur\u00eddico o t\u00e9cnico. La propuesta fue considerada improcedente y contraria a los principios de protecci\u00f3n de menores.<\/p>\n<p>La convocatoria busca recuperar credibilidad en las decisiones legislativas. La ciudadan\u00eda exige mayor transparencia y responsabilidad dentro del trabajo parlamentario.<\/p>\n<p>Este episodio expone la necesidad de una Asamblea libre de improvisaci\u00f3n ideol\u00f3gica y con filtros t\u00e9cnicos s\u00f3lidos. La fiscalizaci\u00f3n sienta un precedente para sancionar respaldos irresponsables.<\/p>\n<p>La citaci\u00f3n a estos legisladores representa un paso firme hacia la rendici\u00f3n de cuentas en la Asamblea Nacional. El pa\u00eds exige que los actos pol\u00edticos, especialmente los que comprometen derechos fundamentales, no queden impunes ni se escondan tras el discurso partidista.<\/p>\n","protected":false},"excerpt":{"rendered":"<p>Diez asamble\u00edstas de la Revoluci\u00f3n Ciudadana fueron convocados por la Comisi\u00f3n de Transparencia de la Asamblea. Apoyaron inicialmente un proyecto del asamble\u00edsta Santiago D\u00edaz, investigado por violaci\u00f3n y actualmente pr\u00f3fugo de la justicia. El respaldo fue a una propuesta que pretend\u00eda reducir la edad de consentimiento sexual a 14 a\u00f1os, lo que gener\u00f3 rechazo ciudadano. [&hellip;]<\/p>\n","protected":false},"author":2,"featured_media":11475,"comment_status":"open","ping_status":"open","sticky":false,"template":"","format":"standard","meta":{"_et_pb_use_builder":"","_et_pb_old_content":"","_et_gb_content_width":"","footnotes":""},"categories":[84],"tags":[],"class_list":["post-11474","post","type-post","status-publish","format-standard","has-post-thumbnail","hentry","category-ultimomomento"],"_links":{"self":[{"href":"https:\/\/verdadincomodadiario.ar\/index.php?rest_route=\/wp\/v2\/posts\/11474","targetHints":{"allow":["GET"]}}],"collection":[{"href":"https:\/\/verdadincomodadiario.ar\/index.php?rest_route=\/wp\/v2\/posts"}],"about":[{"href":"https:\/\/verdadincomodadiario.ar\/index.php?rest_route=\/wp\/v2\/types\/post"}],"author":[{"embeddable":true,"href":"https:\/\/verdadincomodadiario.ar\/index.php?rest_route=\/wp\/v2\/users\/2"}],"replies":[{"embeddable":true,"href":"https:\/\/verdadincomodadiario.ar\/index.php?rest_route=%2Fwp%2Fv2%2Fcomments&post=11474"}],"version-history":[{"count":0,"href":"https:\/\/verdadincomodadiario.ar\/index.php?rest_route=\/wp\/v2\/posts\/11474\/revisions"}],"wp:featuredmedia":[{"embeddable":true,"href":"https:\/\/verdadincomodadiario.ar\/index.php?rest_route=\/wp\/v2\/media\/11475"}],"wp:attachment":[{"href":"https:\/\/verdadincomodadiario.ar\/index.php?rest_route=%2Fwp%2Fv2%2Fmedia&parent=11474"}],"wp:term":[{"taxonomy":"category","embeddable":true,"href":"https:\/\/verdadincomodadiario.ar\/index.php?rest_route=%2Fwp%2Fv2%2Fcategories&post=11474"},{"taxonomy":"post_tag","embeddable":true,"href":"https:\/\/verdadincomodadiario.ar\/index.php?rest_route=%2Fwp%2Fv2%2Ftags&post=11474"}],"curies":[{"name":"wp","href":"https:\/\/api.w.org\/{rel}","templated":true}]}}