{"id":11472,"date":"2025-07-18T17:32:01","date_gmt":"2025-07-18T17:32:01","guid":{"rendered":"https:\/\/verdadincomodadiario.ar\/?p=11472"},"modified":"2025-07-18T17:32:01","modified_gmt":"2025-07-18T17:32:01","slug":"milei-en-el-acto-por-la-amia-fuertes-reclamos-de-justicia-y-alerta-por-iran","status":"publish","type":"post","link":"https:\/\/verdadincomodadiario.ar\/?p=11472","title":{"rendered":"Milei en el acto por la AMIA: fuertes reclamos de justicia y alerta por Ir\u00e1n"},"content":{"rendered":"<p><strong>El presidente Javier Milei encabez\u00f3 este jueves el acto central por el 31\u00b0 aniversario del atentado a la <a href=\"https:\/\/derechadiario.com.ar\/politica\/amia-justicia-aplicara-juicio-ausencia-los-diez-terroristas-iranies\" title=\"AMIA: la Justicia aplicar\u00e1 juicio en ausencia a los diez terroristas iran\u00edes\">AMIA<\/a><\/strong>, en un evento marcado por el reclamo de justicia, <strong>el recuerdo de las 85 v\u00edctimas fatales y una dura advertencia sobre la infiltraci\u00f3n iran\u00ed en Am\u00e9rica Latina<\/strong>. Acompa\u00f1ado por la Secretaria General de la Presidencia, Karina Milei, la ministra Patricia Bullrich, y otros miembros del Gabinete, Milei particip\u00f3 del homenaje en el mismo lugar donde, el 18 de julio de 1994, explot\u00f3 la camioneta-bomba.<\/p>\n<p>El discurso del presidente de la AMIA, <strong>Osvaldo Armoza, estuvo centrado en la impunidad persistente,<\/strong> la necesidad de cooperaci\u00f3n internacional y la denuncia del accionar iran\u00ed a trav\u00e9s de <strong>Hezbollah<\/strong>\u00a0 en la regi\u00f3n.<\/p>\n<h2><strong>\u201c\u00bfTambi\u00e9n deber\u00e1n pasar 30 a\u00f1os?\u201d: el reclamo por Nisman<\/strong><\/h2>\n<p><strong>Uno de los momentos m\u00e1s tensos fue cuando Armoza se dirigi\u00f3 directamente al fiscal Eduardo Taiano y al juez Juli\u00e1n Ercolini<\/strong>, responsables de la investigaci\u00f3n por la muerte del fiscal Alberto Nisman, preguntando<strong>: \u201c\u00bfEn esta causa tambi\u00e9n deber\u00e1n pasar 30 a\u00f1os?\u201d. Calific\u00f3 el asesinato de Nisman como una \u201cherida abierta\u201d y fustig\u00f3 la lentitud de la justicia argentina.<\/strong><\/p>\n<div class=\"inter_image image_horizontal\">\n<picture><source class=\"img-responsive\" type=\"image\/webp\" data-srcset=\"https:\/\/filesedc.com\/uploads\/image\/post\/2025\/07\/screenshot-2025-07-18-130427_300_200.webp 300w, https:\/\/filesedc.com\/uploads\/image\/post\/2025\/07\/screenshot-2025-07-18-130427_630_420.webp 630w, https:\/\/filesedc.com\/uploads\/image\/post\/2025\/07\/screenshot-2025-07-18-130427_760_507.webp 760w, https:\/\/filesedc.com\/uploads\/image\/post\/2025\/07\/screenshot-2025-07-18-130427_1200_800.webp 1200w, https:\/\/filesedc.com\/uploads\/image\/post\/2025\/07\/screenshot-2025-07-18-130427_1600_1067.webp 1600w, \"><img decoding=\"async\" src=\"https:\/\/derechadiario.com.ar\/filesedc\/uploads\/image\/post\/2025\/07\/screenshot-2025-07-18-130427_1200_800.webp\" class=\"img-responsive lazyload\" alt=\"Personas reunidas en un acto conmemorativo con expresiones serias y fotograf\u00edas en blanco y negro de fondo\" title=\"Personas reunidas en un acto conmemorativo con expresiones serias y fotograf\u00edas en blanco y negro de fondo\"><\/picture>\n<div>\n<span class=\"img_footer\">Milei en el acto por la AMIA: reclamos de justicia por Nisman y alerta por Ir\u00e1n <\/span>| <span class=\"img_author\">La Derecha Diario<\/span>\n<\/div>\n<\/div>\n<p>Adem\u00e1s, denunci\u00f3 el estado deplorable de los archivos de la ex SIDE bajo custodia fiscal: asbesto, inundaciones y riesgo de derrumbe. <strong>Tambi\u00e9n exigi\u00f3 que la Corte Suprema se pronuncie sobre el recurso presentado contra la absoluci\u00f3n de Carlos Telleld\u00edn, \u00faltimo tenedor de la camioneta-bomba.<\/strong><\/p>\n<aside class=\"are-you-interested-container-photo\"><\/aside>\n<h2><strong>Fuerte denuncia contra Ir\u00e1n y Hezbollah<\/strong><\/h2>\n<p><strong>Armoza ratific\u00f3 que Ir\u00e1n fue el m\u00e1ximo responsable del atentado, ejecutado por Hezbollah, seg\u00fan la Justicia argentina y la Interpol.<\/strong>\u00a0 Reclam\u00f3 que Argentina designe a las Fuerzas Quds como organizaci\u00f3n terrorista y exigi\u00f3 a toda la regi\u00f3n que congele los bienes del grupo y evite su expansi\u00f3n.<\/p>\n<aside class=\"whatsappChannelText\"><a href=\"https:\/\/whatsapp.com\/channel\/0029VagEjILGE56eKjedWF2U\" rel=\"nofollow\" title=\"WhatsApp Link\"><img alt=\"Logo de WhatsApp\" class=\"lazyload\" data-src=\"https:\/\/derechadiario.com.ar\/filesedc\/uploads\/other\/whatsapp_icon_mid_article.png\" width=\"32\" height=\"32\"><\/a> <a href=\"https:\/\/whatsapp.com\/channel\/0029VagEjILGE56eKjedWF2U\" rel=\"nofollow\" title=\"WhatsApp Link\"><strong>NO SE PIERDAN NINGUNA NOTICIA<\/strong>: Click aqu\u00ed para sumarte <strong>GRATIS<\/strong> al canal de noticias de <strong>La Derecha Diario en WhatsApp.<\/strong><\/a><\/aside>\n<p><strong>Alert\u00f3 sobre el avance iran\u00ed en Latinoam\u00e9rica y cuestion\u00f3 el reciente acuerdo militar entre Ir\u00e1n y Bolivia<\/strong>. Tambi\u00e9n record\u00f3 el caso del avi\u00f3n venezolano-iran\u00ed en 2022, que evidenci\u00f3 las debilidades del sistema de seguridad argentino.<\/p>\n<h2><strong>Un mensaje con mirada global<\/strong><\/h2>\n<p><strong>El presidente de la <a href=\"https:\/\/derechadiario.com.ar\/internacionales\/iran-pone-al-frente-su-guardia-revolucionaria-acusado-del-atentado-amia\" title=\"Ir\u00e1n pone al frente de su Guardia Revolucionaria a un acusado del atentado a la AMIA\">AMIA<\/a> tambi\u00e9n se refiri\u00f3 al aumento del antisemitismo tras el ataque de Ham\u00e1s a Israel en octubre de 2023,<\/strong> criticando su justificaci\u00f3n en \u00e1mbitos acad\u00e9micos, redes sociales y parlamentos democr\u00e1ticos. Reivindic\u00f3 el respaldo del gobierno de Milei a Israel: \u201cLa Argentina eligi\u00f3 el lugar correcto de la historia\u201d.<\/p>\n<figure><img decoding=\"async\" src=\"https:\/\/derechadiario.com.ar\/filesedc\/uploads\/image\/post\/2025\/07\/screenshot-2025-07-18-130702_1200_800.webp\" class=\"img-responsive lazyload\" alt=\"Multitud de personas reunidas en una calle sosteniendo fotograf\u00edas en blanco y negro de v\u00edctimas, detr\u00e1s de una valla y junto a una bandera de Israel\" title=\"Multitud de personas reunidas en una calle sosteniendo fotograf\u00edas en blanco y negro de v\u00edctimas, detr\u00e1s de una valla y junto a una bandera de Israel\"><\/figure>\n<p>Finalmente, <strong>exigi\u00f3 la liberaci\u00f3n de los rehenes a\u00fan en poder de Ham\u00e1s en Gaza<\/strong> y pidi\u00f3 mantener viva la memoria sin resignarse a la impunidad.<\/p>\n<h2><strong>Principales definiciones del acto:<\/strong><\/h2>\n<ul>\n<li>Participaci\u00f3n de Javier Milei, Karina Milei, Bullrich y Adorni.<\/li>\n<li>Fuerte reclamo de justicia por el atentado y el caso Nisman.<\/li>\n<li>Denuncia de la infiltraci\u00f3n iran\u00ed en la regi\u00f3n.<\/li>\n<li>Pedido de juicio en ausencia y sanci\u00f3n de leyes antiterroristas.<\/li>\n<li>Valoraci\u00f3n del respaldo argentino a Israel frente a Ham\u00e1s.<\/li>\n<li>Cr\u00edticas a la Justicia, la Fiscal\u00eda y la Corte Suprema por la lentitud.<\/li>\n<li>Llamado a la cooperaci\u00f3n internacional contra el terrorismo.<\/li>\n<\/ul>\n","protected":false},"excerpt":{"rendered":"<p>El presidente Javier Milei encabez\u00f3 este jueves el acto central por el 31\u00b0 aniversario del atentado a la AMIA, en un evento marcado por el reclamo de justicia, el recuerdo de las 85 v\u00edctimas fatales y una dura advertencia sobre la infiltraci\u00f3n iran\u00ed en Am\u00e9rica Latina. Acompa\u00f1ado por la Secretaria General de la Presidencia, Karina [&hellip;]<\/p>\n","protected":false},"author":2,"featured_media":11473,"comment_status":"open","ping_status":"open","sticky":false,"template":"","format":"standard","meta":{"_et_pb_use_builder":"","_et_pb_old_content":"","_et_gb_content_width":"","footnotes":""},"categories":[84],"tags":[],"class_list":["post-11472","post","type-post","status-publish","format-standard","has-post-thumbnail","hentry","category-ultimomomento"],"_links":{"self":[{"href":"https:\/\/verdadincomodadiario.ar\/index.php?rest_route=\/wp\/v2\/posts\/11472","targetHints":{"allow":["GET"]}}],"collection":[{"href":"https:\/\/verdadincomodadiario.ar\/index.php?rest_route=\/wp\/v2\/posts"}],"about":[{"href":"https:\/\/verdadincomodadiario.ar\/index.php?rest_route=\/wp\/v2\/types\/post"}],"author":[{"embeddable":true,"href":"https:\/\/verdadincomodadiario.ar\/index.php?rest_route=\/wp\/v2\/users\/2"}],"replies":[{"embeddable":true,"href":"https:\/\/verdadincomodadiario.ar\/index.php?rest_route=%2Fwp%2Fv2%2Fcomments&post=11472"}],"version-history":[{"count":0,"href":"https:\/\/verdadincomodadiario.ar\/index.php?rest_route=\/wp\/v2\/posts\/11472\/revisions"}],"wp:featuredmedia":[{"embeddable":true,"href":"https:\/\/verdadincomodadiario.ar\/index.php?rest_route=\/wp\/v2\/media\/11473"}],"wp:attachment":[{"href":"https:\/\/verdadincomodadiario.ar\/index.php?rest_route=%2Fwp%2Fv2%2Fmedia&parent=11472"}],"wp:term":[{"taxonomy":"category","embeddable":true,"href":"https:\/\/verdadincomodadiario.ar\/index.php?rest_route=%2Fwp%2Fv2%2Fcategories&post=11472"},{"taxonomy":"post_tag","embeddable":true,"href":"https:\/\/verdadincomodadiario.ar\/index.php?rest_route=%2Fwp%2Fv2%2Ftags&post=11472"}],"curies":[{"name":"wp","href":"https:\/\/api.w.org\/{rel}","templated":true}]}}