{"id":11470,"date":"2025-07-18T17:32:02","date_gmt":"2025-07-18T17:32:02","guid":{"rendered":"https:\/\/verdadincomodadiario.ar\/?p=11470"},"modified":"2025-07-18T17:32:02","modified_gmt":"2025-07-18T17:32:02","slug":"el-gobierno-suspendio-80-mil-pensiones-por-invalidez-falsas-que-otorgo-el-kirchnerismo","status":"publish","type":"post","link":"https:\/\/verdadincomodadiario.ar\/?p=11470","title":{"rendered":"El Gobierno suspendi\u00f3 80 mil pensiones por invalidez falsas que otorg\u00f3 el kirchnerismo"},"content":{"rendered":"<p><a href=\"https:\/\/derechadiario.com.ar\/politica\/gobierno-milei-anuncio-que-comenzo-proceso-privatizacion-aysa\" target=\"_blank\" title=\"El Gobierno de Milei anunci\u00f3 que comenz\u00f3 el proceso de privatizaci\u00f3n de AySA\">El Gobierno nacional<\/a>, a trav\u00e9s de la \u00a0<strong>Agencia Nacional de Discapacidad (ANDIS)<\/strong>, suspendi\u00f3 o dio de baja m\u00e1s de <strong>80.000 Pensiones No Contributivas por Invalidez Laboral<\/strong>, como parte de una auditor\u00eda integral que abarca a un mill\u00f3n de beneficiarios. Seg\u00fan fuentes oficiales, el 60% de quienes percib\u00edan esta asignaci\u00f3n no se present\u00f3 a la revisi\u00f3n m\u00e9dica obligatoria, requisito indispensable para mantener el beneficio.<\/p>\n<p><a href=\"https:\/\/derechadiario.com.ar\/politica\/gobierno-busca-dar-baja-mas-220-mil-pensiones-por-discapacidad-truchas\" target=\"_blank\" title=\"El Gobierno busca dar de baja m\u00e1s de 220 mil pensiones por discapacidad truchas\">Seg\u00fan precis\u00f3 la ANDIS, a \u00a0<strong>65.230 personas se les suspendi\u00f3 el beneficio<\/strong> <\/a>por diversas irregularidades; <strong>8.207 renunciaron<\/strong>\u00a0 voluntariamente a la asignaci\u00f3n estatal para evitar un eventual juicio, y otras <strong>6.643 fueron dadas de baja<\/strong>\u00a0 al confirmarse el fallecimiento del titular. En algunos de estos casos, los pagos continuaban siendo cobrados por familiares. En total, el Estado <strong>dej\u00f3 de abonar 80.080 pensiones<\/strong>, lo que representa un <strong>ahorro mensual de $23.143.120.000<\/strong>, considerando el monto mensual de $289.000 por beneficiario.<\/p>\n<p>La auditor\u00eda es <strong>ejecutada por<\/strong>\u00a0 profesionales <strong>m\u00e9dicos del PAMI y personal de la Agencia Nacional de Discapacidad<\/strong>, y alcanza a todos los beneficiarios mayores de edad bajo la <strong>ley 13.478<\/strong> y el decreto 432\/97, exceptuando a menores y personas ya auditadas en 2024.<\/p>\n<div class=\"inter_image image_horizontal\">\n<picture><source class=\"img-responsive\" type=\"image\/webp\" data-srcset=\"https:\/\/filesedc.com\/uploads\/image\/post\/2025\/07\/adorni-jpg_300_200.webp 300w, https:\/\/filesedc.com\/uploads\/image\/post\/2025\/07\/adorni-jpg_630_420.webp 630w, https:\/\/filesedc.com\/uploads\/image\/post\/2025\/07\/adorni-jpg_760_507.webp 760w, https:\/\/filesedc.com\/uploads\/image\/post\/2025\/07\/adorni-jpg_1200_800.webp 1200w, https:\/\/filesedc.com\/uploads\/image\/post\/2025\/07\/adorni-jpg_1600_1067.webp 1600w, \"><img decoding=\"async\" src=\"https:\/\/derechadiario.com.ar\/filesedc\/uploads\/image\/post\/2025\/07\/adorni-jpg_1200_800.webp\" class=\"img-responsive lazyload\" alt=\"Hombre de traje mostrando una radiograf\u00eda impresa durante una conferencia de prensa\" title=\"Hombre de traje mostrando una radiograf\u00eda impresa durante una conferencia de prensa\"><\/picture>\n<div>\n<span class=\"img_footer\">Manuel Adroni junto a la radiograf\u00eda del perro que se us\u00f3 para obtener una pensi\u00f3n por discapacidad. <\/span>| <span class=\"img_author\">La Derecha Diario<\/span>\n<\/div>\n<\/div>\n<p><em><strong>\u201cLa importancia de estas auditor\u00edas es un paso necesario para redirigir los recursos hacia las personas con discapacidad y sus familias, asegurando que aquellos que realmente requieren apoyo reciban la asistencia adecuada\u201d<\/strong><\/em>, se\u00f1alaron desde el organismo. Adem\u00e1s, expresaron su intenci\u00f3n de que <em><strong>\u201ceste proceso contin\u00fae, permitiendo una mayor transparencia y equidad en la distribuci\u00f3n de los beneficios\u201d<\/strong><\/em>.<\/p>\n<aside class=\"are-you-interested-container-photo\"><\/aside>\n<p>El procedimiento incluye la notificaci\u00f3n al beneficiario mediante carta documento, con fecha, hora y lugar de revisi\u00f3n. En caso de no asistir, se env\u00eda una segunda intimaci\u00f3n. Si a\u00fan no comparece, se suspende el pago del beneficio y se notifica en la entidad bancaria correspondiente.<\/p>\n<p>Solo si se comunica con la ANDIS para regularizar su situaci\u00f3n m\u00e9dica puede evitar la baja definitiva. Para la revisi\u00f3n, \u00a0<strong>se exige presentar el DNI, el Certificado \u00danico de Discapacidad<em> <\/em><em>(si lo posee)<\/em><\/strong><em> <\/em>y los certificados m\u00e9dicos que dieron origen a la pensi\u00f3n.<\/p>\n<p>El titular de la ANDIS, <strong>Diego Spagnuolo<\/strong>, afirm\u00f3 que<em> \u00a0<strong>\u201centre 2003 y 2015, la cantidad de Pensiones No Contributivas por Invalidez Laboral pas\u00f3 de 80.000 a 1.050.000, un n\u00famero sin precedentes, incluso en pa\u00edses que han sufrido guerras mundiales\u201d<\/strong><\/em>. Agreg\u00f3 que<em> \u00a0<strong>\u201cbajo la presidencia de Alberto Fern\u00e1ndez, esta cifra volvi\u00f3 a ascender, llegando a unas 1.250.000 pensiones entre 2019 y 2023\u201d<\/strong><\/em>.<\/p>\n<p>Adem\u00e1s, el funcionario sostuvo que durante los gobiernos kirchneristas se habr\u00edan entregado hasta mil Pensiones No Contributivas por Discapacidad Laboral en actos pol\u00edticos, lo que implicar\u00eda unos 300 millones de pesos mensuales.<\/p>\n<figure><img decoding=\"async\" src=\"https:\/\/derechadiario.com.ar\/filesedc\/uploads\/image\/post\/2025\/07\/vydyde72vnf6viw2can2v7pism_1200_800.webp\" class=\"img-responsive lazyload\" alt=\"Mujer de cabello casta\u00f1o haciendo un gesto sacando la lengua y poniendo las manos en su cara mientras un hombre de cabello canoso con barbijo est\u00e1 de espaldas\" title=\"Mujer de cabello casta\u00f1o haciendo un gesto sacando la lengua y poniendo las manos en su cara mientras un hombre de cabello canoso con barbijo est\u00e1 de espaldas\"><\/figure>\n<p>Entre los casos detectados en la auditor\u00eda, <strong>se registraron certificados m\u00e9dicos con<\/strong> <em><strong>\u201camputaciones<\/strong> que no eran tales\u201d<\/em>, una misma \u00a0<strong>radiograf\u00eda utilizada en 150 tr\u00e1mites<\/strong>, diagn\u00f3sticos por <em><strong>\u201cpie plano\u201d<\/strong><\/em>, personas privadas de libertad, y <strong>beneficiarios fallecidos<\/strong>\u00a0 cuyos familiares continuaban cobrando. Tambi\u00e9n se cit\u00f3 el caso de <strong>una mujer que<\/strong><em> \u00a0<strong>\u201cse disfraz\u00f3 para hacerse pasar por su esposo\u201d<\/strong><\/em>, y el de un hijo que admiti\u00f3 que su padre <em><strong>\u201cvive en Egipto desde hace meses\u201d<\/strong><\/em> mientras \u00e9l cobraba la pensi\u00f3n.<\/p>\n<p><strong>El Decreto 842\/2024<\/strong>, publicado el 9 de abril, reform\u00f3 el r\u00e9gimen vigente y otorg\u00f3 mayores atribuciones a la ANDIS. El nuevo marco legal impone la <em><strong>\u201cobligatoriedad de actualizaci\u00f3n de datos y reinscripci\u00f3n de todos los beneficiarios\u201d<\/strong><\/em>, endurece las condiciones de incompatibilidad y permite a la agencia <em><strong>\u201csuspender cautelarmente beneficios ante sospechas fundadas de irregularidades\u201d<\/strong><\/em>.<\/p>\n<p>Se autoriza tambi\u00e9n el intercambio de informaci\u00f3n con otros organismos como <strong>ANSES, AFIP, PAMI y el Ministerio de Justicia<\/strong>.<\/p>\n<aside class=\"whatsappChannelText\"><a href=\"https:\/\/whatsapp.com\/channel\/0029VagEjILGE56eKjedWF2U\" rel=\"nofollow\" title=\"WhatsApp Link\"><img alt=\"Logo de WhatsApp\" class=\"lazyload\" data-src=\"https:\/\/derechadiario.com.ar\/filesedc\/uploads\/other\/whatsapp_icon_mid_article.png\" width=\"32\" height=\"32\"><\/a> <a href=\"https:\/\/whatsapp.com\/channel\/0029VagEjILGE56eKjedWF2U\" rel=\"nofollow\" title=\"WhatsApp Link\"><strong>NO SE PIERDAN NINGUNA NOTICIA<\/strong>: Click aqu\u00ed para sumarte <strong>GRATIS<\/strong> al canal de noticias de <strong>La Derecha Diario en WhatsApp.<\/strong><\/a><\/aside>\n<p>En este contexto, se detect\u00f3 que <strong>212 presos y 331 pr\u00f3fugos<\/strong> de la justicia cobraban de forma irregular pensiones por invalidez laboral. En el <strong>85%<\/strong>\u00a0 de los casos de presos beneficiarios, las pensiones fueron <strong>otorgadas durante gobiernos kirchneristas<\/strong>.<\/p>\n<p><strong>El Ejecutivo sostiene<\/strong>\u00a0 que las auditor\u00edas buscan asegurar el uso responsable de los recursos del Estado. <em><strong>\u201cLos gobiernos de Cristina Fern\u00e1ndez de Kirchner y Alberto Fern\u00e1ndez hicieron una pol\u00edtica de subsidios discrecionales, no como producto de una evaluaci\u00f3n m\u00e9dica y necesidad social ante una vulnerabilidad manifiesta. Es lo que estamos revirtiendo\u201d<\/strong><\/em>, indicaron desde la <strong>ANDIS<\/strong>.<\/p>\n","protected":false},"excerpt":{"rendered":"<p>El Gobierno nacional, a trav\u00e9s de la \u00a0Agencia Nacional de Discapacidad (ANDIS), suspendi\u00f3 o dio de baja m\u00e1s de 80.000 Pensiones No Contributivas por Invalidez Laboral, como parte de una auditor\u00eda integral que abarca a un mill\u00f3n de beneficiarios. Seg\u00fan fuentes oficiales, el 60% de quienes percib\u00edan esta asignaci\u00f3n no se present\u00f3 a la revisi\u00f3n [&hellip;]<\/p>\n","protected":false},"author":2,"featured_media":11471,"comment_status":"open","ping_status":"open","sticky":false,"template":"","format":"standard","meta":{"_et_pb_use_builder":"","_et_pb_old_content":"","_et_gb_content_width":"","footnotes":""},"categories":[84],"tags":[],"class_list":["post-11470","post","type-post","status-publish","format-standard","has-post-thumbnail","hentry","category-ultimomomento"],"_links":{"self":[{"href":"https:\/\/verdadincomodadiario.ar\/index.php?rest_route=\/wp\/v2\/posts\/11470","targetHints":{"allow":["GET"]}}],"collection":[{"href":"https:\/\/verdadincomodadiario.ar\/index.php?rest_route=\/wp\/v2\/posts"}],"about":[{"href":"https:\/\/verdadincomodadiario.ar\/index.php?rest_route=\/wp\/v2\/types\/post"}],"author":[{"embeddable":true,"href":"https:\/\/verdadincomodadiario.ar\/index.php?rest_route=\/wp\/v2\/users\/2"}],"replies":[{"embeddable":true,"href":"https:\/\/verdadincomodadiario.ar\/index.php?rest_route=%2Fwp%2Fv2%2Fcomments&post=11470"}],"version-history":[{"count":0,"href":"https:\/\/verdadincomodadiario.ar\/index.php?rest_route=\/wp\/v2\/posts\/11470\/revisions"}],"wp:featuredmedia":[{"embeddable":true,"href":"https:\/\/verdadincomodadiario.ar\/index.php?rest_route=\/wp\/v2\/media\/11471"}],"wp:attachment":[{"href":"https:\/\/verdadincomodadiario.ar\/index.php?rest_route=%2Fwp%2Fv2%2Fmedia&parent=11470"}],"wp:term":[{"taxonomy":"category","embeddable":true,"href":"https:\/\/verdadincomodadiario.ar\/index.php?rest_route=%2Fwp%2Fv2%2Fcategories&post=11470"},{"taxonomy":"post_tag","embeddable":true,"href":"https:\/\/verdadincomodadiario.ar\/index.php?rest_route=%2Fwp%2Fv2%2Ftags&post=11470"}],"curies":[{"name":"wp","href":"https:\/\/api.w.org\/{rel}","templated":true}]}}