{"id":11454,"date":"2025-07-18T17:31:12","date_gmt":"2025-07-18T17:31:12","guid":{"rendered":"https:\/\/verdadincomodadiario.ar\/?p=11454"},"modified":"2025-07-18T17:31:12","modified_gmt":"2025-07-18T17:31:12","slug":"la-corte-suprema-de-brasil-lanzo-nuevas-autoritarias-medidas-contra-jair-bolsonaro","status":"publish","type":"post","link":"https:\/\/verdadincomodadiario.ar\/?p=11454","title":{"rendered":"La Corte Suprema de Brasil lanz\u00f3 nuevas autoritarias medidas contra Jair Bolsonaro"},"content":{"rendered":"<p>La Corte Suprema de Brasil impuso este viernes nuevas <strong>autoritarias medidas<\/strong> contra el expresidente <a href=\"https:\/\/derechadiario.com.ar\/internacionales\/lula-perderia-las-elecciones-contra-jair-y-michelle-bolsonaro-segun-nueva-encuesta\" target=\"_blank\" title=\"Lula perder\u00eda las elecciones contra Jair y Michelle Bolsonaro, seg\u00fan nueva encuesta\"><strong>Jair Bolsonaro<\/strong><\/a>, quien enfrenta un proceso judicial falso por un supuesto &#8220;<strong>intento de golpe de Estado<\/strong>&#8220;. Entre las disposiciones se incluye el uso obligatorio de una <strong>tobillera electr\u00f3nica<\/strong> y la <strong>prohibici\u00f3n para acceder a sus cuentas en redes sociales<\/strong>, seg\u00fan informaron medios locales.<\/p>\n<p>El m\u00e1ximo tribunal tambi\u00e9n <strong>le prohibi\u00f3 acercarse a embajadas<\/strong>, mantener contacto con <strong>diplom\u00e1ticos extranjeros<\/strong> y comunicarse con otros implicados o encausados en la causa relacionada con el intento de golpe, en lo que representa un nuevo ataque contra la democracia por parte del dictador <strong>Lula da Silva<\/strong>, quien tiene v\u00ednculos cercanos con los jueces.<\/p>\n<p>El expresidente, y <strong>perseguido pol\u00edtico<\/strong>,\u00a0fue objeto de operativos realizados por la Polic\u00eda Federal, que llev\u00f3 a cabo <strong>allanamientos<\/strong> en propiedades vinculadas a Bolsonaro. El exmandatario est\u00e1 siendo juzgado por el Supremo Tribunal Federal, acusado de encabezar una supuesta conspiraci\u00f3n para desconocer el mandato de su sucesor,\u00a0Lula da Silva, quien gan\u00f3 las elecciones mediante un <strong>fraude electoral<\/strong>.<\/p>\n<div class=\"inter_image image_horizontal\">\n<picture><source class=\"img-responsive\" type=\"image\/webp\" data-srcset=\"https:\/\/filesedc.com\/uploads\/image\/post\/2025\/07\/-1x-1-1752869181200_300_200.webp 300w, https:\/\/filesedc.com\/uploads\/image\/post\/2025\/07\/-1x-1-1752869181200_630_420.webp 630w, https:\/\/filesedc.com\/uploads\/image\/post\/2025\/07\/-1x-1-1752869181200_760_507.webp 760w, https:\/\/filesedc.com\/uploads\/image\/post\/2025\/07\/-1x-1-1752869181200_1200_800.webp 1200w, https:\/\/filesedc.com\/uploads\/image\/post\/2025\/07\/-1x-1-1752869181200_1600_1067.webp 1600w, \"><img decoding=\"async\" src=\"https:\/\/derechadiario.com.ar\/filesedc\/uploads\/image\/post\/2025\/07\/-1x-1-1752869181200_1200_800.webp\" class=\"img-responsive lazyload\" alt=\"Un hombre sentado gesticulando con las manos frente a un retrato suyo en la pared, ambos con expresi\u00f3n seria.\" title=\"Un hombre sentado gesticulando con las manos frente a un retrato suyo en la pared, ambos con expresi\u00f3n seria.\"><\/picture>\n<div>\n<span class=\"img_footer\">Jair Bolsonaro, expresidente de Brasil. <\/span>| <span class=\"img_author\">La Derecha Diario<\/span>\n<\/div>\n<\/div>\n<p>Uno de los allanamientos se realiz\u00f3 en su residencia en Brasilia y otro en la sede del Partido Liberal (PL), agrupaci\u00f3n pol\u00edtica liderada por el excapit\u00e1n del Ej\u00e9rcito, de acuerdo con informaci\u00f3n de la cadena Globonews.<\/p>\n<p>Estas autoritarias medidas se toman luego de las\u00a0declaraciones del presidente estadounidense <a href=\"https:\/\/derechadiario.com.ar\/internacionales\/donald-trump-anuncio-aranceles-del-50-brasil-por-autoritarismo-lula-da-silva\" target=\"_blank\" title=\"Donald Trump anunci\u00f3 aranceles del 50% a Brasil por el autoritarismo de Lula da Silva\"><strong>Donald Trump<\/strong><\/a>, quien pidi\u00f3 p\u00fablicamente que se suspenda el juicio contra Bolsonaro, a quien calific\u00f3 como v\u00edctima de \u201c<strong>una caza de brujas<\/strong>\u201d, y advirti\u00f3 al dictador que est\u00e1 atento a la situaci\u00f3n en Brasil.<\/p>\n<p>La Fiscal\u00eda brasile\u00f1a imputa a Jair Bolsonaro por <strong>cinco delitos que no cometi\u00f3<\/strong>, entre ellos intento de golpe de Estado y abolici\u00f3n violenta del Estado democr\u00e1tico de derecho, los cuales, en conjunto, podr\u00edan acarrearle hasta <strong>40 a\u00f1os de prisi\u00f3n<\/strong>.<\/p>\n<h2>Los mensajes de Donald Trump<\/h2>\n<p>En paralelo, el presidente estadounidense Donald Trump anunci\u00f3 la semana pasada la imposici\u00f3n de un <strong>arancel del 50%<\/strong> a las importaciones provenientes de Brasil, una medida motivada principalmente por la persecuci\u00f3n pol\u00edtica a Bolsonaro en Brasil y el <strong>autoritarismo de Lula da Silva<\/strong>.<\/p>\n<figure><img decoding=\"async\" src=\"https:\/\/derechadiario.com.ar\/filesedc\/uploads\/image\/post\/10b30b7b055cc117a391eaeb4111efea8d7f6125w_1200_800.webp\" class=\"img-responsive lazyload\" alt=\"Un hombre mayor con barba y traje gesticula con el dedo \u00edndice levantado frente a un micr\u00f3fono sobre un fondo azul.\" title=\"Un hombre mayor con barba y traje gesticula con el dedo \u00edndice levantado frente a un micr\u00f3fono sobre un fondo azul.\"><\/figure>\n<p>Trump justific\u00f3 su decisi\u00f3n se\u00f1alando el juicio contra Bolsonaro, al tiempo que critic\u00f3 las \u00f3rdenes \u201c<strong>clandestinas<\/strong>\u201d e \u201c<strong>ilegales<\/strong>\u201d del Supremo Tribunal Federal de Brasil para <strong>bloquear y censurar a usuarios<\/strong>\u00a0en redes sociales.<\/p>\n<p>Estas declaraciones generaron una fuerte crisis diplom\u00e1tica entre Washington y Brasilia. El dictador Luiz In\u00e1cio Lula da Silva respondi\u00f3 exigiendo respeto hacia el Poder Judicial de su pa\u00eds y calific\u00f3 las afirmaciones de Trump como \u201cun chantaje inaceptable\u201d.<\/p>\n<aside class=\"whatsappChannelText\"><a href=\"https:\/\/whatsapp.com\/channel\/0029VagEjILGE56eKjedWF2U\" rel=\"nofollow\" title=\"WhatsApp Link\"><img alt=\"Logo de WhatsApp\" class=\"lazyload\" data-src=\"https:\/\/derechadiario.com.ar\/filesedc\/uploads\/other\/whatsapp_icon_mid_article.png\" width=\"32\" height=\"32\"><\/a> <a href=\"https:\/\/whatsapp.com\/channel\/0029VagEjILGE56eKjedWF2U\" rel=\"nofollow\" title=\"WhatsApp Link\"><strong>NO SE PIERDAN NINGUNA NOTICIA<\/strong>: Click aqu\u00ed para sumarte <strong>GRATIS<\/strong> al canal de noticias de <strong>La Derecha Diario en WhatsApp.<\/strong><\/a><\/aside>\n<p>Un d\u00eda antes, Trump envi\u00f3 una <strong>carta en respaldo a Bolsonaro<\/strong>, en la que expres\u00f3 su esperanza de que Brasil pronto experimente un \u201c<strong>cambio de rumbo<\/strong>\u201d y pidi\u00f3 el cese del \u201c<strong>r\u00e9gimen de censura<\/strong>\u201d vigente en la naci\u00f3n sudamericana.<\/p>\n<p>Adem\u00e1s, este jueves, el propio Trump volvi\u00f3 a manifestarse p\u00fablicamente, instando al gobierno de Lula a rectificar el camino\u00a0y a cesar los ataques\u00a0contra el expresidente Jair Bolsonaro.<\/p>\n","protected":false},"excerpt":{"rendered":"<p>La Corte Suprema de Brasil impuso este viernes nuevas autoritarias medidas contra el expresidente Jair Bolsonaro, quien enfrenta un proceso judicial falso por un supuesto &#8220;intento de golpe de Estado&#8220;. Entre las disposiciones se incluye el uso obligatorio de una tobillera electr\u00f3nica y la prohibici\u00f3n para acceder a sus cuentas en redes sociales, seg\u00fan informaron [&hellip;]<\/p>\n","protected":false},"author":2,"featured_media":11455,"comment_status":"open","ping_status":"open","sticky":false,"template":"","format":"standard","meta":{"_et_pb_use_builder":"","_et_pb_old_content":"","_et_gb_content_width":"","footnotes":""},"categories":[187,79,188],"tags":[],"class_list":["post-11454","post","type-post","status-publish","format-standard","has-post-thumbnail","hentry","category-corte","category-internacionales","category-suprema"],"_links":{"self":[{"href":"https:\/\/verdadincomodadiario.ar\/index.php?rest_route=\/wp\/v2\/posts\/11454","targetHints":{"allow":["GET"]}}],"collection":[{"href":"https:\/\/verdadincomodadiario.ar\/index.php?rest_route=\/wp\/v2\/posts"}],"about":[{"href":"https:\/\/verdadincomodadiario.ar\/index.php?rest_route=\/wp\/v2\/types\/post"}],"author":[{"embeddable":true,"href":"https:\/\/verdadincomodadiario.ar\/index.php?rest_route=\/wp\/v2\/users\/2"}],"replies":[{"embeddable":true,"href":"https:\/\/verdadincomodadiario.ar\/index.php?rest_route=%2Fwp%2Fv2%2Fcomments&post=11454"}],"version-history":[{"count":0,"href":"https:\/\/verdadincomodadiario.ar\/index.php?rest_route=\/wp\/v2\/posts\/11454\/revisions"}],"wp:featuredmedia":[{"embeddable":true,"href":"https:\/\/verdadincomodadiario.ar\/index.php?rest_route=\/wp\/v2\/media\/11455"}],"wp:attachment":[{"href":"https:\/\/verdadincomodadiario.ar\/index.php?rest_route=%2Fwp%2Fv2%2Fmedia&parent=11454"}],"wp:term":[{"taxonomy":"category","embeddable":true,"href":"https:\/\/verdadincomodadiario.ar\/index.php?rest_route=%2Fwp%2Fv2%2Fcategories&post=11454"},{"taxonomy":"post_tag","embeddable":true,"href":"https:\/\/verdadincomodadiario.ar\/index.php?rest_route=%2Fwp%2Fv2%2Ftags&post=11454"}],"curies":[{"name":"wp","href":"https:\/\/api.w.org\/{rel}","templated":true}]}}