{"id":11452,"date":"2025-07-18T15:29:13","date_gmt":"2025-07-18T15:29:13","guid":{"rendered":"https:\/\/verdadincomodadiario.ar\/?p=11452"},"modified":"2025-07-18T15:29:13","modified_gmt":"2025-07-18T15:29:13","slug":"con-la-presencia-del-presidente-milei-se-realiza-el-acto-por-el-atentado-a-la-amia","status":"publish","type":"post","link":"https:\/\/verdadincomodadiario.ar\/?p=11452","title":{"rendered":"Con la presencia del Presidente Milei, se realiza el acto por el atentado a la AMIA"},"content":{"rendered":"<p><strong>Con la presencia del presidente Javier Milei y buena parte de su gabinete<\/strong>, la comunidad jud\u00eda conmemora <strong>el 31\u00b0 aniversario del atentado terrorista contra la sede de la AMIA<\/strong>, que el 18 de julio de 1994 dej\u00f3 un saldo de 85 muertos y m\u00e1s de 300 heridos.<\/p>\n<p>El acto central se realiza, como cada a\u00f1o, <strong>frente a la sede de Pasteur 633, en el horario exacto en que explot\u00f3 la bomba, a las 9:53<\/strong>.<\/p>\n<p>El acto, organizado por la AMIA, la DAIA y los familiares de las v\u00edctimas, se lleva a cabo <strong>bajo el lema \u201cLa impunidad sigue; el terrorismo tambi\u00e9n\u201d<\/strong>, en alusi\u00f3n a la persistente falta de justicia en uno de los episodios m\u00e1s graves de la historia argentina reciente.<\/p>\n<div class=\"inter_image image_horizontal\">\n<picture><source class=\"img-responsive\" type=\"image\/webp\" data-srcset=\"https:\/\/filesedc.com\/uploads\/image\/post\/2025\/07\/actoamia_300_200.webp 300w, https:\/\/filesedc.com\/uploads\/image\/post\/2025\/07\/actoamia_630_420.webp 630w, https:\/\/filesedc.com\/uploads\/image\/post\/2025\/07\/actoamia_760_507.webp 760w, https:\/\/filesedc.com\/uploads\/image\/post\/2025\/07\/actoamia_1200_800.webp 1200w, https:\/\/filesedc.com\/uploads\/image\/post\/2025\/07\/actoamia_1600_1067.webp 1600w, \"><img decoding=\"async\" src=\"https:\/\/derechadiario.com.ar\/filesedc\/uploads\/image\/post\/2025\/07\/actoamia_1200_800.webp\" class=\"img-responsive lazyload\" alt=\"Multitud de personas marchando y sosteniendo fotograf\u00edas en blanco y negro de v\u00edctimas en alto durante una manifestaci\u00f3n en la calle\" title=\"Multitud de personas marchando y sosteniendo fotograf\u00edas en blanco y negro de v\u00edctimas en alto durante una manifestaci\u00f3n en la calle\"><\/picture>\n<div>\n<span class=\"img_footer\">Participantes en el acto de la AMIA <\/span>| <span class=\"img_author\">La Derecha Diario<\/span>\n<\/div>\n<\/div>\n<p>Este a\u00f1o, el evento estuvo marcado por un fuerte respaldo del Ejecutivo:\u00a0<strong>encabezado por Milei<\/strong>, quien lleg\u00f3 al lugar pasadas las 9:30 acompa\u00f1ado por ministros, legisladores nacionales y provinciales, funcionarios del Gobierno de la Ciudad y referentes comunitarios.<\/p>\n<p>A diferencia del a\u00f1o pasado, <strong>no estuvo presente la vicepresidenta Victoria Villarruel<\/strong>, quien comunic\u00f3 previamente su ausencia debido a un viaje.<\/p>\n<p>Antes del acto, en declaraciones a los medios, <strong>el jefe de Gabinete, Guillermo Francos, destac\u00f3 el inicio del juicio en ausencia contra los sospechosos<\/strong>\u00a0 internacionales del atentado: \u201cEste a\u00f1o lo vivimos tal vez con un poco m\u00e1s de serenidad porque <strong>finalmente ha comenzado el juicio contra los responsables<\/strong>. Es incre\u00edble que 31 a\u00f1os despu\u00e9s todav\u00eda no haya condenas, pero da serenidad saber que el juicio ha comenzado\u201d.<\/p>\n<p>\u201cSe trabaj\u00f3 mucho en la investigaci\u00f3n, se sabe qui\u00e9nes son los responsables. <strong>Hoy tenemos la posibilidad de llegar al final en esta investigaci\u00f3n<\/strong>\u201d, agreg\u00f3 Francos.<\/p>\n<p>El acto es conducido por la periodista <strong>Mariana Fabbiani<\/strong>\u00a0 y contar\u00e1 con palabras del presidente de la AMIA, <strong>Osvaldo Armoza<\/strong>, y de varios familiares de las v\u00edctimas, que vuelven a reclamar justicia con firmeza y emoci\u00f3n.<\/p>\n<p>Tambi\u00e9n se proyect\u00f3 el video conmemorativo \u201cAniversario\u201d, narrado por el actor <strong>Ricardo Dar\u00edn<\/strong>, y el acompa\u00f1amiento musical estuvo a cargo del cantante <strong>Germ\u00e1n \u201cTripa\u201d Tripel<\/strong>.<\/p>\n<p><strong>Treinta y un a\u00f1os despu\u00e9s del peor ataque terrorista en la Argentina, el pedido es el mismo: memoria, verdad y justicia<\/strong>.<\/p>\n","protected":false},"excerpt":{"rendered":"<p>Con la presencia del presidente Javier Milei y buena parte de su gabinete, la comunidad jud\u00eda conmemora el 31\u00b0 aniversario del atentado terrorista contra la sede de la AMIA, que el 18 de julio de 1994 dej\u00f3 un saldo de 85 muertos y m\u00e1s de 300 heridos. El acto central se realiza, como cada a\u00f1o, [&hellip;]<\/p>\n","protected":false},"author":2,"featured_media":11453,"comment_status":"open","ping_status":"open","sticky":false,"template":"","format":"standard","meta":{"_et_pb_use_builder":"","_et_pb_old_content":"","_et_gb_content_width":"","footnotes":""},"categories":[84],"tags":[],"class_list":["post-11452","post","type-post","status-publish","format-standard","has-post-thumbnail","hentry","category-ultimomomento"],"_links":{"self":[{"href":"https:\/\/verdadincomodadiario.ar\/index.php?rest_route=\/wp\/v2\/posts\/11452","targetHints":{"allow":["GET"]}}],"collection":[{"href":"https:\/\/verdadincomodadiario.ar\/index.php?rest_route=\/wp\/v2\/posts"}],"about":[{"href":"https:\/\/verdadincomodadiario.ar\/index.php?rest_route=\/wp\/v2\/types\/post"}],"author":[{"embeddable":true,"href":"https:\/\/verdadincomodadiario.ar\/index.php?rest_route=\/wp\/v2\/users\/2"}],"replies":[{"embeddable":true,"href":"https:\/\/verdadincomodadiario.ar\/index.php?rest_route=%2Fwp%2Fv2%2Fcomments&post=11452"}],"version-history":[{"count":0,"href":"https:\/\/verdadincomodadiario.ar\/index.php?rest_route=\/wp\/v2\/posts\/11452\/revisions"}],"wp:featuredmedia":[{"embeddable":true,"href":"https:\/\/verdadincomodadiario.ar\/index.php?rest_route=\/wp\/v2\/media\/11453"}],"wp:attachment":[{"href":"https:\/\/verdadincomodadiario.ar\/index.php?rest_route=%2Fwp%2Fv2%2Fmedia&parent=11452"}],"wp:term":[{"taxonomy":"category","embeddable":true,"href":"https:\/\/verdadincomodadiario.ar\/index.php?rest_route=%2Fwp%2Fv2%2Fcategories&post=11452"},{"taxonomy":"post_tag","embeddable":true,"href":"https:\/\/verdadincomodadiario.ar\/index.php?rest_route=%2Fwp%2Fv2%2Ftags&post=11452"}],"curies":[{"name":"wp","href":"https:\/\/api.w.org\/{rel}","templated":true}]}}