{"id":11446,"date":"2025-07-18T13:27:34","date_gmt":"2025-07-18T13:27:34","guid":{"rendered":"https:\/\/verdadincomodadiario.ar\/?p=11446"},"modified":"2025-07-18T13:27:34","modified_gmt":"2025-07-18T13:27:34","slug":"arqueologos-descubren-que-los-bebes-neandertales-tambien-participaban-de-la-caza","status":"publish","type":"post","link":"https:\/\/verdadincomodadiario.ar\/?p=11446","title":{"rendered":"Arque\u00f3logos descubren que los beb\u00e9s neandertales tambi\u00e9n participaban de la caza"},"content":{"rendered":"<p>Un grupo de \u00a0<strong><a href=\"https:\/\/derechadiario.com.ar\/sociedad\/arqueologos-descubren-intentos-curar-cancer-antiguo-egipto-hace-4000-anos\" title=\"Arque\u00f3logos descubren intentos de curar el c\u00e1ncer en el antiguo Egipto hace 4.000 a\u00f1os\">arque\u00f3logos<\/a><\/strong> encontr\u00f3 \u00a0<strong>huellas fosilizadas<\/strong> que sugieren que los ni\u00f1os y hasta beb\u00e9s <strong><a href=\"https:\/\/derechadiario.com.ar\/sociedad\/sorpresa-arqueologica-descubren-hibrido-humano-y-neandertal-israel\" title=\"Sorpresa arqueol\u00f3gica: descubren un h\u00edbrido entre humano y neandertal en Israel\">neandertales<\/a><\/strong>\u00a0 no solo acompa\u00f1aban, sino que participaban en actividades de caza junto a los adultos.<\/p>\n<p>El descubrimiento cambia lo que se sab\u00eda sobre la <strong>vida social y organizaci\u00f3n familiar<\/strong> de los <strong>neandertales<\/strong>\u00a0 en <strong>Europa<\/strong> hace m\u00e1s de 80.000 a\u00f1os.<\/p>\n<div class=\"inter_image image_horizontal\">\n<picture><source class=\"img-responsive\" type=\"image\/webp\" data-srcset=\"https:\/\/filesedc.com\/uploads\/image\/post\/2025\/07\/praia-do-telheiro-y-monte-clerigo-portugal-descubrimiento-neandertal_300_200.webp 300w, https:\/\/filesedc.com\/uploads\/image\/post\/2025\/07\/praia-do-telheiro-y-monte-clerigo-portugal-descubrimiento-neandertal_630_420.webp 630w, https:\/\/filesedc.com\/uploads\/image\/post\/2025\/07\/praia-do-telheiro-y-monte-clerigo-portugal-descubrimiento-neandertal_760_507.webp 760w, https:\/\/filesedc.com\/uploads\/image\/post\/2025\/07\/praia-do-telheiro-y-monte-clerigo-portugal-descubrimiento-neandertal_1200_800.webp 1200w, https:\/\/filesedc.com\/uploads\/image\/post\/2025\/07\/praia-do-telheiro-y-monte-clerigo-portugal-descubrimiento-neandertal_1600_1067.webp 1600w, \"><img decoding=\"async\" src=\"https:\/\/derechadiario.com.ar\/filesedc\/uploads\/image\/post\/2025\/07\/praia-do-telheiro-y-monte-clerigo-portugal-descubrimiento-neandertal_1200_800.webp\" class=\"img-responsive lazyload\" alt=\"Vista a\u00e9rea de una playa de arena dorada con olas rompiendo en la orilla y formaciones rocosas cerca del mar\" title=\"Vista a\u00e9rea de una playa de arena dorada con olas rompiendo en la orilla y formaciones rocosas cerca del mar\"><\/picture>\n<div>\n<span class=\"img_footer\">El hallazgo tuvo lugar en las dunas de Praia do Telheiro y Monte Cl\u00e9rigo <\/span>| <span class=\"img_author\">La Derecha Diario<\/span>\n<\/div>\n<\/div>\n<h2><strong>\u00bfD\u00f3nde se encontraron las huellas neandertales?<\/strong><\/h2>\n<p>El hallazgo tuvo lugar en las dunas de <strong>Praia do Telheiro<\/strong> y <strong>Monte Cl\u00e9rigo<\/strong>, en el Algarve, al sur de Portugal. All\u00ed, investigadores de la Universidad de Lisboa localizaron <strong>huellas humanas fosilizadas<\/strong> que datan de hace m\u00e1s de 80 milenios.<\/p>\n<p>En Telheiro se identific\u00f3 la pisada de un adolescente o una joven mujer. En Monte Cl\u00e9rigo, en cambio, las huellas corresponden a un <strong>grupo familiar con un beb\u00e9<\/strong> que apenas sab\u00eda caminar.<\/p>\n<h2><strong>Coordinaci\u00f3n y estrategia<\/strong><\/h2>\n<p>Las huellas no est\u00e1n desordenadas. Forman <strong>trayectorias coordinadas<\/strong> en zonas elevadas, lo que sugiere un lugar pensado para observar presas. Tambi\u00e9n encontraron <strong>rastros de ciervos rojos<\/strong>, lo que refuerza la idea de un escenario de caza planeado.<\/p>\n<figure><img decoding=\"async\" src=\"https:\/\/derechadiario.com.ar\/filesedc\/uploads\/image\/post\/2025\/07\/huellas-neandertales-caza_1200_800.webp\" class=\"img-responsive lazyload\" alt=\"Huellas fosilizadas de dinosaurios en un terreno rocoso bajo un cielo despejado\" title=\"Huellas fosilizadas de dinosaurios en un terreno rocoso bajo un cielo despejado\"><\/figure>\n<p>Los cient\u00edficos plantean que los adultos llevaban a los ni\u00f1os para <strong>transmitir conocimientos<\/strong> y fortalecer v\u00ednculos comunitarios. No se trataba solo de subsistencia, sino tambi\u00e9n de educaci\u00f3n.<\/p>\n<h2><strong>Un nuevo enfoque sobre la infancia neandertal<\/strong><\/h2>\n<p>Esta evidencia cambia la mirada tradicional: los ni\u00f1os no quedaban al margen. Por el contrario, <strong>formaban parte del grupo activo<\/strong> y aprend\u00edan desde muy chicos a cazar y sobrevivir.<\/p>\n<aside class=\"whatsappChannelText\"><a href=\"https:\/\/whatsapp.com\/channel\/0029VagEjILGE56eKjedWF2U\" rel=\"nofollow\" title=\"WhatsApp Link\"><img alt=\"Logo de WhatsApp\" class=\"lazyload\" data-src=\"https:\/\/derechadiario.com.ar\/filesedc\/uploads\/other\/whatsapp_icon_mid_article.png\" width=\"32\" height=\"32\"><\/a> <a href=\"https:\/\/whatsapp.com\/channel\/0029VagEjILGE56eKjedWF2U\" rel=\"nofollow\" title=\"WhatsApp Link\"><strong>NO SE PIERDAN NINGUNA NOTICIA<\/strong>: Click aqu\u00ed para sumarte <strong>GRATIS<\/strong> al canal de noticias de <strong>La Derecha Diario en WhatsApp.<\/strong><\/a><\/aside>\n<p>Los neandertales, lejos de ser primitivos, ten\u00edan una <strong>estructura social compleja<\/strong>, donde hasta los m\u00e1s chicos ocupaban un rol funcional.<\/p>\n<figure><img decoding=\"async\" src=\"https:\/\/derechadiario.com.ar\/filesedc\/uploads\/image\/post\/2025\/07\/hibrido-neandertal-homo-sapiens_1200_800.webp\" class=\"img-responsive lazyload\" alt=\"Ni\u00f1o con cabello largo y desordenado vestido con una prenda de piel mirando al frente con expresi\u00f3n seria en un fondo difuminado.\" title=\"Ni\u00f1o con cabello largo y desordenado vestido con una prenda de piel mirando al frente con expresi\u00f3n seria en un fondo difuminado.\"><\/figure>\n<h2><strong>Otros descubrimientos similares en la pen\u00ednsula ib\u00e9rica<\/strong><\/h2>\n<p>Este hallazgo se suma a otros en la regi\u00f3n, como los de <strong>Matalasca\u00f1as, en Huelva<\/strong>. All\u00ed tambi\u00e9n se encontraron huellas y restos de una <strong>dieta variada<\/strong>, con grandes mam\u00edferos y recursos del mar como moluscos y peces.<\/p>\n<p>La adaptabilidad de estos grupos muestra un <strong>conocimiento profundo del entorno<\/strong>, esencial para sobrevivir durante la \u00faltima glaciaci\u00f3n.<\/p>\n","protected":false},"excerpt":{"rendered":"<p>Un grupo de \u00a0arque\u00f3logos encontr\u00f3 \u00a0huellas fosilizadas que sugieren que los ni\u00f1os y hasta beb\u00e9s neandertales\u00a0 no solo acompa\u00f1aban, sino que participaban en actividades de caza junto a los adultos. El descubrimiento cambia lo que se sab\u00eda sobre la vida social y organizaci\u00f3n familiar de los neandertales\u00a0 en Europa hace m\u00e1s de 80.000 a\u00f1os. El [&hellip;]<\/p>\n","protected":false},"author":2,"featured_media":11447,"comment_status":"open","ping_status":"open","sticky":false,"template":"","format":"standard","meta":{"_et_pb_use_builder":"","_et_pb_old_content":"","_et_gb_content_width":"","footnotes":""},"categories":[84],"tags":[],"class_list":["post-11446","post","type-post","status-publish","format-standard","has-post-thumbnail","hentry","category-ultimomomento"],"_links":{"self":[{"href":"https:\/\/verdadincomodadiario.ar\/index.php?rest_route=\/wp\/v2\/posts\/11446","targetHints":{"allow":["GET"]}}],"collection":[{"href":"https:\/\/verdadincomodadiario.ar\/index.php?rest_route=\/wp\/v2\/posts"}],"about":[{"href":"https:\/\/verdadincomodadiario.ar\/index.php?rest_route=\/wp\/v2\/types\/post"}],"author":[{"embeddable":true,"href":"https:\/\/verdadincomodadiario.ar\/index.php?rest_route=\/wp\/v2\/users\/2"}],"replies":[{"embeddable":true,"href":"https:\/\/verdadincomodadiario.ar\/index.php?rest_route=%2Fwp%2Fv2%2Fcomments&post=11446"}],"version-history":[{"count":0,"href":"https:\/\/verdadincomodadiario.ar\/index.php?rest_route=\/wp\/v2\/posts\/11446\/revisions"}],"wp:featuredmedia":[{"embeddable":true,"href":"https:\/\/verdadincomodadiario.ar\/index.php?rest_route=\/wp\/v2\/media\/11447"}],"wp:attachment":[{"href":"https:\/\/verdadincomodadiario.ar\/index.php?rest_route=%2Fwp%2Fv2%2Fmedia&parent=11446"}],"wp:term":[{"taxonomy":"category","embeddable":true,"href":"https:\/\/verdadincomodadiario.ar\/index.php?rest_route=%2Fwp%2Fv2%2Fcategories&post=11446"},{"taxonomy":"post_tag","embeddable":true,"href":"https:\/\/verdadincomodadiario.ar\/index.php?rest_route=%2Fwp%2Fv2%2Ftags&post=11446"}],"curies":[{"name":"wp","href":"https:\/\/api.w.org\/{rel}","templated":true}]}}