{"id":11444,"date":"2025-07-18T13:27:35","date_gmt":"2025-07-18T13:27:35","guid":{"rendered":"https:\/\/verdadincomodadiario.ar\/?p=11444"},"modified":"2025-07-18T13:27:35","modified_gmt":"2025-07-18T13:27:35","slug":"amazon-prime-video-confirma-la-temporada-5-de-invencible-antes-de-estrenar-la-4","status":"publish","type":"post","link":"https:\/\/verdadincomodadiario.ar\/?p=11444","title":{"rendered":"Amazon Prime Video confirma la temporada 5 de &#8216;Invencible&#8217; antes de estrenar la 4"},"content":{"rendered":"<p><a href=\"https:\/\/derechadiario.com.ar\/entretenimiento\/the-boys-amazon-prime-video-anuncio-precuela-con-soldier-boy-y-stormfront\" title=\"'The Boys': Amazon Prime Video anunci\u00f3 una precuela con Soldier Boy y Stormfront\"><strong>Prime Video<\/strong><\/a> confirm\u00f3 la quinta temporada de <em>&#8216;<strong>Invencible<\/strong>&#8216;<\/em>, la serie animada basada en los c\u00f3mics de Robert Kirkman.<\/p>\n<p><strong><a href=\"https:\/\/derechadiario.com.ar\/entretenimiento\/amazon-prime-video-estrenara-menem-tras-destrabar-conflicto-judicial\" title=\"Amazon Prime Video estrenar\u00e1 \u201cMenem\u201d tras destrabar un conflicto judicial\">Amazon<\/a><\/strong>\u00a0 busca dejar atr\u00e1s la mayor cr\u00edtica de los fans: los extensos parates entre temporadas.<\/p>\n<div class=\"inter_image image_horizontal\">\n<picture><source class=\"img-responsive\" type=\"image\/webp\" data-srcset=\"https:\/\/filesedc.com\/uploads\/image\/post\/2025\/07\/invencible-amazon-prime-video_300_200.webp 300w, https:\/\/filesedc.com\/uploads\/image\/post\/2025\/07\/invencible-amazon-prime-video_630_420.webp 630w, https:\/\/filesedc.com\/uploads\/image\/post\/2025\/07\/invencible-amazon-prime-video_760_507.webp 760w, https:\/\/filesedc.com\/uploads\/image\/post\/2025\/07\/invencible-amazon-prime-video_1200_800.webp 1200w, https:\/\/filesedc.com\/uploads\/image\/post\/2025\/07\/invencible-amazon-prime-video_1600_1067.webp 1600w, \"><img decoding=\"async\" src=\"https:\/\/derechadiario.com.ar\/filesedc\/uploads\/image\/post\/2025\/07\/invencible-amazon-prime-video_1200_800.webp\" class=\"img-responsive lazyload\" alt=\"Superh\u00e9roe animado con traje amarillo y azul, cubierto de sangre y con el uniforme roto, en una ciudad destruida al fondo\" title=\"Superh\u00e9roe animado con traje amarillo y azul, cubierto de sangre y con el uniforme roto, en una ciudad destruida al fondo\"><\/picture>\n<div>\n<span class=\"img_footer\">Prime Video confirm\u00f3 la quinta temporada de &#8216;Invencible&#8217; <\/span>| <span class=\"img_author\">La Derecha Diario<\/span>\n<\/div>\n<\/div>\n<h2><strong>La heredera de &#8216;The Boys&#8217; sigue adelante<\/strong><\/h2>\n<p><strong>Invencible<\/strong> se consolid\u00f3 como una de las series animadas m\u00e1s exitosas del cat\u00e1logo de <strong>Amazon Prime Video<\/strong>.<\/p>\n<p>Antes incluso de estrenar su cuarta temporada, la plataforma confirm\u00f3 que la serie tendr\u00e1 una quinta entrega.<\/p>\n<aside class=\"are-you-interested-container-photo\"><\/aside>\n<h3><strong>Robert Kirkman ya trabaja en los nuevos cap\u00edtulos<\/strong><\/h3>\n<p>Seg\u00fan revel\u00f3 DiscussingFilm, <strong>la temporada 5 ya complet\u00f3 las grabaciones de voz<\/strong>. Eso indica que la producci\u00f3n est\u00e1 avanzada y que Prime Video busca acelerar los tiempos de estreno.<\/p>\n<aside class=\"whatsappChannelText\"><a href=\"https:\/\/whatsapp.com\/channel\/0029VagEjILGE56eKjedWF2U\" rel=\"nofollow\" title=\"WhatsApp Link\"><img alt=\"Logo de WhatsApp\" class=\"lazyload\" data-src=\"https:\/\/derechadiario.com.ar\/filesedc\/uploads\/other\/whatsapp_icon_mid_article.png\" width=\"32\" height=\"32\"><\/a> <a href=\"https:\/\/whatsapp.com\/channel\/0029VagEjILGE56eKjedWF2U\" rel=\"nofollow\" title=\"WhatsApp Link\"><strong>NO SE PIERDAN NINGUNA NOTICIA<\/strong>: Click aqu\u00ed para sumarte <strong>GRATIS<\/strong> al canal de noticias de <strong>La Derecha Diario en WhatsApp.<\/strong><\/a><\/aside>\n<div class=\"text-center\">\n<h3 class=\"dailyMotionTitle\">&#8216;Invencible&#8217; tendr\u00e1 temporada 5<\/h3>\n<aside>\n<figure class=\"op-interactive\"><\/figure>\n<\/aside>\n<\/div>\n<h2><strong>Un cambio para los fans<\/strong><\/h2>\n<p>La segunda temporada tard\u00f3 a\u00f1os en llegar, generando enojo entre los seguidores de la serie.\u00a0Ahora, el equipo creativo apunta a evitar esos retrasos para mantener el ritmo narrativo y la atenci\u00f3n del p\u00fablico.<\/p>\n<h3><strong>La meta es una temporada por a\u00f1o<\/strong><\/h3>\n<p><strong>Robert Kirkman<\/strong> confirm\u00f3 que la idea es estrenar nuevos episodios cada febrero.\u00a0Sin embargo, aclar\u00f3 que el calendario puede modificarse por cuestiones de producci\u00f3n.<\/p>\n<figure><img decoding=\"async\" src=\"https:\/\/derechadiario.com.ar\/filesedc\/uploads\/image\/post\/2025\/07\/robert-kirkman-invencible_1200_800.webp\" class=\"img-responsive lazyload\" alt=\"Hombre de barba y cabello corto con expresi\u00f3n seria frente a un micr\u00f3fono y un fondo desenfocado\" title=\"Hombre de barba y cabello corto con expresi\u00f3n seria frente a un micr\u00f3fono y un fondo desenfocado\"><\/figure>\n<h2><strong>\u00bfCu\u00e1ndo se estrena la temporada 4?<\/strong><\/h2>\n<p>Por ahora, se sabe que <strong>llegar\u00e1 en alg\u00fan momento de 2026<\/strong>, aunque sin fecha exacta.<\/p>\n<p>Con este calendario, <strong>&#8216;Invencible&#8217;<\/strong> se perfila como una serie que va a tener continuidad por muchos a\u00f1os m\u00e1s.<\/p>\n","protected":false},"excerpt":{"rendered":"<p>Prime Video confirm\u00f3 la quinta temporada de &#8216;Invencible&#8216;, la serie animada basada en los c\u00f3mics de Robert Kirkman. Amazon\u00a0 busca dejar atr\u00e1s la mayor cr\u00edtica de los fans: los extensos parates entre temporadas. Prime Video confirm\u00f3 la quinta temporada de &#8216;Invencible&#8217; | La Derecha Diario La heredera de &#8216;The Boys&#8217; sigue adelante Invencible se consolid\u00f3 [&hellip;]<\/p>\n","protected":false},"author":2,"featured_media":11445,"comment_status":"open","ping_status":"open","sticky":false,"template":"","format":"standard","meta":{"_et_pb_use_builder":"","_et_pb_old_content":"","_et_gb_content_width":"","footnotes":""},"categories":[84],"tags":[],"class_list":["post-11444","post","type-post","status-publish","format-standard","has-post-thumbnail","hentry","category-ultimomomento"],"_links":{"self":[{"href":"https:\/\/verdadincomodadiario.ar\/index.php?rest_route=\/wp\/v2\/posts\/11444","targetHints":{"allow":["GET"]}}],"collection":[{"href":"https:\/\/verdadincomodadiario.ar\/index.php?rest_route=\/wp\/v2\/posts"}],"about":[{"href":"https:\/\/verdadincomodadiario.ar\/index.php?rest_route=\/wp\/v2\/types\/post"}],"author":[{"embeddable":true,"href":"https:\/\/verdadincomodadiario.ar\/index.php?rest_route=\/wp\/v2\/users\/2"}],"replies":[{"embeddable":true,"href":"https:\/\/verdadincomodadiario.ar\/index.php?rest_route=%2Fwp%2Fv2%2Fcomments&post=11444"}],"version-history":[{"count":0,"href":"https:\/\/verdadincomodadiario.ar\/index.php?rest_route=\/wp\/v2\/posts\/11444\/revisions"}],"wp:featuredmedia":[{"embeddable":true,"href":"https:\/\/verdadincomodadiario.ar\/index.php?rest_route=\/wp\/v2\/media\/11445"}],"wp:attachment":[{"href":"https:\/\/verdadincomodadiario.ar\/index.php?rest_route=%2Fwp%2Fv2%2Fmedia&parent=11444"}],"wp:term":[{"taxonomy":"category","embeddable":true,"href":"https:\/\/verdadincomodadiario.ar\/index.php?rest_route=%2Fwp%2Fv2%2Fcategories&post=11444"},{"taxonomy":"post_tag","embeddable":true,"href":"https:\/\/verdadincomodadiario.ar\/index.php?rest_route=%2Fwp%2Fv2%2Ftags&post=11444"}],"curies":[{"name":"wp","href":"https:\/\/api.w.org\/{rel}","templated":true}]}}