{"id":11440,"date":"2025-07-18T13:27:37","date_gmt":"2025-07-18T13:27:37","guid":{"rendered":"https:\/\/verdadincomodadiario.ar\/?p=11440"},"modified":"2025-07-18T13:27:37","modified_gmt":"2025-07-18T13:27:37","slug":"recrean-a-walt-disney-como-robot-y-los-fans-dicen-que-parece-de-salido-de-terminator","status":"publish","type":"post","link":"https:\/\/verdadincomodadiario.ar\/?p=11440","title":{"rendered":"Recrean a Walt Disney como robot y los fans dicen que parece de salido de &#8216;Terminator&#8217;"},"content":{"rendered":"<p><a href=\"https:\/\/derechadiario.com.ar\/entretenimiento\/blancanieves-fue-desastre-disney-pierde-mas-100-millones-dolares\" title=\"'Blancanieves' fue un desastre: Disney pierde m\u00e1s de 100 millones de d\u00f3lares\"><strong>Disney<\/strong><\/a> present\u00f3 un animatr\u00f3nico hiperrealista de su fundador, <strong>Walt Disney<\/strong>, en un nuevo show biogr\u00e1fico. Pero en vez de emoci\u00f3n, caus\u00f3 <strong>rechazo y desconcierto<\/strong>.<\/p>\n<p>El nuevo espect\u00e1culo en <a href=\"https:\/\/derechadiario.com.ar\/internacionales\/disney-abrira-parque-abu-dhabi-sin-marchas-del-orgullo-gay-ni-ideologia-woke\" title=\"Disney abrir\u00e1 un parque en Abu Dhabi sin marchas del Orgullo Gay ni ideolog\u00eda 'Woke'\"><strong>Disneyland<\/strong><\/a>, que deb\u00eda ser un homenaje emotivo, termin\u00f3 generando incomodidad en redes sociales y fuertes cr\u00edticas de la comunidad.<\/p>\n<div class=\"inter_image image_horizontal\">\n<picture><source class=\"img-responsive\" type=\"image\/webp\" data-srcset=\"https:\/\/filesedc.com\/uploads\/image\/post\/2025\/07\/walt-disney_300_200.webp 300w, https:\/\/filesedc.com\/uploads\/image\/post\/2025\/07\/walt-disney_630_420.webp 630w, https:\/\/filesedc.com\/uploads\/image\/post\/2025\/07\/walt-disney_760_507.webp 760w, https:\/\/filesedc.com\/uploads\/image\/post\/2025\/07\/walt-disney_1200_800.webp 1200w, https:\/\/filesedc.com\/uploads\/image\/post\/2025\/07\/walt-disney_1600_1067.webp 1600w, \"><img decoding=\"async\" src=\"https:\/\/derechadiario.com.ar\/filesedc\/uploads\/image\/post\/2025\/07\/walt-disney_1200_800.webp\" class=\"img-responsive lazyload\" alt=\"Figura de cera de un hombre con bigote y traje gris en una oficina con escritorio, silla, estanter\u00eda y un gran mapa en la pared\" title=\"Figura de cera de un hombre con bigote y traje gris en una oficina con escritorio, silla, estanter\u00eda y un gran mapa en la pared\"><\/picture>\n<div>\n<span class=\"img_footer\">Disney present\u00f3 un animatr\u00f3nico hiperrealista de su fundador <\/span>| <span class=\"img_author\">La Derecha Diario<\/span>\n<\/div>\n<\/div>\n<h2><strong>\u00bfUn homenaje?<\/strong><\/h2>\n<p>La figura rob\u00f3tica forma parte del show <em>Walt Disney &#8211; A Magical Life<\/em>, donde se recrean <strong>gestos, movimientos y voz<\/strong> del creador del imperio Disney a partir de archivo audiovisual.<\/p>\n<p>Sin embargo, muchos lo consideran un paso demasiado lejos. En redes sociales lo compararon con un personaje salido de <em>Terminator<\/em>, y cuestionaron su rostro por parecer artificial o irreconocible.<\/p>\n<aside class=\"are-you-interested-container-photo\"><\/aside>\n<h3><strong>\u201c\u00bfPor qu\u00e9 tiene esa cara?\u201d<\/strong><\/h3>\n<p>Las cr\u00edticas m\u00e1s fuertes apuntan al dise\u00f1o facial. En canales especializados como <em>Capture the Magic<\/em> cuestionaron la est\u00e9tica del robot y lo compararon desfavorablemente con el cl\u00e1sico animatr\u00f3nico de <strong>Abraham Lincoln<\/strong>.<\/p>\n<figure><img decoding=\"async\" src=\"https:\/\/derechadiario.com.ar\/filesedc\/uploads\/image\/post\/2025\/07\/walt-disney-robot-animatronico_1200_800.webp\" class=\"img-responsive lazyload\" alt=\"Comparaci\u00f3n entre una figura de cera y una fotograf\u00eda de un hombre de mediana edad con bigote y traje gris, ambos con corbata y expresi\u00f3n sonriente.\" title=\"Comparaci\u00f3n entre una figura de cera y una fotograf\u00eda de un hombre de mediana edad con bigote y traje gris, ambos con corbata y expresi\u00f3n sonriente.\"><\/figure>\n<h2><strong>La familia no dio el visto bueno<\/strong><\/h2>\n<p>Joanna Miller, nieta de Walt Disney, ya hab\u00eda advertido que este tipo de iniciativas pod\u00edan ser <strong>fr\u00edvolas y deshumanizantes<\/strong>. Asegur\u00f3 que el uso de su imagen sin consentimiento familiar cruzaba l\u00edmites \u00e9ticos.<\/p>\n<p>El espect\u00e1culo se presenta en el mismo escenario donde estaba <em>Great Moments with Mr. Lincoln<\/em>, lo que acentu\u00f3 las comparaciones y la sensaci\u00f3n de falta de respeto.<\/p>\n<figure><img decoding=\"async\" src=\"https:\/\/derechadiario.com.ar\/filesedc\/uploads\/image\/post\/2025\/07\/walt-disney-1752837355376_1200_800.webp\" class=\"img-responsive lazyload\" alt=\"Un hombre sonriente junto a una persona disfrazada de Mickey Mouse en un parque tem\u00e1tico con un castillo al fondo\" title=\"Un hombre sonriente junto a una persona disfrazada de Mickey Mouse en un parque tem\u00e1tico con un castillo al fondo\"><\/figure>\n<h2><strong>\u00bfUna obra t\u00e9cnica impresionante?<\/strong><\/h2>\n<p>Algunos especialistas rescataron la calidad t\u00e9cnica del robot. Destacaron detalles como los <strong>parpadeos, microgestos<\/strong> y el uso de grabaciones reales de la voz de Walt Disney.<\/p>\n<aside class=\"whatsappChannelText\"><a href=\"https:\/\/whatsapp.com\/channel\/0029VagEjILGE56eKjedWF2U\" rel=\"nofollow\" title=\"WhatsApp Link\"><img alt=\"Logo de WhatsApp\" class=\"lazyload\" data-src=\"https:\/\/derechadiario.com.ar\/filesedc\/uploads\/other\/whatsapp_icon_mid_article.png\" width=\"32\" height=\"32\"><\/a> <a href=\"https:\/\/whatsapp.com\/channel\/0029VagEjILGE56eKjedWF2U\" rel=\"nofollow\" title=\"WhatsApp Link\"><strong>NO SE PIERDAN NINGUNA NOTICIA<\/strong>: Click aqu\u00ed para sumarte <strong>GRATIS<\/strong> al canal de noticias de <strong>La Derecha Diario en WhatsApp.<\/strong><\/a><\/aside>\n<p>La compa\u00f1\u00eda lo defini\u00f3 como su <strong>animatr\u00f3nico m\u00e1s complejo<\/strong> hasta la fecha, resultado de m\u00e1s de siete a\u00f1os de trabajo.<\/p>\n","protected":false},"excerpt":{"rendered":"<p>Disney present\u00f3 un animatr\u00f3nico hiperrealista de su fundador, Walt Disney, en un nuevo show biogr\u00e1fico. Pero en vez de emoci\u00f3n, caus\u00f3 rechazo y desconcierto. El nuevo espect\u00e1culo en Disneyland, que deb\u00eda ser un homenaje emotivo, termin\u00f3 generando incomodidad en redes sociales y fuertes cr\u00edticas de la comunidad. Disney present\u00f3 un animatr\u00f3nico hiperrealista de su fundador [&hellip;]<\/p>\n","protected":false},"author":2,"featured_media":11441,"comment_status":"open","ping_status":"open","sticky":false,"template":"","format":"standard","meta":{"_et_pb_use_builder":"","_et_pb_old_content":"","_et_gb_content_width":"","footnotes":""},"categories":[84],"tags":[],"class_list":["post-11440","post","type-post","status-publish","format-standard","has-post-thumbnail","hentry","category-ultimomomento"],"_links":{"self":[{"href":"https:\/\/verdadincomodadiario.ar\/index.php?rest_route=\/wp\/v2\/posts\/11440","targetHints":{"allow":["GET"]}}],"collection":[{"href":"https:\/\/verdadincomodadiario.ar\/index.php?rest_route=\/wp\/v2\/posts"}],"about":[{"href":"https:\/\/verdadincomodadiario.ar\/index.php?rest_route=\/wp\/v2\/types\/post"}],"author":[{"embeddable":true,"href":"https:\/\/verdadincomodadiario.ar\/index.php?rest_route=\/wp\/v2\/users\/2"}],"replies":[{"embeddable":true,"href":"https:\/\/verdadincomodadiario.ar\/index.php?rest_route=%2Fwp%2Fv2%2Fcomments&post=11440"}],"version-history":[{"count":0,"href":"https:\/\/verdadincomodadiario.ar\/index.php?rest_route=\/wp\/v2\/posts\/11440\/revisions"}],"wp:featuredmedia":[{"embeddable":true,"href":"https:\/\/verdadincomodadiario.ar\/index.php?rest_route=\/wp\/v2\/media\/11441"}],"wp:attachment":[{"href":"https:\/\/verdadincomodadiario.ar\/index.php?rest_route=%2Fwp%2Fv2%2Fmedia&parent=11440"}],"wp:term":[{"taxonomy":"category","embeddable":true,"href":"https:\/\/verdadincomodadiario.ar\/index.php?rest_route=%2Fwp%2Fv2%2Fcategories&post=11440"},{"taxonomy":"post_tag","embeddable":true,"href":"https:\/\/verdadincomodadiario.ar\/index.php?rest_route=%2Fwp%2Fv2%2Ftags&post=11440"}],"curies":[{"name":"wp","href":"https:\/\/api.w.org\/{rel}","templated":true}]}}