{"id":11430,"date":"2025-07-18T12:26:56","date_gmt":"2025-07-18T12:26:56","guid":{"rendered":"https:\/\/verdadincomodadiario.ar\/?p=11430"},"modified":"2025-07-18T12:26:56","modified_gmt":"2025-07-18T12:26:56","slug":"a-31-anos-del-atentado-contra-la-amia-israel-vuelve-a-apuntar-contra-iran","status":"publish","type":"post","link":"https:\/\/verdadincomodadiario.ar\/?p=11430","title":{"rendered":"A 31 a\u00f1os del atentado contra la AMIA, Israel vuelve a apuntar contra Ir\u00e1n"},"content":{"rendered":"<p>Hoy se cumplen <strong>31 a\u00f1os del atentado m\u00e1s brutal cometido en suelo argentino:<\/strong> <strong>la voladura de la sede de la AMIA<\/strong>, que dej\u00f3 85 muertos y m\u00e1s de 300 heridos. Tres d\u00e9cadas despu\u00e9s, la Justicia argentina ha se\u00f1alado con claridad al <strong>r\u00e9gimen iran\u00ed como autor intelectual del ataque, ejecutado a trav\u00e9s del grupo terrorista Hezbollah<\/strong>. Pero mientras las v\u00edctimas reclaman justicia, Teher\u00e1n no solo sigue negando su responsabilidad: contin\u00faa ampliando sus redes en la regi\u00f3n.<\/p>\n<p>Un informe reciente del <strong>Ministerio de la Di\u00e1spora y la Lucha contra el Antisemitismo del Estado de Israel titulado \u201cLos tent\u00e1culos de Ir\u00e1n en Am\u00e9rica Latina\u201d<\/strong> documenta la preocupante influencia del r\u00e9gimen de los ayatol\u00e1s en Argentina.<\/p>\n<p>El dossier de 13 p\u00e1ginas expone los v\u00ednculos del <strong>jeque Abdul Karim Paz \u2014im\u00e1n de la mezquita At-Tauhid de Buenos Aires<\/strong>\u2014 con la teocracia iran\u00ed, as\u00ed como su colaboraci\u00f3n con figuras como Moshen Rabbani, se\u00f1alado como uno de los cerebros del atentado.<\/p>\n<p>El informe sostiene que Paz y sus allegados, entre ellos su esposa y otros activistas vinculados al chiismo radical, forman parte de <strong>una c\u00e9lula con base en Buenos Aires cuyo objetivo es difundir propaganda antisemita y defender los intereses de Ir\u00e1n<\/strong>.<\/p>\n<div class=\"inter_image image_horizontal\">\n<picture><source class=\"img-responsive\" type=\"image\/webp\" data-srcset=\"https:\/\/filesedc.com\/uploads\/image\/post\/2025\/07\/ayatollah-1752822523990_300_200.webp 300w, https:\/\/filesedc.com\/uploads\/image\/post\/2025\/07\/ayatollah-1752822523990_630_420.webp 630w, https:\/\/filesedc.com\/uploads\/image\/post\/2025\/07\/ayatollah-1752822523990_760_507.webp 760w, https:\/\/filesedc.com\/uploads\/image\/post\/2025\/07\/ayatollah-1752822523990_1200_800.webp 1200w, https:\/\/filesedc.com\/uploads\/image\/post\/2025\/07\/ayatollah-1752822523990_1600_1067.webp 1600w, \"><img decoding=\"async\" src=\"https:\/\/derechadiario.com.ar\/filesedc\/uploads\/image\/post\/2025\/07\/ayatollah-1752822523990_1200_800.webp\" class=\"img-responsive lazyload\" alt=\"Hombre mayor con barba y turbante negro hablando frente a dos micr\u00f3fonos sentado junto a una bandera de Ir\u00e1n y un fondo de cortinas azules\" title=\"Hombre mayor con barba y turbante negro hablando frente a dos micr\u00f3fonos sentado junto a una bandera de Ir\u00e1n y un fondo de cortinas azules\"><\/picture>\n<div>\n<span class=\"img_footer\">Ayatollah Khamenei <\/span>| <span class=\"img_author\">La Derecha Diario<\/span>\n<\/div>\n<\/div>\n<p>Todo esto, mientras se conoce que Ir\u00e1n mantiene c\u00e9lulas dormidas en la <strong>Triple Frontera<\/strong>, listas para actuar bajo \u00f3rdenes directas de Ali Khamenei.<\/p>\n<p>Frente a esta amenaza persistente, <strong>la colaboraci\u00f3n entre Israel y Argentina se vuelve clave<\/strong>. A diferencia del silencio c\u00f3mplice de otros actores internacionales, Israel sigue aportando informaci\u00f3n y apoyo a las investigaciones judiciales. <strong>Y la Argentina de Javier Milei ha demostrado estar comprometida con la b\u00fasqueda de la verdad.<\/strong><\/p>\n<p><a href=\"https:\/\/derechadiario.com.ar\/israel\/politica\/regimen-terrorista-iran-apunto-contra-milei-por-defender-israel\" title=\"El r\u00e9gimen terrorista de Ir\u00e1n apunt\u00f3 contra Milei por defender a Israel\">Mientras Ir\u00e1n acusa a la Argentina ante la ONU <\/a>por su cercan\u00eda con Israel, el verdadero crimen que no puede ser olvidado es el del 18 de julio de 1994. La memoria exige justicia. Y la justicia, verdad.<\/p>\n","protected":false},"excerpt":{"rendered":"<p>Hoy se cumplen 31 a\u00f1os del atentado m\u00e1s brutal cometido en suelo argentino: la voladura de la sede de la AMIA, que dej\u00f3 85 muertos y m\u00e1s de 300 heridos. Tres d\u00e9cadas despu\u00e9s, la Justicia argentina ha se\u00f1alado con claridad al r\u00e9gimen iran\u00ed como autor intelectual del ataque, ejecutado a trav\u00e9s del grupo terrorista Hezbollah. [&hellip;]<\/p>\n","protected":false},"author":2,"featured_media":11431,"comment_status":"open","ping_status":"open","sticky":false,"template":"","format":"standard","meta":{"_et_pb_use_builder":"","_et_pb_old_content":"","_et_gb_content_width":"","footnotes":""},"categories":[84],"tags":[],"class_list":["post-11430","post","type-post","status-publish","format-standard","has-post-thumbnail","hentry","category-ultimomomento"],"_links":{"self":[{"href":"https:\/\/verdadincomodadiario.ar\/index.php?rest_route=\/wp\/v2\/posts\/11430","targetHints":{"allow":["GET"]}}],"collection":[{"href":"https:\/\/verdadincomodadiario.ar\/index.php?rest_route=\/wp\/v2\/posts"}],"about":[{"href":"https:\/\/verdadincomodadiario.ar\/index.php?rest_route=\/wp\/v2\/types\/post"}],"author":[{"embeddable":true,"href":"https:\/\/verdadincomodadiario.ar\/index.php?rest_route=\/wp\/v2\/users\/2"}],"replies":[{"embeddable":true,"href":"https:\/\/verdadincomodadiario.ar\/index.php?rest_route=%2Fwp%2Fv2%2Fcomments&post=11430"}],"version-history":[{"count":0,"href":"https:\/\/verdadincomodadiario.ar\/index.php?rest_route=\/wp\/v2\/posts\/11430\/revisions"}],"wp:featuredmedia":[{"embeddable":true,"href":"https:\/\/verdadincomodadiario.ar\/index.php?rest_route=\/wp\/v2\/media\/11431"}],"wp:attachment":[{"href":"https:\/\/verdadincomodadiario.ar\/index.php?rest_route=%2Fwp%2Fv2%2Fmedia&parent=11430"}],"wp:term":[{"taxonomy":"category","embeddable":true,"href":"https:\/\/verdadincomodadiario.ar\/index.php?rest_route=%2Fwp%2Fv2%2Fcategories&post=11430"},{"taxonomy":"post_tag","embeddable":true,"href":"https:\/\/verdadincomodadiario.ar\/index.php?rest_route=%2Fwp%2Fv2%2Ftags&post=11430"}],"curies":[{"name":"wp","href":"https:\/\/api.w.org\/{rel}","templated":true}]}}