{"id":11428,"date":"2025-07-18T12:26:57","date_gmt":"2025-07-18T12:26:57","guid":{"rendered":"https:\/\/verdadincomodadiario.ar\/?p=11428"},"modified":"2025-07-18T12:26:57","modified_gmt":"2025-07-18T12:26:57","slug":"nueva-york-lanzo-la-primera-fuerza-especial-contra-el-antisemitismo","status":"publish","type":"post","link":"https:\/\/verdadincomodadiario.ar\/?p=11428","title":{"rendered":"Nueva York lanz\u00f3 la primera Fuerza Especial contra el Antisemitismo"},"content":{"rendered":"<p><a href=\"https:\/\/derechadiario.com.ar\/israel\/politica\/llevan-juicio-universidad-berlin-por-antisemitismo\" title=\"Llevan a juicio a una universidad de Berl\u00edn por antisemitismo\">En medio de un aumento sostenido de cr\u00edmenes de odio <\/a>contra la comunidad jud\u00eda desde el ataque de Ham\u00e1s del 7 de octubre de 2023, <strong>la ciudad de Nueva York dio un paso in\u00e9dito<\/strong>: se celebr\u00f3 la reuni\u00f3n inaugural de <strong>la Fuerza de Tarea contra el Antisemitismo<\/strong>, encabezada por <strong>el alcalde Eric Adams<\/strong>.<\/p>\n<p>La iniciativa, <strong>parte de la recientemente creada Oficina para Combatir el Antisemitismo<\/strong>\u00a0 \u2014dependiente directamente del despacho del alcalde\u2014, busca coordinar acciones para hacer frente a una realidad alarmante: en Nueva York, <strong>los jud\u00edos son blanco de m\u00e1s cr\u00edmenes de odio que todos los dem\u00e1s grupos combinados<\/strong>.<\/p>\n<p><strong>La reuni\u00f3n tuvo lugar en el Ayuntamiento de Manhattan<\/strong>\u00a0 y congreg\u00f3 a representantes de m\u00faltiples organismos, desde la polic\u00eda de la ciudad (NYPD), la Comisi\u00f3n de Derechos Humanos y la Oficina para la Prevenci\u00f3n de Cr\u00edmenes de Odio, hasta departamentos menos asociados con la tem\u00e1tica, como Parques y Recreaci\u00f3n o Servicios para Peque\u00f1os Negocios.<\/p>\n<div class=\"inter_image image_horizontal\">\n<picture><source class=\"img-responsive\" type=\"image\/webp\" data-srcset=\"https:\/\/filesedc.com\/uploads\/image\/post\/2025\/07\/moshedavis_300_200.webp 300w, https:\/\/filesedc.com\/uploads\/image\/post\/2025\/07\/moshedavis_630_420.webp 630w, https:\/\/filesedc.com\/uploads\/image\/post\/2025\/07\/moshedavis_760_507.webp 760w, https:\/\/filesedc.com\/uploads\/image\/post\/2025\/07\/moshedavis_1200_800.webp 1200w, https:\/\/filesedc.com\/uploads\/image\/post\/2025\/07\/moshedavis_1600_1067.webp 1600w, \"><img decoding=\"async\" src=\"https:\/\/derechadiario.com.ar\/filesedc\/uploads\/image\/post\/2025\/07\/moshedavis_1200_800.webp\" class=\"img-responsive lazyload\" alt=\"Un grupo de personas vestidas formalmente rodea a un hombre que habla en un podio con el escudo de la ciudad de Nueva York y un letrero que dice NYC.GOV\/WINS, al fondo hay banderas y carteles informativos.\" title=\"Un grupo de personas vestidas formalmente rodea a un hombre que habla en un podio con el escudo de la ciudad de Nueva York y un letrero que dice NYC.GOV\/WINS, al fondo hay banderas y carteles informativos.\"><\/picture>\n<div>\n<span class=\"img_footer\">Moshe Davis, una de las personas al mando de la nueva fuerza <\/span>| <span class=\"img_author\">La Derecha Diario<\/span>\n<\/div>\n<\/div>\n<p>Dirigida por <strong>Moshe Davis,\u00a0titular de la nueva fuerza de tarea<\/strong>, y Randy Mastro, vicealcalde primero, la reuni\u00f3n marc\u00f3 el inicio formal de un esfuerzo de colaboraci\u00f3n interinstitucional.<\/p>\n<p>\u201cEstamos aqu\u00ed para dejar claro qu\u00e9 se tolera y qu\u00e9 no. <strong>Queremos convertirnos en un ejemplo de c\u00f3mo debe actuar un gobierno municipal frente al odio<\/strong>\u201d, afirm\u00f3 Mastro, enfatizando la necesidad de una pol\u00edtica de \u201c<strong>tolerancia cero<\/strong>\u201d.\u00a0<\/p>\n<p>Tambi\u00e9n se abord\u00f3 la definici\u00f3n de antisemitismo adoptada por Adams el mes pasado, basada en los par\u00e1metros de la IHRA, con el fin de capacitar a las agencias para identificar mejor este tipo de incidentes. <strong>\u201cFue un gran punto de partida. Se sinti\u00f3 la energ\u00eda y la voluntad de colaborar. Las ideas comenzaron a fluir\u201d<\/strong>, destac\u00f3 Davis al concluir el encuentro.<\/p>\n<p><strong>Nueva York se convierte as\u00ed en la primera gran ciudad estadounidense en establecer una estructura oficial y permanente para abordar espec\u00edficamente el antisemitismo<\/strong>, marcando un precedente frente a una problem\u00e1tica que ha adquirido renovada urgencia.<\/p>\n","protected":false},"excerpt":{"rendered":"<p>En medio de un aumento sostenido de cr\u00edmenes de odio contra la comunidad jud\u00eda desde el ataque de Ham\u00e1s del 7 de octubre de 2023, la ciudad de Nueva York dio un paso in\u00e9dito: se celebr\u00f3 la reuni\u00f3n inaugural de la Fuerza de Tarea contra el Antisemitismo, encabezada por el alcalde Eric Adams. La iniciativa, [&hellip;]<\/p>\n","protected":false},"author":2,"featured_media":11429,"comment_status":"open","ping_status":"open","sticky":false,"template":"","format":"standard","meta":{"_et_pb_use_builder":"","_et_pb_old_content":"","_et_gb_content_width":"","footnotes":""},"categories":[84],"tags":[],"class_list":["post-11428","post","type-post","status-publish","format-standard","has-post-thumbnail","hentry","category-ultimomomento"],"_links":{"self":[{"href":"https:\/\/verdadincomodadiario.ar\/index.php?rest_route=\/wp\/v2\/posts\/11428","targetHints":{"allow":["GET"]}}],"collection":[{"href":"https:\/\/verdadincomodadiario.ar\/index.php?rest_route=\/wp\/v2\/posts"}],"about":[{"href":"https:\/\/verdadincomodadiario.ar\/index.php?rest_route=\/wp\/v2\/types\/post"}],"author":[{"embeddable":true,"href":"https:\/\/verdadincomodadiario.ar\/index.php?rest_route=\/wp\/v2\/users\/2"}],"replies":[{"embeddable":true,"href":"https:\/\/verdadincomodadiario.ar\/index.php?rest_route=%2Fwp%2Fv2%2Fcomments&post=11428"}],"version-history":[{"count":0,"href":"https:\/\/verdadincomodadiario.ar\/index.php?rest_route=\/wp\/v2\/posts\/11428\/revisions"}],"wp:featuredmedia":[{"embeddable":true,"href":"https:\/\/verdadincomodadiario.ar\/index.php?rest_route=\/wp\/v2\/media\/11429"}],"wp:attachment":[{"href":"https:\/\/verdadincomodadiario.ar\/index.php?rest_route=%2Fwp%2Fv2%2Fmedia&parent=11428"}],"wp:term":[{"taxonomy":"category","embeddable":true,"href":"https:\/\/verdadincomodadiario.ar\/index.php?rest_route=%2Fwp%2Fv2%2Fcategories&post=11428"},{"taxonomy":"post_tag","embeddable":true,"href":"https:\/\/verdadincomodadiario.ar\/index.php?rest_route=%2Fwp%2Fv2%2Ftags&post=11428"}],"curies":[{"name":"wp","href":"https:\/\/api.w.org\/{rel}","templated":true}]}}