{"id":11414,"date":"2025-07-18T03:24:05","date_gmt":"2025-07-18T03:24:05","guid":{"rendered":"https:\/\/verdadincomodadiario.ar\/?p=11414"},"modified":"2025-07-18T03:24:05","modified_gmt":"2025-07-18T03:24:05","slug":"el-pais-de-la-vaca-atada","status":"publish","type":"post","link":"https:\/\/verdadincomodadiario.ar\/?p=11414","title":{"rendered":"El Pa\u00eds de la Vaca Atada"},"content":{"rendered":"<p>La reciente prohibici\u00f3n de exportaciones de ganado en pie <strong>despert\u00f3 una fuerte indignaci\u00f3n en el sector productivo<\/strong>, y tambi\u00e9n alz\u00f3 la voz la corriente liberal que desde hace ya un tiempo viene creciendo en las redes.<\/p>\n<p>Para explicarlo en t\u00e9rminos sencillos: un productor puede vender su ganado al frigor\u00edfico y recibir el precio que \u00e9ste le ofrezca. El frigor\u00edfico faena el animal y exporta la carne. Cuando el frigor\u00edfico es la \u00fanica opci\u00f3n para el productor, entonces le puede pagar lo menos posible para recibir la materia prima. <strong>La exportaci\u00f3n de ganado en pie surgi\u00f3 como alternativa competitiva<\/strong>, permitiendo a los productores obtener mejores m\u00e1rgenes y m\u00e1s estabilidad.<\/p>\n<p><a href=\"https:\/\/derechadiario.com.ar\/uruguay\/opinion\/asi-luce-socialdemocracia\">Quiz\u00e1s tambi\u00e9n te interese&#8230;<\/a><\/p>\n<p>Hoy estamos en un momento de mercado muy favorable para la ganader\u00eda, con precios que superan los 5 USD por kilo de novillo, cuando lo habitual es menos de 4 USD. <strong>El MGAP prohibi\u00f3 la exportaci\u00f3n de ganado en pie<\/strong>, dejando atado al productor a un precio que el frigor\u00edfico defina y sin poder aprovechar el contexto internacional. <strong>Esto opera como un desest\u00edmulo en toda la producci\u00f3n<\/strong>.<\/p>\n<p><strong>Estas cosas no sorprenden en un pa\u00eds como Uruguay<\/strong>. El modelo de la vaca atada es parte de nuestra idiosincrasia. Recordemos otros casos similares.<\/p>\n<p>Por ejemplo, c\u00f3mo cuando nos toman el pelo en cada campa\u00f1a electoral de la Intendencia de Montevideo, cuando prometen un tren, un tranv\u00eda o un subte. <strong>Eso nunca ocurrir\u00e1 porque no le conviene a Salgado<\/strong>, tan simple como eso. Pero vayamos a los resultados para el consumidor: <strong>Montevideo es la \u00fanica ciudad de la regi\u00f3n donde el boleto supera 1 USD<\/strong> y, aun as\u00ed, la calidad del servicio es p\u00e9sima.<\/p>\n<p><a href=\"https:\/\/derechadiario.com.ar\/uruguay\/politica\/mujica-delato-sus-companeros-y-colaboro-con-los-militares-1972\">Quiz\u00e1s tambi\u00e9n te interese&#8230;<\/a><\/p>\n<p>Otro caso es el del f\u00fatbol. Desde 1998 \u2014hace m\u00e1s de 25 a\u00f1os\u2014 Tenfield tiene los derechos exclusivos del f\u00fatbol uruguayo. <strong>Durante ese tiempo ha habido corrupci\u00f3n, presiones y favores fiscales impunes<\/strong>. \u00bfY ahora la &#8220;soluci\u00f3n&#8221;? Que Antel se quede con los derechos. <strong>No aprendemos nada<\/strong>.<\/p>\n<p><strong>\u00bfQu\u00e9 dice la izquierda de todo esto?<\/strong> Es parad\u00f3jico lo que sucede respecto al discurso de izquierda sobre el aparato privado y los monopolios.<\/p>\n<p>Primero, porque siempre critican a los supuestos &#8220;malla oro&#8221;. Pero <strong>\u00bfqui\u00e9nes son m\u00e1s malla oro que los favorecidos por el Estado?<\/strong> Adem\u00e1s, imaginan al empresario como un gordo con malet\u00edn, cuando el 80% de las empresas en Uruguay son PYMES y emprendedores que apuestan a este pa\u00eds.<\/p>\n<p><a href=\"https:\/\/derechadiario.com.ar\/uruguay\/politica\/100-dias-bitacora-del-proyecto-gobierno-honesto-yamandu-orsi\">Quiz\u00e1s tambi\u00e9n te interese&#8230;<\/a><\/p>\n<p>En cuanto a los monopolios, <strong>lo que nunca se cuestionan es que el monopolio m\u00e1s peligroso es el estatal<\/strong>, o el que es protegido por el Estado. En un mercado abierto, si una empresa se abusa, <strong>otra puede entrar y competir<\/strong>. Eso obliga a mantener la calidad o bajar los precios. <strong>Eso se llama progreso<\/strong>.<\/p>\n<p>La intervenci\u00f3n estatal no solo erosiona el aparato productivo, sino que <strong>nos frena respecto a otros pa\u00edses<\/strong>. Ya deber\u00edamos haber aprendido hace d\u00e9cadas que la competitividad <strong>genera mejores productos y precios m\u00e1s accesibles<\/strong>. Es el consumidor el que tira del carro. El mercado premia al que lo entiende.<\/p>\n<p><strong>En el pa\u00eds de la vaca atada el principal perjudicado es el consumidor<\/strong>, sobre todo los m\u00e1s pobres, <strong>esos que dicen defender los pol\u00edticos mientras comen canap\u00e9s con sus amigotes<\/strong>.<\/p>\n<p>Razonemos algo. Desde los 70 a hoy, <strong>todos los pa\u00edses de la regi\u00f3n crecieron en poblaci\u00f3n y desarrollo<\/strong>. Uruguay pas\u00f3 de 2,8 millones a apenas m\u00e1s de 3 millones, y m\u00e1s de 100 mil son extranjeros. <strong>Somos un pa\u00eds sin futuro para sus j\u00f3venes<\/strong>, con un freno de mano impuesto por este modelo agotado.<\/p>\n<p>Ya tenemos el lastre de ser un mercado chico. <strong>No podemos darnos el lujo de pagar sobreprecios para favorecer empresaurios amigos de pol\u00edticos<\/strong>. <strong>Es hora de despertar de la Matrix<\/strong>. Tomemos la p\u00edldora roja. Es hora de un cambio.<\/p>\n","protected":false},"excerpt":{"rendered":"<p>La reciente prohibici\u00f3n de exportaciones de ganado en pie despert\u00f3 una fuerte indignaci\u00f3n en el sector productivo, y tambi\u00e9n alz\u00f3 la voz la corriente liberal que desde hace ya un tiempo viene creciendo en las redes. Para explicarlo en t\u00e9rminos sencillos: un productor puede vender su ganado al frigor\u00edfico y recibir el precio que \u00e9ste [&hellip;]<\/p>\n","protected":false},"author":2,"featured_media":11415,"comment_status":"open","ping_status":"open","sticky":false,"template":"","format":"standard","meta":{"_et_pb_use_builder":"","_et_pb_old_content":"","_et_gb_content_width":"","footnotes":""},"categories":[84],"tags":[],"class_list":["post-11414","post","type-post","status-publish","format-standard","has-post-thumbnail","hentry","category-ultimomomento"],"_links":{"self":[{"href":"https:\/\/verdadincomodadiario.ar\/index.php?rest_route=\/wp\/v2\/posts\/11414","targetHints":{"allow":["GET"]}}],"collection":[{"href":"https:\/\/verdadincomodadiario.ar\/index.php?rest_route=\/wp\/v2\/posts"}],"about":[{"href":"https:\/\/verdadincomodadiario.ar\/index.php?rest_route=\/wp\/v2\/types\/post"}],"author":[{"embeddable":true,"href":"https:\/\/verdadincomodadiario.ar\/index.php?rest_route=\/wp\/v2\/users\/2"}],"replies":[{"embeddable":true,"href":"https:\/\/verdadincomodadiario.ar\/index.php?rest_route=%2Fwp%2Fv2%2Fcomments&post=11414"}],"version-history":[{"count":0,"href":"https:\/\/verdadincomodadiario.ar\/index.php?rest_route=\/wp\/v2\/posts\/11414\/revisions"}],"wp:featuredmedia":[{"embeddable":true,"href":"https:\/\/verdadincomodadiario.ar\/index.php?rest_route=\/wp\/v2\/media\/11415"}],"wp:attachment":[{"href":"https:\/\/verdadincomodadiario.ar\/index.php?rest_route=%2Fwp%2Fv2%2Fmedia&parent=11414"}],"wp:term":[{"taxonomy":"category","embeddable":true,"href":"https:\/\/verdadincomodadiario.ar\/index.php?rest_route=%2Fwp%2Fv2%2Fcategories&post=11414"},{"taxonomy":"post_tag","embeddable":true,"href":"https:\/\/verdadincomodadiario.ar\/index.php?rest_route=%2Fwp%2Fv2%2Ftags&post=11414"}],"curies":[{"name":"wp","href":"https:\/\/api.w.org\/{rel}","templated":true}]}}