{"id":11396,"date":"2025-07-17T22:28:45","date_gmt":"2025-07-17T22:28:45","guid":{"rendered":"https:\/\/verdadincomodadiario.ar\/?p=11396"},"modified":"2025-07-17T22:28:45","modified_gmt":"2025-07-17T22:28:45","slug":"economista-fracasado-el-socialista-luis-arce-defendio-su-modelo-empobrecedor","status":"publish","type":"post","link":"https:\/\/verdadincomodadiario.ar\/?p=11396","title":{"rendered":"Economista fracasado: El socialista Luis Arce defendi\u00f3 su modelo empobrecedor"},"content":{"rendered":"<p><a href=\"https:\/\/derechadiario.com.ar\/bolivia\/politica\/socialista-luis-arce-responsabilizo-oposicion-por-escasez-dolares\" title=\"El socialista Luis Arce responsabiliz\u00f3 a la oposici\u00f3n por la escasez de d\u00f3lares\">El socialista\u00a0Luis Arce<\/a> insisti\u00f3 esta semana en que su modelo econ\u00f3mico <strong>\u201csigue rindiendo frutos\u201d<\/strong>. En dos actos p\u00fablicos en La Paz, defendi\u00f3 la vigencia del <a href=\"https:\/\/derechadiario.com.ar\/bolivia\/politica\/proclamacion-masista-del-castillo-prometio-continuar-con-modelo-empobrecedor\" title=\"Proclamaci\u00f3n masista: Del Castillo prometi\u00f3 continuar con el modelo empobrecedor\">sistema econ\u00f3mico masista<\/a>, al que denomina\u00a0Modelo Econ\u00f3mico Social Comunitario Productivo.<\/p>\n<p>Adem\u00e1s, afirm\u00f3 que las cr\u00edticas de la oposici\u00f3n son parte de una campa\u00f1a para desprestigiar su gesti\u00f3n. Seg\u00fan \u00e9l, el modelo boliviano est\u00e1 fortalecido pese a las dificultades recientes. <strong>\u201cNo es cierto que el modelo est\u00e9 desgastado\u201d<\/strong>, asegur\u00f3.<\/p>\n<p>Arce <strong>cuestion\u00f3 a los candidatos que plantean una alternativa al masismo<\/strong>. Mencion\u00f3 directamente a Jorge Quiroga y Samuel Doria Medina. Dijo que el pueblo \u201ctiene memoria\u201d y sabe qui\u00e9nes causaron pobreza en el pasado.<\/p>\n<p>Luego, reiter\u00f3 que su modelo es mejor porque distribuye excedentes al pueblo. Y critic\u00f3 a quienes supuestamente quieren entregar la econom\u00eda a las transnacionales.<\/p>\n<h2>Arce ignora la realidad<\/h2>\n<div class=\"inter_image image_horizontal\">\n<picture><source class=\"img-responsive\" type=\"image\/webp\" data-srcset=\"https:\/\/filesedc.com\/uploads\/image\/post\/2025\/07\/arce-lp-170725_300_200.webp 300w, https:\/\/filesedc.com\/uploads\/image\/post\/2025\/07\/arce-lp-170725_630_420.webp 630w, https:\/\/filesedc.com\/uploads\/image\/post\/2025\/07\/arce-lp-170725_760_507.webp 760w, https:\/\/filesedc.com\/uploads\/image\/post\/2025\/07\/arce-lp-170725_1200_800.webp 1200w, https:\/\/filesedc.com\/uploads\/image\/post\/2025\/07\/arce-lp-170725_1600_1067.webp 1600w, \"><img decoding=\"async\" src=\"https:\/\/derechadiario.com.ar\/filesedc\/uploads\/image\/post\/2025\/07\/arce-lp-170725_1200_800.webp\" class=\"img-responsive lazyload\" alt=\"Tres hombres con cascos de seguridad y camisas azules posan sonrientes con guirnaldas de flores en el cuello en un entorno industrial al aire libre uno de ellos sostiene un diploma enmarcado y una canasta mientras otro levanta el pu\u00f1o en se\u00f1al de celebraci\u00f3n\" title=\"Tres hombres con cascos de seguridad y camisas azules posan sonrientes con guirnaldas de flores en el cuello en un entorno industrial al aire libre uno de ellos sostiene un diploma enmarcado y una canasta mientras otro levanta el pu\u00f1o en se\u00f1al de celebraci\u00f3n\"><\/picture>\n<div>\n<span class=\"img_footer\">Arce dijo que ya le dio una soluci\u00f3n a los problemas <\/span>| <span class=\"img_author\">La Derecha Diario<\/span>\n<\/div>\n<\/div>\n<p>Pese a ese discurso oficialista, la escasez de combustibles ha empeorado. <strong>Las filas en los surtidores se volvieron interminables en las \u00faltimas semanas<\/strong>. La crisis energ\u00e9tica golpea con fuerza a todos los sectores productivos.<\/p>\n<p>Arce dijo que ya se dio una \u00a0<strong>\u201csoluci\u00f3n estructural<\/strong>\u201d al problema. Sin embargo, los resultados no son evidentes en las calles ni en el transporte.<\/p>\n<p>El presidente admiti\u00f3 que se cometieron errores en el pasado. Dijo que no se garantiz\u00f3 la generaci\u00f3n de recursos necesarios. Afirm\u00f3 que su gobierno corrigi\u00f3 ese error con nuevos proyectos.<\/p>\n<p>Tambi\u00e9n, mencion\u00f3 el caso de Mayaya y la exploraci\u00f3n de pozos. Seg\u00fan Arce, eso demuestra que el modelo est\u00e1 m\u00e1s vigente que nunca.<\/p>\n<h2>Transportistas al borde del colapso<\/h2>\n<figure><img decoding=\"async\" src=\"https:\/\/derechadiario.com.ar\/filesedc\/uploads\/image\/post\/2025\/07\/2024082613182475043_1200_800.webp\" class=\"img-responsive lazyload\" alt=\"Fila de camiones estacionados a ambos lados de una carretera con dos personas en bicicleta circulando entre ellos y un cono de tr\u00e1fico en el centro del camino\" title=\"Fila de camiones estacionados a ambos lados de una carretera con dos personas en bicicleta circulando entre ellos y un cono de tr\u00e1fico en el centro del camino\"><\/figure>\n<p>En contraste, el sector transporte vive su peor momento en a\u00f1os. La presidenta del gremio de transporte interdepartamental, Mar\u00eda Eugenia Monta\u00f1o, rompi\u00f3 el silencio.<\/p>\n<p>La dirigente del gremio, confes\u00f3 p\u00fablicamente que <strong>se arrepiente \u201cen el alma\u201d de haber votado por Luis Arce<\/strong>. Acus\u00f3 al Gobierno de ocultar la gravedad de la crisis. Dijo que el transporte pesado est\u00e1 al borde del colapso.<\/p>\n<p>Monta\u00f1o relat\u00f3 que <strong>apenas un 20% de sus buses puede operar<\/strong>. El resto permanece d\u00edas sin trabajar por falta de di\u00e9sel. Por esa raz\u00f3n, <strong>varias empresas comenzaron a vender sus flotas<\/strong>.<\/p>\n<p>Algunas incluso abandonan el pa\u00eds por inviabilidad operativa, a\u00f1adi\u00f3. La situaci\u00f3n provoc\u00f3 despidos masivos y endeudamiento acelerado.<\/p>\n<p>La empresaria sostuvo que el Gobierno les minti\u00f3. Asegur\u00f3 que en 50 reuniones con autoridades nunca les dijeron la verdad.<\/p>\n<p>El sector crey\u00f3 que el abastecimiento estaba garantizado. Pero hace pocos d\u00edas les confirmaron que no hab\u00eda dinero. <strong>\u201cNos hicieron tomar decisiones equivocadas\u201d<\/strong>, lament\u00f3 Monta\u00f1o.<\/p>\n<p>Dijo tambi\u00e9n que la ANH firm\u00f3 compromisos sin sustento real. Los empresarios firmaron documentos creyendo que el combustible llegar\u00eda. Las promesas oficiales nunca se cumplieron.<\/p>\n<p>Monta\u00f1o denunci\u00f3 que hubo una estrategia para mantener al sector en la oscuridad. Esa \u201cfalsa esperanza\u201d es ahora el motivo de mayor indignaci\u00f3n.<\/p>\n<p>La cr\u00edtica fue a\u00fan m\u00e1s dura cuando habl\u00f3 del Parlamento. La empresaria se mostr\u00f3 molesta por el receso legislativo en plena crisis. Afirm\u00f3 que se necesita aprobar cr\u00e9ditos para reactivar la econom\u00eda.<\/p>\n<p>Asimismo, acus\u00f3 a los pol\u00edticos de abandonar al pueblo en el peor momento. Para ella, <strong>Arce es el responsable directo del caos actual<\/strong>.<\/p>\n<p>Monta\u00f1o explic\u00f3 que vot\u00f3 por Arce porque crey\u00f3 en su formaci\u00f3n. Dijo que esperaba una administraci\u00f3n t\u00e9cnica y honesta.<\/p>\n<p>Como empresaria, pens\u00f3 que un economista sabr\u00eda gobernar. Pero su experiencia ha sido lo contrario. Hoy siente que su voto fue un error que afecta a miles de familias.<\/p>\n<h2>El masismo pretende continuar con su modelo<\/h2>\n<figure><img decoding=\"async\" src=\"https:\/\/derechadiario.com.ar\/filesedc\/uploads\/image\/post\/2025\/07\/b-31604-tse-conmina-al-mas-ipsp-convocar-a-congreso-nacional-ordinario-consensuado-con-organizaciones-sociales-reconocidas-1_1200_800.webp\" class=\"img-responsive lazyload\" alt=\"Una bandera azul, blanca y negra ondea en primer plano mientras una multitud con otras banderas coloridas se re\u00fane en una plaza urbana\" title=\"Una bandera azul, blanca y negra ondea en primer plano mientras una multitud con otras banderas coloridas se re\u00fane en una plaza urbana\"><\/figure>\n<p>Pese a todas las cr\u00edticas, el Gobierno mantiene su discurso. Arce insiste en que su modelo funciona y que el pa\u00eds se recupera. <strong>No reconoci\u00f3 p\u00fablicamente la magnitud de la crisis de carburantes<\/strong>.<\/p>\n<p>Tampoco ha ofrecido medidas inmediatas para los sectores m\u00e1s afectados. La distancia entre el relato oficial y la realidad se hace cada vez m\u00e1s evidente.<\/p>\n<p>El malestar social crece mientras las soluciones no llegan. Las declaraciones del presidente contrastan con los testimonios de la poblaci\u00f3n. <strong>La escasez, el desempleo y el cierre de empresas aumentan d\u00eda a d\u00eda<\/strong>.<\/p>\n<p>Mientras tanto, Arce sigue defendiendo un modelo que muchos consideran agotado. La pregunta es cu\u00e1nto tiempo m\u00e1s podr\u00e1 sostener esa narrativa.<\/p>\n","protected":false},"excerpt":{"rendered":"<p>El socialista\u00a0Luis Arce insisti\u00f3 esta semana en que su modelo econ\u00f3mico \u201csigue rindiendo frutos\u201d. En dos actos p\u00fablicos en La Paz, defendi\u00f3 la vigencia del sistema econ\u00f3mico masista, al que denomina\u00a0Modelo Econ\u00f3mico Social Comunitario Productivo. Adem\u00e1s, afirm\u00f3 que las cr\u00edticas de la oposici\u00f3n son parte de una campa\u00f1a para desprestigiar su gesti\u00f3n. Seg\u00fan \u00e9l, el [&hellip;]<\/p>\n","protected":false},"author":2,"featured_media":11397,"comment_status":"open","ping_status":"open","sticky":false,"template":"","format":"standard","meta":{"_et_pb_use_builder":"","_et_pb_old_content":"","_et_gb_content_width":"","footnotes":""},"categories":[84],"tags":[],"class_list":["post-11396","post","type-post","status-publish","format-standard","has-post-thumbnail","hentry","category-ultimomomento"],"_links":{"self":[{"href":"https:\/\/verdadincomodadiario.ar\/index.php?rest_route=\/wp\/v2\/posts\/11396","targetHints":{"allow":["GET"]}}],"collection":[{"href":"https:\/\/verdadincomodadiario.ar\/index.php?rest_route=\/wp\/v2\/posts"}],"about":[{"href":"https:\/\/verdadincomodadiario.ar\/index.php?rest_route=\/wp\/v2\/types\/post"}],"author":[{"embeddable":true,"href":"https:\/\/verdadincomodadiario.ar\/index.php?rest_route=\/wp\/v2\/users\/2"}],"replies":[{"embeddable":true,"href":"https:\/\/verdadincomodadiario.ar\/index.php?rest_route=%2Fwp%2Fv2%2Fcomments&post=11396"}],"version-history":[{"count":0,"href":"https:\/\/verdadincomodadiario.ar\/index.php?rest_route=\/wp\/v2\/posts\/11396\/revisions"}],"wp:featuredmedia":[{"embeddable":true,"href":"https:\/\/verdadincomodadiario.ar\/index.php?rest_route=\/wp\/v2\/media\/11397"}],"wp:attachment":[{"href":"https:\/\/verdadincomodadiario.ar\/index.php?rest_route=%2Fwp%2Fv2%2Fmedia&parent=11396"}],"wp:term":[{"taxonomy":"category","embeddable":true,"href":"https:\/\/verdadincomodadiario.ar\/index.php?rest_route=%2Fwp%2Fv2%2Fcategories&post=11396"},{"taxonomy":"post_tag","embeddable":true,"href":"https:\/\/verdadincomodadiario.ar\/index.php?rest_route=%2Fwp%2Fv2%2Ftags&post=11396"}],"curies":[{"name":"wp","href":"https:\/\/api.w.org\/{rel}","templated":true}]}}