{"id":11392,"date":"2025-07-17T22:28:47","date_gmt":"2025-07-17T22:28:47","guid":{"rendered":"https:\/\/verdadincomodadiario.ar\/?p=11392"},"modified":"2025-07-17T22:28:47","modified_gmt":"2025-07-17T22:28:47","slug":"ecuador-impulsa-ley-para-el-desarrollo-de-energia-atomica","status":"publish","type":"post","link":"https:\/\/verdadincomodadiario.ar\/?p=11392","title":{"rendered":"Ecuador impulsa ley para el desarrollo de energ\u00eda at\u00f3mica"},"content":{"rendered":"<p><strong>El Gobierno de Ecuador present\u00f3 un proyecto de Ley Org\u00e1nica de Energ\u00eda At\u00f3mica<\/strong> con el objetivo de diversificar la matriz <a href=\"https:\/\/derechadiario.com.ar\/ecuador\/economia\/los-carros-hibridos-y-electricos-lideraron-repunte-del-mercado-automotor-ecuador\" title=\"Los carros h\u00edbridos y el\u00e9ctricos lideraron el repunte del mercado automotor en Ecuador\">energ\u00e9tica<\/a> del pa\u00eds. La iniciativa busca reducir la dependencia de las centrales hidroel\u00e9ctricas y fortalecer la seguridad energ\u00e9tica.<\/p>\n<p><strong>Fabi\u00e1n Calero, viceministro de Energ\u00eda<\/strong>, afirm\u00f3 que el proyecto fue elaborado con criterios t\u00e9cnicos y una visi\u00f3n de desarrollo sostenible. Destac\u00f3 la necesidad de planificaci\u00f3n a largo plazo y decisiones firmes para lograr una verdadera soberan\u00eda energ\u00e9tica.<\/p>\n<p>Durante la presentaci\u00f3n, se resalt\u00f3 que <strong>la propuesta sigue los est\u00e1ndares del Organismo Internacional de Energ\u00eda At\u00f3mica (OIEA)<\/strong>. La oficina jur\u00eddica del OIEA revis\u00f3 el texto legal y continuar\u00e1 apoyando a Ecuador en el proceso t\u00e9cnico y regulatorio.<\/p>\n<p><strong>Entre los objetivos del proyecto est\u00e1n<\/strong>: establecer una institucionalidad del sector at\u00f3mico, regular el uso de radiaciones ionizantes y fomentar la investigaci\u00f3n cient\u00edfica. Tambi\u00e9n se busca proteger a las personas y al <a href=\"https:\/\/derechadiario.com.ar\/ecuador\/economia\/los-carros-hibridos-y-electricos-lideraron-repunte-del-mercado-automotor-ecuador\" title=\"Los carros h\u00edbridos y el\u00e9ctricos lideraron el repunte del mercado automotor en Ecuador\">medio ambiente<\/a> frente a los riesgos radiol\u00f3gicos.<\/p>\n<div class=\"inter_image image_horizontal\">\n<picture><source class=\"img-responsive\" type=\"image\/webp\" data-srcset=\"https:\/\/filesedc.com\/uploads\/image\/post\/2025\/07\/ecuador-4_300_200.webp 300w, https:\/\/filesedc.com\/uploads\/image\/post\/2025\/07\/ecuador-4_630_420.webp 630w, https:\/\/filesedc.com\/uploads\/image\/post\/2025\/07\/ecuador-4_760_507.webp 760w, https:\/\/filesedc.com\/uploads\/image\/post\/2025\/07\/ecuador-4_1200_800.webp 1200w, https:\/\/filesedc.com\/uploads\/image\/post\/2025\/07\/ecuador-4_1600_1067.webp 1600w, \"><img decoding=\"async\" src=\"https:\/\/derechadiario.com.ar\/filesedc\/uploads\/image\/post\/2025\/07\/ecuador-4_1200_800.webp\" class=\"img-responsive lazyload\" alt=\"Funcionarios y expertos sentados en un auditorio durante un taller sobre la Ley Org\u00e1nica de Energ\u00eda At\u00f3mica en Quito, con c\u00e1maras y asistentes al fondo.\" title=\"Funcionarios y expertos sentados en un auditorio durante un taller sobre la Ley Org\u00e1nica de Energ\u00eda At\u00f3mica en Quito, con c\u00e1maras y asistentes al fondo.\"><\/picture>\n<div>\n<span class=\"img_footer\">Energ\u00eda at\u00f3mica ecuador2 <\/span>| <span class=\"img_author\">La Derecha Diario<\/span>\n<\/div>\n<\/div>\n<p>La normativa abarca todo el ciclo de vida de las actividades nucleares: <strong>licencias, seguridad f\u00edsica, emergencias, manejo de residuos y cooperaci\u00f3n internacional<\/strong>. Se plantea adem\u00e1s un r\u00e9gimen t\u00e9cnico de sanciones y educaci\u00f3n especializada.<\/p>\n<p>Ecuador espera que esta ley permita avanzar en <strong>\u00e1reas estrat\u00e9gicas como medicina nuclear, monitoreo ambiental y control de plagas<\/strong>. Tambi\u00e9n se enfatiz\u00f3 en la formaci\u00f3n de talento humano y la implementaci\u00f3n de mejores tecnolog\u00edas.<\/p>\n<p><strong>Ester Monroy, funcionaria del OIEA<\/strong>, felicit\u00f3 al pa\u00eds por su apertura hacia la energ\u00eda at\u00f3mica en su dimensi\u00f3n pac\u00edfica. Reiter\u00f3 el respaldo del organismo en capacitaci\u00f3n, evaluaci\u00f3n de est\u00e1ndares y asesor\u00eda t\u00e9cnica permanente.<\/p>\n<p>El Gobierno record\u00f3 que <strong>la crisis el\u00e9ctrica de 2024 dej\u00f3 p\u00e9rdidas por m\u00e1s de USD 1.900 millones<\/strong>. Esto evidencia la necesidad de contar con fuentes de energ\u00eda m\u00e1s robustas, sostenibles y menos dependientes del clima.<\/p>\n<p><strong>Ecuador plantea esta ley como parte de su transici\u00f3n energ\u00e9tica y apuesta por un futuro m\u00e1s seguro<\/strong>. La creaci\u00f3n de un Plan Nacional Nuclear, con regulaci\u00f3n independiente y participaci\u00f3n interinstitucional, marcar\u00e1 una nueva etapa para el pa\u00eds.<\/p>\n","protected":false},"excerpt":{"rendered":"<p>El Gobierno de Ecuador present\u00f3 un proyecto de Ley Org\u00e1nica de Energ\u00eda At\u00f3mica con el objetivo de diversificar la matriz energ\u00e9tica del pa\u00eds. La iniciativa busca reducir la dependencia de las centrales hidroel\u00e9ctricas y fortalecer la seguridad energ\u00e9tica. Fabi\u00e1n Calero, viceministro de Energ\u00eda, afirm\u00f3 que el proyecto fue elaborado con criterios t\u00e9cnicos y una visi\u00f3n [&hellip;]<\/p>\n","protected":false},"author":2,"featured_media":11393,"comment_status":"open","ping_status":"open","sticky":false,"template":"","format":"standard","meta":{"_et_pb_use_builder":"","_et_pb_old_content":"","_et_gb_content_width":"","footnotes":""},"categories":[84],"tags":[],"class_list":["post-11392","post","type-post","status-publish","format-standard","has-post-thumbnail","hentry","category-ultimomomento"],"_links":{"self":[{"href":"https:\/\/verdadincomodadiario.ar\/index.php?rest_route=\/wp\/v2\/posts\/11392","targetHints":{"allow":["GET"]}}],"collection":[{"href":"https:\/\/verdadincomodadiario.ar\/index.php?rest_route=\/wp\/v2\/posts"}],"about":[{"href":"https:\/\/verdadincomodadiario.ar\/index.php?rest_route=\/wp\/v2\/types\/post"}],"author":[{"embeddable":true,"href":"https:\/\/verdadincomodadiario.ar\/index.php?rest_route=\/wp\/v2\/users\/2"}],"replies":[{"embeddable":true,"href":"https:\/\/verdadincomodadiario.ar\/index.php?rest_route=%2Fwp%2Fv2%2Fcomments&post=11392"}],"version-history":[{"count":0,"href":"https:\/\/verdadincomodadiario.ar\/index.php?rest_route=\/wp\/v2\/posts\/11392\/revisions"}],"wp:featuredmedia":[{"embeddable":true,"href":"https:\/\/verdadincomodadiario.ar\/index.php?rest_route=\/wp\/v2\/media\/11393"}],"wp:attachment":[{"href":"https:\/\/verdadincomodadiario.ar\/index.php?rest_route=%2Fwp%2Fv2%2Fmedia&parent=11392"}],"wp:term":[{"taxonomy":"category","embeddable":true,"href":"https:\/\/verdadincomodadiario.ar\/index.php?rest_route=%2Fwp%2Fv2%2Fcategories&post=11392"},{"taxonomy":"post_tag","embeddable":true,"href":"https:\/\/verdadincomodadiario.ar\/index.php?rest_route=%2Fwp%2Fv2%2Ftags&post=11392"}],"curies":[{"name":"wp","href":"https:\/\/api.w.org\/{rel}","templated":true}]}}