{"id":11386,"date":"2025-07-17T21:25:25","date_gmt":"2025-07-17T21:25:25","guid":{"rendered":"https:\/\/verdadincomodadiario.ar\/?p=11386"},"modified":"2025-07-17T21:25:25","modified_gmt":"2025-07-17T21:25:25","slug":"trump-firma-una-ley-para-acabar-con-la-epidemia-de-fentanilo-en-los-estados-unidos","status":"publish","type":"post","link":"https:\/\/verdadincomodadiario.ar\/?p=11386","title":{"rendered":"Trump firma una ley para acabar con la epidemia de Fentanilo en los Estados Unidos"},"content":{"rendered":"<p>Acompa\u00f1ado por padres que han perdido a sus hijos por el abuso de esta\u00a0droga,\u00a0<a href=\"https:\/\/derechadiario.com.ar\/internacionales\/congreso-aprobo-historico-paquete-leyes-cripto-gracias-al-apoyo-trump\" title=\"Gracias a Trump, el Congreso busca aprobar un hist\u00f3rico paquete de leyes cripto\">el presidente <strong>Donald Trump<\/strong> <\/a>firm\u00f3 el mi\u00e9rcoles un proyecto de <strong>ley<\/strong> que \u00a0<strong>busca poner fin a la epidemia de Fentanilo en los Estados Unidos.<\/strong>\u00a0 <\/p>\n<p><strong>&#8220;Vamos a sacar a los traficantes, distribuidores y vendedores de drogas de nuestras calles\u00a0y no descansaremos hasta haber terminado con la epidemia de sobredosis&#8221;<\/strong>, prometi\u00f3 Trump a los asistentes en el Sal\u00f3n Este de la Casa Blanca el mi\u00e9rcoles por la tarde.<\/p>\n<p>El mandatario asegur\u00f3 durante su discurso que la \u00a0<b>HALT Fentanyl Act<\/b>\u00a0representa \u00a0<strong>&#8220;un paso hist\u00f3rico hacia la justicia para cada familia afectada por el Fentanilo&#8221;<\/strong>.\u00a0Con la firma de esta ley, <strong>Trump<\/strong> cumple con una de las <strong>promesas<\/strong> <strong>centrales<\/strong> de su\u00a0campa\u00f1a.\u00a0<\/p>\n<h2>\n<div class=\"inter_image image_horizontal\">\n<picture><source class=\"img-responsive\" type=\"image\/webp\" data-srcset=\"https:\/\/filesedc.com\/uploads\/image\/post\/2025\/07\/imrsphp_300_200.webp 300w, https:\/\/filesedc.com\/uploads\/image\/post\/2025\/07\/imrsphp_630_420.webp 630w, https:\/\/filesedc.com\/uploads\/image\/post\/2025\/07\/imrsphp_760_507.webp 760w, https:\/\/filesedc.com\/uploads\/image\/post\/2025\/07\/imrsphp_1200_800.webp 1200w, https:\/\/filesedc.com\/uploads\/image\/post\/2025\/07\/imrsphp_1600_1067.webp 1600w, \"><img decoding=\"async\" src=\"https:\/\/derechadiario.com.ar\/filesedc\/uploads\/image\/post\/2025\/07\/imrsphp_1200_800.webp\" class=\"img-responsive lazyload\" alt=\"Un hombre de cabello rubio y traje oscuro estrecha la mano de otro hombre canoso con gafas y traje gris mientras varias personas al fondo sostienen retratos y una bandera de Estados Unidos est\u00e1 visible detr\u00e1s de ellos\" title=\"Un hombre de cabello rubio y traje oscuro estrecha la mano de otro hombre canoso con gafas y traje gris mientras varias personas al fondo sostienen retratos y una bandera de Estados Unidos est\u00e1 visible detr\u00e1s de ellos\"><\/picture>\n<div>\n<span class=\"img_footer\">Trump celebrando la firma de la ley.  <\/span>| <span class=\"img_author\">La Derecha Diario<\/span>\n<\/div>\n<\/div>\n<p><strong>Menos formas de evadir la ley<\/strong><br \/>\n<\/h2>\n<p>La norma <strong>clasifica<\/strong> de forma permanente a las <strong>sustancias<\/strong> <strong>relacionadas<\/strong>\u00a0con el <a href=\"https:\/\/derechadiario.com.ar\/politica\/fentanilo-gobierno-se-suma-como-querellante-por-muerte-53-personas\" title=\"Fentanilo: el Gobierno se suma como querellante por la muerte de 53 personas\"><strong>F<\/strong><strong>entanilo<\/strong><\/a> como <b>an\u00e1logas.<\/b>\u00a0 De este modo, los <strong>productores<\/strong> que manten\u00edan la letalidad pero<b><\/b>\u00a0 modificaban qu\u00edmicamente\u00a0\u00a0lo justo a la <strong>droga<\/strong>\u00a0para <strong>evadir<\/strong> las consecuencias legales ya no podr\u00e1n hacerlo.\u00a0<\/p>\n<p>As\u00ed,\u00a0toda <strong>sustancia<\/strong> <strong>derivada<\/strong> del Fentanilo ser\u00e1 <strong>procesada<\/strong> a los ojos de la ley de la <strong>misma<\/strong> manera, evit\u00e1ndose <strong>vac\u00edos<\/strong> <strong>legales<\/strong> que pod\u00edan dar pie a los criminales a\u00a0continuar <strong>comercializando<\/strong> esta <strong>sustancia<\/strong> pero alterada.\u00a0<\/p>\n<p>Dicha norma modifica tambi\u00e9n la letra de la \u00a0<strong>Ley de Sustancias Controladas<\/strong> de 1970, permitiendo que el \u00a0<strong>Fentanilo sea recategorizado<\/strong> como droga parte de la Lista 1, la <strong>clasificaci\u00f3n<\/strong> m\u00e1s\u00a0<strong>estricta<\/strong> de\u00a0la legislaci\u00f3n estadounidense, la cual agrupa a <strong>sustancias<\/strong> con alto <strong>potencial<\/strong> de <strong>abuso<\/strong> y no <strong>aceptadas<\/strong> para \u00a0<strong>uso m\u00e9dico.<\/strong>\u00a0 <\/p>\n<p><strong>\u201cBajo esta ley,\u00a0cualquier persona que posea, importe, distribuya o fabrique cualquier sustancia il\u00edcita relacionada con el Fentanilo estar\u00e1 sujeta a un proceso penal como\u00a0cualquier otra sustancia controlada de la Lista I\u201d,<\/strong> se\u00f1ala un documento de la Casa Blanca compartido por\u00a0el medio <em>The Daily Wire.\u00a0<\/em><\/p>\n<figure><img decoding=\"async\" src=\"https:\/\/derechadiario.com.ar\/filesedc\/uploads\/image\/post\/2025\/07\/230109155652-04-biden-el-paso-010823_1200_800.webp\" class=\"img-responsive lazyload\" alt=\"Tres personas caminan junto a una valla met\u00e1lica alta, dos de ellas llevan uniforme verde y la otra viste traje oscuro y gafas de sol.\" title=\"Tres personas caminan junto a una valla met\u00e1lica alta, dos de ellas llevan uniforme verde y la otra viste traje oscuro y gafas de sol.\"><\/figure>\n<h2><strong>Los padres le agradecen a Trump<\/strong><\/h2>\n<p>Se vivieron momentos <strong>emotivos<\/strong> durante la <strong>firma<\/strong> de la ley. La <strong>Casa Blanca<\/strong> se hab\u00eda llenado de aliados del presidente y de los llamados <strong>&#8220;Angels Parents&#8221;,<\/strong> una organizaci\u00f3n que n\u00faclea a \u00a0<strong>padres que han perdido a hijos<\/strong>\u00a0 por el consumo de esta sustancia.\u00a0<\/p>\n<p>Un <strong>padre<\/strong>, cuyo hijo Drew muri\u00f3 tr\u00e1gicamente de sobredosis, le <strong>dijo<\/strong> a <strong>Trump<\/strong> el mi\u00e9rcoles por la tarde: <strong>\u201cGracias, se\u00f1or presidente, por detener el tr\u00e1fico de drogas en la frontera. Nos estaban enga\u00f1ando,\u00a0y usted vino a prenderle fuego a esa mentira, y ahora estamos mucho m\u00e1s seguros gracias a eso\u201d.<\/strong><\/p>\n<p>En palabras de la secretaria de prensa de la Casa Blanca, <strong>Karoline Leavitt<\/strong>, en los \u00faltimos cuatro a\u00f1os <strong>Biden<\/strong> y los <strong>dem\u00f3cratas<\/strong>\u00a0&#8220;<strong>apenas mencionaron la crisis del Fentanilo, la cual sigue siendo la principal causa de muerte en nuestro pa\u00eds&#8221;.<br \/><\/strong>\u00a0 <\/p>\n<aside class=\"whatsappChannelText\"><a href=\"https:\/\/whatsapp.com\/channel\/0029VagEjILGE56eKjedWF2U\" rel=\"nofollow\" title=\"WhatsApp Link\"><img alt=\"Logo de WhatsApp\" class=\"lazyload\" data-src=\"https:\/\/derechadiario.com.ar\/filesedc\/uploads\/other\/whatsapp_icon_mid_article.png\" width=\"32\" height=\"32\"><\/a> <a href=\"https:\/\/whatsapp.com\/channel\/0029VagEjILGE56eKjedWF2U\" rel=\"nofollow\" title=\"WhatsApp Link\"><strong>NO SE PIERDAN NINGUNA NOTICIA<\/strong>: Click aqu\u00ed para sumarte <strong>GRATIS<\/strong> al canal de noticias de <strong>La Derecha Diario en WhatsApp.<\/strong><\/a><\/aside>\n<figure><img decoding=\"async\" src=\"https:\/\/derechadiario.com.ar\/filesedc\/uploads\/image\/post\/2025\/07\/karoline-leavitt_1200_800.webp\" class=\"img-responsive lazyload\" alt=\"Un hombre de traje azul y corbata rosa junto a una mujer de vestido verde posan frente a varios micr\u00f3fonos en un jard\u00edn con el obelisco de Washington al fondo\" title=\"Un hombre de traje azul y corbata rosa junto a una mujer de vestido verde posan frente a varios micr\u00f3fonos en un jard\u00edn con el obelisco de Washington al fondo\"><\/figure>\n<p><\/p>\n","protected":false},"excerpt":{"rendered":"<p>Acompa\u00f1ado por padres que han perdido a sus hijos por el abuso de esta\u00a0droga,\u00a0el presidente Donald Trump firm\u00f3 el mi\u00e9rcoles un proyecto de ley que \u00a0busca poner fin a la epidemia de Fentanilo en los Estados Unidos.\u00a0 &#8220;Vamos a sacar a los traficantes, distribuidores y vendedores de drogas de nuestras calles\u00a0y no descansaremos hasta haber [&hellip;]<\/p>\n","protected":false},"author":2,"featured_media":11387,"comment_status":"open","ping_status":"open","sticky":false,"template":"","format":"standard","meta":{"_et_pb_use_builder":"","_et_pb_old_content":"","_et_gb_content_width":"","footnotes":""},"categories":[84],"tags":[],"class_list":["post-11386","post","type-post","status-publish","format-standard","has-post-thumbnail","hentry","category-ultimomomento"],"_links":{"self":[{"href":"https:\/\/verdadincomodadiario.ar\/index.php?rest_route=\/wp\/v2\/posts\/11386","targetHints":{"allow":["GET"]}}],"collection":[{"href":"https:\/\/verdadincomodadiario.ar\/index.php?rest_route=\/wp\/v2\/posts"}],"about":[{"href":"https:\/\/verdadincomodadiario.ar\/index.php?rest_route=\/wp\/v2\/types\/post"}],"author":[{"embeddable":true,"href":"https:\/\/verdadincomodadiario.ar\/index.php?rest_route=\/wp\/v2\/users\/2"}],"replies":[{"embeddable":true,"href":"https:\/\/verdadincomodadiario.ar\/index.php?rest_route=%2Fwp%2Fv2%2Fcomments&post=11386"}],"version-history":[{"count":0,"href":"https:\/\/verdadincomodadiario.ar\/index.php?rest_route=\/wp\/v2\/posts\/11386\/revisions"}],"wp:featuredmedia":[{"embeddable":true,"href":"https:\/\/verdadincomodadiario.ar\/index.php?rest_route=\/wp\/v2\/media\/11387"}],"wp:attachment":[{"href":"https:\/\/verdadincomodadiario.ar\/index.php?rest_route=%2Fwp%2Fv2%2Fmedia&parent=11386"}],"wp:term":[{"taxonomy":"category","embeddable":true,"href":"https:\/\/verdadincomodadiario.ar\/index.php?rest_route=%2Fwp%2Fv2%2Fcategories&post=11386"},{"taxonomy":"post_tag","embeddable":true,"href":"https:\/\/verdadincomodadiario.ar\/index.php?rest_route=%2Fwp%2Fv2%2Ftags&post=11386"}],"curies":[{"name":"wp","href":"https:\/\/api.w.org\/{rel}","templated":true}]}}