{"id":11384,"date":"2025-07-17T21:25:26","date_gmt":"2025-07-17T21:25:26","guid":{"rendered":"https:\/\/verdadincomodadiario.ar\/?p=11384"},"modified":"2025-07-17T21:25:26","modified_gmt":"2025-07-17T21:25:26","slug":"eslovenia-le-hace-el-juego-al-terrorismo-y-sanciona-a-dos-ministros-israelies","status":"publish","type":"post","link":"https:\/\/verdadincomodadiario.ar\/?p=11384","title":{"rendered":"Eslovenia le hace el juego al terrorismo y sanciona a dos ministros israel\u00edes"},"content":{"rendered":"<p>La decisi\u00f3n del gobierno de <strong>Eslovenia de declarar <em>personae non gratae <\/em>a los ministros israel\u00edes Bezalel Smotrich (Finanzas) e Itamar Ben-Gvir (Seguridad Nacional)<\/strong>\u00a0 representa un acto sin precedentes en la Uni\u00f3n Europea \u2014y una peligrosa se\u00f1al de legitimaci\u00f3n al terrorismo.<\/p>\n<p>La canciller eslovena <strong>Tanja Fajon<\/strong>\u00a0 anunci\u00f3 la medida tras una reuni\u00f3n de gabinete, <strong>acusando a los ministros de promover \u201cviolencia extrema\u201d y de emitir \u201cdeclaraciones genocidas\u201d contra los palestinos<\/strong>. Se trata de una acusaci\u00f3n infundada y profundamente sesgada, que <strong>ignora por completo el contexto: Israel se encuentra enfrascado en una guerra impuesta por el grupo terrorista Ham\u00e1s, cuyo desprecio por la vida humana ha desencadenado una de las crisis m\u00e1s complejas de las \u00faltimas d\u00e9cadas<\/strong>.<\/p>\n<div class=\"inter_image image_horizontal\">\n<picture><source class=\"img-responsive\" type=\"image\/webp\" data-srcset=\"https:\/\/filesedc.com\/uploads\/image\/post\/2025\/07\/tanjafajon_300_200.webp 300w, https:\/\/filesedc.com\/uploads\/image\/post\/2025\/07\/tanjafajon_630_420.webp 630w, https:\/\/filesedc.com\/uploads\/image\/post\/2025\/07\/tanjafajon_760_507.webp 760w, https:\/\/filesedc.com\/uploads\/image\/post\/2025\/07\/tanjafajon_1200_800.webp 1200w, https:\/\/filesedc.com\/uploads\/image\/post\/2025\/07\/tanjafajon_1600_1067.webp 1600w, \"><img decoding=\"async\" src=\"https:\/\/derechadiario.com.ar\/filesedc\/uploads\/image\/post\/2025\/07\/tanjafajon_1200_800.webp\" class=\"img-responsive lazyload\" alt=\"Mujer de cabello casta\u00f1o con bufanda blanca hablando en un podio frente a una bandera de Eslovenia y un fondo rojo\" title=\"Mujer de cabello casta\u00f1o con bufanda blanca hablando en un podio frente a una bandera de Eslovenia y un fondo rojo\"><\/picture>\n<div>\n<span class=\"img_footer\">Canciller de Eslovenia <\/span>| <span class=\"img_author\">La Derecha Diario<\/span>\n<\/div>\n<\/div>\n<p>Lejos de ser un acto de justicia, la decisi\u00f3n de Eslovenia representa una capitulaci\u00f3n moral. <strong>En lugar de condenar al terrorismo que asesin\u00f3, secuestr\u00f3 y viol\u00f3 a civiles israel\u00edes, eligen castigar a ministros electos de un Estado democr\u00e1tico<\/strong>. Esta postura no solo debilita la posici\u00f3n de Europa frente a las organizaciones radicales en Medio Oriente, sino que transmite un mensaje peligroso: que las democracias pueden ser penalizadas por defenderse.<\/p>\n<p>El mes pasado, pa\u00edses como Canad\u00e1, Australia y el Reino Unido tambi\u00e9n impusieron sanciones similares. Sin embargo,\u00a0el embajador estadounidense en Gran Breta\u00f1a, Warren Stephens, expres\u00f3 su preocupaci\u00f3n: <strong>\u201cEstados Unidos apoya firmemente a Israel. Nos inquieta profundamente que se impongan sanciones a funcionarios elegidos democr\u00e1ticamente\u201d<\/strong>.<\/p>\n<p>Al sumarse a esta tendencia, <strong>Eslovenia no se alinea con los derechos humanos, sino con una narrativa distorsionada que solo alienta a los enemigos de la paz<\/strong>.<\/p>\n","protected":false},"excerpt":{"rendered":"<p>La decisi\u00f3n del gobierno de Eslovenia de declarar personae non gratae a los ministros israel\u00edes Bezalel Smotrich (Finanzas) e Itamar Ben-Gvir (Seguridad Nacional)\u00a0 representa un acto sin precedentes en la Uni\u00f3n Europea \u2014y una peligrosa se\u00f1al de legitimaci\u00f3n al terrorismo. La canciller eslovena Tanja Fajon\u00a0 anunci\u00f3 la medida tras una reuni\u00f3n de gabinete, acusando a [&hellip;]<\/p>\n","protected":false},"author":2,"featured_media":11385,"comment_status":"open","ping_status":"open","sticky":false,"template":"","format":"standard","meta":{"_et_pb_use_builder":"","_et_pb_old_content":"","_et_gb_content_width":"","footnotes":""},"categories":[84],"tags":[],"class_list":["post-11384","post","type-post","status-publish","format-standard","has-post-thumbnail","hentry","category-ultimomomento"],"_links":{"self":[{"href":"https:\/\/verdadincomodadiario.ar\/index.php?rest_route=\/wp\/v2\/posts\/11384","targetHints":{"allow":["GET"]}}],"collection":[{"href":"https:\/\/verdadincomodadiario.ar\/index.php?rest_route=\/wp\/v2\/posts"}],"about":[{"href":"https:\/\/verdadincomodadiario.ar\/index.php?rest_route=\/wp\/v2\/types\/post"}],"author":[{"embeddable":true,"href":"https:\/\/verdadincomodadiario.ar\/index.php?rest_route=\/wp\/v2\/users\/2"}],"replies":[{"embeddable":true,"href":"https:\/\/verdadincomodadiario.ar\/index.php?rest_route=%2Fwp%2Fv2%2Fcomments&post=11384"}],"version-history":[{"count":0,"href":"https:\/\/verdadincomodadiario.ar\/index.php?rest_route=\/wp\/v2\/posts\/11384\/revisions"}],"wp:featuredmedia":[{"embeddable":true,"href":"https:\/\/verdadincomodadiario.ar\/index.php?rest_route=\/wp\/v2\/media\/11385"}],"wp:attachment":[{"href":"https:\/\/verdadincomodadiario.ar\/index.php?rest_route=%2Fwp%2Fv2%2Fmedia&parent=11384"}],"wp:term":[{"taxonomy":"category","embeddable":true,"href":"https:\/\/verdadincomodadiario.ar\/index.php?rest_route=%2Fwp%2Fv2%2Fcategories&post=11384"},{"taxonomy":"post_tag","embeddable":true,"href":"https:\/\/verdadincomodadiario.ar\/index.php?rest_route=%2Fwp%2Fv2%2Ftags&post=11384"}],"curies":[{"name":"wp","href":"https:\/\/api.w.org\/{rel}","templated":true}]}}