{"id":11382,"date":"2025-07-17T21:25:27","date_gmt":"2025-07-17T21:25:27","guid":{"rendered":"https:\/\/verdadincomodadiario.ar\/?p=11382"},"modified":"2025-07-17T21:25:27","modified_gmt":"2025-07-17T21:25:27","slug":"israel-aumenta-en-12-500-millones-de-dolares-su-presupuesto-de-defensa","status":"publish","type":"post","link":"https:\/\/verdadincomodadiario.ar\/?p=11382","title":{"rendered":"Israel aumenta en 12.500 millones de d\u00f3lares su presupuesto de Defensa"},"content":{"rendered":"<p>El gobierno israel\u00ed anunci\u00f3 un aumento hist\u00f3rico en su presupuesto de defensa, que se <strong>incrementar\u00e1 en 42 mil millones de shekels (unos 12.500 millones de d\u00f3lares) durante 2025 y 2026<\/strong>. La medida, impulsada por los ministerios de Finanzas y Defensa, responde a la prolongada guerra en Gaza y a las crecientes amenazas en m\u00faltiples frentes.<\/p>\n<p>Seg\u00fan el comunicado oficial, la ampliaci\u00f3n presupuestaria permitir\u00e1 al Ministerio de Defensa cerrar de forma inmediata acuerdos urgentes para adquirir armamento y municiones, reponer reservas agotadas y sostener las operaciones continuas del Ej\u00e9rcito israel\u00ed (IDF). <strong>\u201cEste presupuesto cubre plenamente los combates intensos en Gaza, adem\u00e1s de preparativos de seguridad integrales frente a amenazas del sur, del norte y de otros escenarios lejanos\u201d, afirm\u00f3 el ministro de Finanzas, Bezalel Smotrich<\/strong>.<\/p>\n<p><strong>Desde el ataque terrorista sin precedentes de Ham\u00e1s el 7 de octubre de 2023,<\/strong> que dej\u00f3 1.200 israel\u00edes muertos y 251 secuestrados, el conflicto se ha expandido. <a href=\"https:\/\/derechadiario.com.ar\/israel\/politica\/crece-tension-frontera-con-siria-por-conflicto-con-los-drusos\" title=\"Crece la tensi\u00f3n en la frontera con Siria por el conflicto con los drusos\">Grupos respaldados por Ir\u00e1n \u2014como Hezbol\u00e1 en L\u00edbano, los hut\u00edes en Yemen y milicias en Siria<\/a>\u2014 han intensificado sus ataques contra Israel.<\/p>\n<div class=\"inter_image image_horizontal\">\n<picture><source class=\"img-responsive\" type=\"image\/webp\" data-srcset=\"https:\/\/filesedc.com\/uploads\/image\/post\/2025\/07\/avionisrael-1752781365784_300_200.webp 300w, https:\/\/filesedc.com\/uploads\/image\/post\/2025\/07\/avionisrael-1752781365784_630_420.webp 630w, https:\/\/filesedc.com\/uploads\/image\/post\/2025\/07\/avionisrael-1752781365784_760_507.webp 760w, https:\/\/filesedc.com\/uploads\/image\/post\/2025\/07\/avionisrael-1752781365784_1200_800.webp 1200w, https:\/\/filesedc.com\/uploads\/image\/post\/2025\/07\/avionisrael-1752781365784_1600_1067.webp 1600w, \"><img decoding=\"async\" src=\"https:\/\/derechadiario.com.ar\/filesedc\/uploads\/image\/post\/2025\/07\/avionisrael-1752781365784_1200_800.webp\" class=\"img-responsive lazyload\" alt=\"Dos aviones de combate despegando sobre un paisaje monta\u00f1oso con el tren de aterrizaje extendido\" title=\"Dos aviones de combate despegando sobre un paisaje monta\u00f1oso con el tren de aterrizaje extendido\"><\/picture>\n<div>\n<span class=\"img_footer\">Aviones de la Fuerza A\u00e9rea Israel\u00ed <\/span>| <span class=\"img_author\">La Derecha Diario<\/span>\n<\/div>\n<\/div>\n<p><strong>En los \u00faltimos 21 meses, los sistemas de defensa antimisiles israel\u00edes han operado casi a diario<\/strong>\u00a0 para interceptar amenazas desde todas estas direcciones, incluyendo misiles lanzados directamente por Ir\u00e1n.<\/p>\n<p><strong>El gasto anual en defensa de Israel asciende actualmente a 110 mil millones de shekels (32.700 millones de d\u00f3lares), equivalente al 9% del PBI nacional<\/strong>, dentro de un presupuesto total de 756 mil millones de shekels para 2025.<\/p>\n<p>Con este aumento, <strong>el pa\u00eds consolida su postura de defensa<\/strong>\u00a0 en un entorno regional cada vez m\u00e1s hostil.<\/p>\n<p><strong>\u201cNecesitamos garantizar que el IDF tenga los medios necesarios para operar en todos los frentes y en todo momento\u201d<\/strong>, se\u00f1al\u00f3 Amir Baram, director general del Ministerio de Defensa.<\/p>\n","protected":false},"excerpt":{"rendered":"<p>El gobierno israel\u00ed anunci\u00f3 un aumento hist\u00f3rico en su presupuesto de defensa, que se incrementar\u00e1 en 42 mil millones de shekels (unos 12.500 millones de d\u00f3lares) durante 2025 y 2026. La medida, impulsada por los ministerios de Finanzas y Defensa, responde a la prolongada guerra en Gaza y a las crecientes amenazas en m\u00faltiples frentes. [&hellip;]<\/p>\n","protected":false},"author":2,"featured_media":11383,"comment_status":"open","ping_status":"open","sticky":false,"template":"","format":"standard","meta":{"_et_pb_use_builder":"","_et_pb_old_content":"","_et_gb_content_width":"","footnotes":""},"categories":[84],"tags":[],"class_list":["post-11382","post","type-post","status-publish","format-standard","has-post-thumbnail","hentry","category-ultimomomento"],"_links":{"self":[{"href":"https:\/\/verdadincomodadiario.ar\/index.php?rest_route=\/wp\/v2\/posts\/11382","targetHints":{"allow":["GET"]}}],"collection":[{"href":"https:\/\/verdadincomodadiario.ar\/index.php?rest_route=\/wp\/v2\/posts"}],"about":[{"href":"https:\/\/verdadincomodadiario.ar\/index.php?rest_route=\/wp\/v2\/types\/post"}],"author":[{"embeddable":true,"href":"https:\/\/verdadincomodadiario.ar\/index.php?rest_route=\/wp\/v2\/users\/2"}],"replies":[{"embeddable":true,"href":"https:\/\/verdadincomodadiario.ar\/index.php?rest_route=%2Fwp%2Fv2%2Fcomments&post=11382"}],"version-history":[{"count":0,"href":"https:\/\/verdadincomodadiario.ar\/index.php?rest_route=\/wp\/v2\/posts\/11382\/revisions"}],"wp:featuredmedia":[{"embeddable":true,"href":"https:\/\/verdadincomodadiario.ar\/index.php?rest_route=\/wp\/v2\/media\/11383"}],"wp:attachment":[{"href":"https:\/\/verdadincomodadiario.ar\/index.php?rest_route=%2Fwp%2Fv2%2Fmedia&parent=11382"}],"wp:term":[{"taxonomy":"category","embeddable":true,"href":"https:\/\/verdadincomodadiario.ar\/index.php?rest_route=%2Fwp%2Fv2%2Fcategories&post=11382"},{"taxonomy":"post_tag","embeddable":true,"href":"https:\/\/verdadincomodadiario.ar\/index.php?rest_route=%2Fwp%2Fv2%2Ftags&post=11382"}],"curies":[{"name":"wp","href":"https:\/\/api.w.org\/{rel}","templated":true}]}}