{"id":11370,"date":"2025-07-17T20:24:55","date_gmt":"2025-07-17T20:24:55","guid":{"rendered":"https:\/\/verdadincomodadiario.ar\/?p=11370"},"modified":"2025-07-17T20:24:55","modified_gmt":"2025-07-17T20:24:55","slug":"onu-extiende-mision-politica-en-haiti","status":"publish","type":"post","link":"https:\/\/verdadincomodadiario.ar\/?p=11370","title":{"rendered":"ONU extiende misi\u00f3n pol\u00edtica en Hait\u00ed"},"content":{"rendered":"<p>El\u00a0<strong>Consejo de Seguridad de la ONU<\/strong>\u00a0renov\u00f3 por unanimidad el mandato de la\u00a0<strong>Oficina Integrada de las Naciones Unidas en Hait\u00ed<\/strong> (<strong>BINUH<\/strong>)\u00a0hasta el\u00a031 de enero de 2026, en medio de una crisis multidimensional que ha llevado al pa\u00eds al borde del\u00a0colapso estatal total.<\/p>\n<p>El deterioro acelerado de la seguridad, con\u00a0pandillas controlando el <strong>85% de Puerto Pr\u00edncipe<\/strong>\u00a0y expandi\u00e9ndose a otras regiones, generando<a href=\"https:\/\/derechadiario.com.ar\/republica-dominicana\/sociedad\/haiti-registra-tasa-homicidios-mas-alta-america-latina\" title=\"Hait\u00ed registra la tasa de homicidios m\u00e1s alta de Am\u00e9rica Latina\">\u00a0<strong>4,026 homicidios en 2025<\/strong><\/a>\u00a0(un aumento del 24% respecto a 2024) y\u00a0<strong>1.3 millones de desplazados<\/strong>.<\/p>\n<p>El Secretario General\u00a0Ant\u00f3nio Guterres\u00a0propuso en febrero que la <strong>ONU<\/strong> asuma un rol m\u00e1s activo en apoyo log\u00edstico a la MSS, pero el Consejo a\u00fan no ha actuado.<\/p>\n<p>\u00a0La\u00a0Misi\u00f3n Multinacional de Apoyo a la Seguridad (MSS), liderada por Kenia, solo ha desplegado\u00a0416 efectivos\u00a0de los 2,500 previstos, con limitaciones log\u00edsticas y financieras.<\/p>\n<p>El objetivo de esta transici\u00f3n es apoyar al\u00a0Consejo Presidencial de Transici\u00f3n\u00a0para organizar elecciones en\u00a0febrero de 2026, aunque persisten acusaciones de corrupci\u00f3n y divisiones internas.<\/p>\n<p>Por otro lado, China y EE.UU.\u00a0coincidieron en que la soluci\u00f3n debe ser &#8220;liderada por haitianos&#8221;, pero con asistencia internacional.<\/p>\n<p>Una de las principales problematicas a enfrentar es las pandillas (como\u00a0Viv Ansanm), que\u00a0 usan\u00a0violencia sexual como arma\u00a0(5,400 casos registrados en 2024) y reclutan a\u00a030% menores de edad.<\/p>\n<p>La ONU document\u00f3\u00a0101 ejecuciones extrajudiciales\u00a0por grupos de autodefensa en tres meses.<\/p>\n<p>Algunos pa\u00edses\u00a0\u00a0priorizan sanciones a pandillas (como\u00a0Gran Grif) pero evitan financiar una misi\u00f3n ONU.<\/p>\n<p>La renovaci\u00f3n de BINUH es un\u00a0parche temporal\u00a0en un escenario donde:<br \/>\u2714\u00a0Las pandillas superan al Estado\u00a0en control territorial.<br \/>\u2714 La MSS\u00a0no tiene recursos\u00a0para cambiar el balance.<br \/>\u2714 La &#8220;soluci\u00f3n haitiana&#8221; parece\u00a0inviable sin intervenci\u00f3n reforzada.<\/p>\n","protected":false},"excerpt":{"rendered":"<p>El\u00a0Consejo de Seguridad de la ONU\u00a0renov\u00f3 por unanimidad el mandato de la\u00a0Oficina Integrada de las Naciones Unidas en Hait\u00ed (BINUH)\u00a0hasta el\u00a031 de enero de 2026, en medio de una crisis multidimensional que ha llevado al pa\u00eds al borde del\u00a0colapso estatal total. El deterioro acelerado de la seguridad, con\u00a0pandillas controlando el 85% de Puerto Pr\u00edncipe\u00a0y expandi\u00e9ndose [&hellip;]<\/p>\n","protected":false},"author":2,"featured_media":11371,"comment_status":"open","ping_status":"open","sticky":false,"template":"","format":"standard","meta":{"_et_pb_use_builder":"","_et_pb_old_content":"","_et_gb_content_width":"","footnotes":""},"categories":[84],"tags":[],"class_list":["post-11370","post","type-post","status-publish","format-standard","has-post-thumbnail","hentry","category-ultimomomento"],"_links":{"self":[{"href":"https:\/\/verdadincomodadiario.ar\/index.php?rest_route=\/wp\/v2\/posts\/11370","targetHints":{"allow":["GET"]}}],"collection":[{"href":"https:\/\/verdadincomodadiario.ar\/index.php?rest_route=\/wp\/v2\/posts"}],"about":[{"href":"https:\/\/verdadincomodadiario.ar\/index.php?rest_route=\/wp\/v2\/types\/post"}],"author":[{"embeddable":true,"href":"https:\/\/verdadincomodadiario.ar\/index.php?rest_route=\/wp\/v2\/users\/2"}],"replies":[{"embeddable":true,"href":"https:\/\/verdadincomodadiario.ar\/index.php?rest_route=%2Fwp%2Fv2%2Fcomments&post=11370"}],"version-history":[{"count":0,"href":"https:\/\/verdadincomodadiario.ar\/index.php?rest_route=\/wp\/v2\/posts\/11370\/revisions"}],"wp:featuredmedia":[{"embeddable":true,"href":"https:\/\/verdadincomodadiario.ar\/index.php?rest_route=\/wp\/v2\/media\/11371"}],"wp:attachment":[{"href":"https:\/\/verdadincomodadiario.ar\/index.php?rest_route=%2Fwp%2Fv2%2Fmedia&parent=11370"}],"wp:term":[{"taxonomy":"category","embeddable":true,"href":"https:\/\/verdadincomodadiario.ar\/index.php?rest_route=%2Fwp%2Fv2%2Fcategories&post=11370"},{"taxonomy":"post_tag","embeddable":true,"href":"https:\/\/verdadincomodadiario.ar\/index.php?rest_route=%2Fwp%2Fv2%2Ftags&post=11370"}],"curies":[{"name":"wp","href":"https:\/\/api.w.org\/{rel}","templated":true}]}}