{"id":11368,"date":"2025-07-17T20:24:56","date_gmt":"2025-07-17T20:24:56","guid":{"rendered":"https:\/\/verdadincomodadiario.ar\/?p=11368"},"modified":"2025-07-17T20:24:56","modified_gmt":"2025-07-17T20:24:56","slug":"asesor-presidencial-de-haiti-promete-seguridad-en-agosto","status":"publish","type":"post","link":"https:\/\/verdadincomodadiario.ar\/?p=11368","title":{"rendered":"Asesor presidencial de Hait\u00ed promete seguridad en agosto"},"content":{"rendered":"<p>Louis G\u00e9rald Gilles, asesor del\u00a0Consejo Presidencial de Transici\u00f3n de Hait\u00ed, gener\u00f3 controversia al afirmar que\u00a0&#8220;la inseguridad terminar\u00e1 a finales de agosto&#8221;, pese a que el pa\u00eds vive su peor crisis de violencia en d\u00e9cadas.<\/p>\n<p>La declaraci\u00f3n, hecha durante un acto conmemorativo del\u00a0D\u00eda Mundial de la Poblaci\u00f3n\u00a0en Puerto Pr\u00edncipe, contrasta radicalmente con la realidad que enfrentan millones de haitianos, donde las pandillas controlan\u00a0hasta el 90% de la capital1015\u00a0y la ONU advierte de un\u00a0&#8220;punto de no retorno&#8221;.<\/p>\n<p>Gilles defendi\u00f3 que la situaci\u00f3n\u00a0&#8220;ha mejorado respecto a 2022 o 2023&#8221;, atribuyendo los avances al trabajo del gobierno transicional y al reforzamiento de la\u00a0Polic\u00eda Nacional de Hait\u00ed (PNH). Sin embargo, los datos muestran lo contrario.<\/p>\n<p>M\u00e1s de 4,000 asesinatos en 2025\u00a0(un aumento del 24% frente a 2024) y\u00a01.3 millones de desplazados, la mitad ni\u00f1os, debido a la violencia.<\/p>\n<p>Expansi\u00f3n de las pandillas\u00a0hacia el norte y zonas fronterizas, incluyendo rutas clave hacia Rep\u00fablica Dominicana.<\/p>\n<p>Violencia sexual como arma de guerra: 5,400 casos registrados en 2024, con un aumento del 1,000% en agresiones a menores.<\/p>\n<p>La promesa de Gilles fue recibida con\u00a0desconfianza, especialmente en barrios como\u00a0Carrefour-Feuilles, donde familias llevan a\u00f1os durmiendo en campamentos improvisados.<\/p>\n<p>El reciente incendio del\u00a0Hotel Oloffson, s\u00edmbolo cultural de Puerto Pr\u00edncipe, por la pandilla\u00a0Viv Ansanm, refuerza la percepci\u00f3n de que el Estado no controla el territorio.<\/p>\n<p>La MSS, una misi\u00f3n en crisis: La fuerza multinacional liderada por Kenia solo ha desplegado\u00a0416 de los 2,500 efectivos prometidos, y carece de fondos y equipos.<\/p>\n<p>La declaraci\u00f3n de Gilles parece m\u00e1s un\u00a0intento de calmar la desesperaci\u00f3n social\u00a0que un plan concreto. Con\u00a0elecciones previstas para febrero de 2026\u00a0y un Estado al borde del colapso, la ventana para recuperar la seguridad se cierra r\u00e1pidamente.<\/p>\n<p>Como advierte la ONU,\u00a0sin una intervenci\u00f3n internacional masiva y coordinada, Hait\u00ed podr\u00eda caer en un\u00a0&#8220;caos total&#8221;\u00a0antes de que acabe el a\u00f1o.<\/p>\n","protected":false},"excerpt":{"rendered":"<p>Louis G\u00e9rald Gilles, asesor del\u00a0Consejo Presidencial de Transici\u00f3n de Hait\u00ed, gener\u00f3 controversia al afirmar que\u00a0&#8220;la inseguridad terminar\u00e1 a finales de agosto&#8221;, pese a que el pa\u00eds vive su peor crisis de violencia en d\u00e9cadas. La declaraci\u00f3n, hecha durante un acto conmemorativo del\u00a0D\u00eda Mundial de la Poblaci\u00f3n\u00a0en Puerto Pr\u00edncipe, contrasta radicalmente con la realidad que enfrentan [&hellip;]<\/p>\n","protected":false},"author":2,"featured_media":11369,"comment_status":"open","ping_status":"open","sticky":false,"template":"","format":"standard","meta":{"_et_pb_use_builder":"","_et_pb_old_content":"","_et_gb_content_width":"","footnotes":""},"categories":[84],"tags":[],"class_list":["post-11368","post","type-post","status-publish","format-standard","has-post-thumbnail","hentry","category-ultimomomento"],"_links":{"self":[{"href":"https:\/\/verdadincomodadiario.ar\/index.php?rest_route=\/wp\/v2\/posts\/11368","targetHints":{"allow":["GET"]}}],"collection":[{"href":"https:\/\/verdadincomodadiario.ar\/index.php?rest_route=\/wp\/v2\/posts"}],"about":[{"href":"https:\/\/verdadincomodadiario.ar\/index.php?rest_route=\/wp\/v2\/types\/post"}],"author":[{"embeddable":true,"href":"https:\/\/verdadincomodadiario.ar\/index.php?rest_route=\/wp\/v2\/users\/2"}],"replies":[{"embeddable":true,"href":"https:\/\/verdadincomodadiario.ar\/index.php?rest_route=%2Fwp%2Fv2%2Fcomments&post=11368"}],"version-history":[{"count":0,"href":"https:\/\/verdadincomodadiario.ar\/index.php?rest_route=\/wp\/v2\/posts\/11368\/revisions"}],"wp:featuredmedia":[{"embeddable":true,"href":"https:\/\/verdadincomodadiario.ar\/index.php?rest_route=\/wp\/v2\/media\/11369"}],"wp:attachment":[{"href":"https:\/\/verdadincomodadiario.ar\/index.php?rest_route=%2Fwp%2Fv2%2Fmedia&parent=11368"}],"wp:term":[{"taxonomy":"category","embeddable":true,"href":"https:\/\/verdadincomodadiario.ar\/index.php?rest_route=%2Fwp%2Fv2%2Fcategories&post=11368"},{"taxonomy":"post_tag","embeddable":true,"href":"https:\/\/verdadincomodadiario.ar\/index.php?rest_route=%2Fwp%2Fv2%2Ftags&post=11368"}],"curies":[{"name":"wp","href":"https:\/\/api.w.org\/{rel}","templated":true}]}}