{"id":11364,"date":"2025-07-17T20:24:58","date_gmt":"2025-07-17T20:24:58","guid":{"rendered":"https:\/\/verdadincomodadiario.ar\/?p=11364"},"modified":"2025-07-17T20:24:58","modified_gmt":"2025-07-17T20:24:58","slug":"llevan-a-juicio-a-una-universidad-de-berlin-por-antisemitismo","status":"publish","type":"post","link":"https:\/\/verdadincomodadiario.ar\/?p=11364","title":{"rendered":"Llevan a juicio a una universidad de Berl\u00edn por antisemitismo"},"content":{"rendered":"<p>Un tribunal administrativo de Berl\u00edn ha dado un paso crucial en la lucha contra el antisemitismo al autorizar que <strong>Lahav Shapira, un estudiante jud\u00edo agredido en febrero de 2024, lleve a juicio a la Universidad Libre de Berl\u00edn<\/strong>\u00a0 (FU) por su presunta inacci\u00f3n frente a actos de odio antisemita.<\/p>\n<p>La denuncia no apunta s\u00f3lo a un ataque f\u00edsico. Shapira sostiene que <strong>la universidad ha incumplido su deber legal de proteger a los estudiantes<\/strong>\u00a0 frente a la discriminaci\u00f3n, tal como lo estipula la Secci\u00f3n 5b (2) de la Ley de Educaci\u00f3n Superior de Berl\u00edn.<\/p>\n<p>Esta disposici\u00f3n obliga a las universidades a <strong>prevenir la discriminaci\u00f3n<\/strong>\u00a0 por razones de origen \u00e9tnico o atribuci\u00f3n antisemita, y a eliminarla cuando exista.<\/p>\n<p>Durante la audiencia, <strong>Shapira relat\u00f3 c\u00f3mo grupos estudiantiles pro-palestinos han organizado eventos con consignas abiertamente antisemitas<\/strong>\u00a0bajo t\u00edtulos como \u201cC\u00f3mo globalizamos la Intifada\u201d. En ese ambiente, explic\u00f3, <strong>asistir a clases implica aceptar insultos<\/strong>\u00a0 y, en algunos casos, incluso encontrarse con aulas bloqueadas.<\/p>\n<div class=\"inter_image image_horizontal\">\n<picture><source class=\"img-responsive\" type=\"image\/webp\" data-srcset=\"https:\/\/filesedc.com\/uploads\/image\/post\/2025\/07\/univberlin2_300_200.webp 300w, https:\/\/filesedc.com\/uploads\/image\/post\/2025\/07\/univberlin2_630_420.webp 630w, https:\/\/filesedc.com\/uploads\/image\/post\/2025\/07\/univberlin2_760_507.webp 760w, https:\/\/filesedc.com\/uploads\/image\/post\/2025\/07\/univberlin2_1200_800.webp 1200w, https:\/\/filesedc.com\/uploads\/image\/post\/2025\/07\/univberlin2_1600_1067.webp 1600w, \"><img decoding=\"async\" src=\"https:\/\/derechadiario.com.ar\/filesedc\/uploads\/image\/post\/2025\/07\/univberlin2_1200_800.webp\" class=\"img-responsive lazyload\" alt=\"Personas sentadas observan a un orador en una sala con pancartas de protesta en las paredes, algunas con mensajes en alem\u00e1n sobre genocidio, guerra y crisis.\" title=\"Personas sentadas observan a un orador en una sala con pancartas de protesta en las paredes, algunas con mensajes en alem\u00e1n sobre genocidio, guerra y crisis.\"><\/picture>\n<div>\n<span class=\"img_footer\">Actos antisemitas en la universidad <\/span>| <span class=\"img_author\">La Derecha Diario<\/span>\n<\/div>\n<\/div>\n<p>El juez Edgar Fischer consider\u00f3 que hay motivos suficientes para avanzar a juicio, que se celebrar\u00e1 en octubre. <strong>\u201cLa universidad deber\u00e1 explicar qu\u00e9 medidas ha tomado para proteger a sus estudiantes jud\u00edos\u201d<\/strong>, afirm\u00f3 la abogada de Shapira, Kristin Pietrzyk, quien celebr\u00f3 la decisi\u00f3n como \u201cun gran \u00e9xito\u201d.<\/p>\n<p>Los ataques antisemitas <a href=\"https:\/\/derechadiario.com.ar\/israel\/politica\/ataque-antisemita-grecia\" title=\"Antisemitas atacaron un restaurante kosher israel\u00ed en Atenas\">se han multiplicado en Europa desde el 7 de octubre de 2023<\/a>.<\/p>\n<p>Desde la sociedad civil, tambi\u00e9n se alzan voces en respaldo del estudiante. Heike Kleffner, directora de la Asociaci\u00f3n de V\u00edctimas de la Violencia de Extrema Derecha y Antisemitismo, subray\u00f3 que el caso es de importancia fundamental: <strong>\u201cLas universidades tienen la obligaci\u00f3n legal y moral de garantizar la seguridad y la dignidad de todos sus alumnos\u201d<\/strong>.<\/p>\n<p>El juicio no s\u00f3lo pondr\u00e1 a prueba a la FU de Berl\u00edn, sino tambi\u00e9n el compromiso de las instituciones europeas con la lucha contra el antisemitismo.<\/p>\n","protected":false},"excerpt":{"rendered":"<p>Un tribunal administrativo de Berl\u00edn ha dado un paso crucial en la lucha contra el antisemitismo al autorizar que Lahav Shapira, un estudiante jud\u00edo agredido en febrero de 2024, lleve a juicio a la Universidad Libre de Berl\u00edn\u00a0 (FU) por su presunta inacci\u00f3n frente a actos de odio antisemita. La denuncia no apunta s\u00f3lo a [&hellip;]<\/p>\n","protected":false},"author":2,"featured_media":11365,"comment_status":"open","ping_status":"open","sticky":false,"template":"","format":"standard","meta":{"_et_pb_use_builder":"","_et_pb_old_content":"","_et_gb_content_width":"","footnotes":""},"categories":[84],"tags":[],"class_list":["post-11364","post","type-post","status-publish","format-standard","has-post-thumbnail","hentry","category-ultimomomento"],"_links":{"self":[{"href":"https:\/\/verdadincomodadiario.ar\/index.php?rest_route=\/wp\/v2\/posts\/11364","targetHints":{"allow":["GET"]}}],"collection":[{"href":"https:\/\/verdadincomodadiario.ar\/index.php?rest_route=\/wp\/v2\/posts"}],"about":[{"href":"https:\/\/verdadincomodadiario.ar\/index.php?rest_route=\/wp\/v2\/types\/post"}],"author":[{"embeddable":true,"href":"https:\/\/verdadincomodadiario.ar\/index.php?rest_route=\/wp\/v2\/users\/2"}],"replies":[{"embeddable":true,"href":"https:\/\/verdadincomodadiario.ar\/index.php?rest_route=%2Fwp%2Fv2%2Fcomments&post=11364"}],"version-history":[{"count":0,"href":"https:\/\/verdadincomodadiario.ar\/index.php?rest_route=\/wp\/v2\/posts\/11364\/revisions"}],"wp:featuredmedia":[{"embeddable":true,"href":"https:\/\/verdadincomodadiario.ar\/index.php?rest_route=\/wp\/v2\/media\/11365"}],"wp:attachment":[{"href":"https:\/\/verdadincomodadiario.ar\/index.php?rest_route=%2Fwp%2Fv2%2Fmedia&parent=11364"}],"wp:term":[{"taxonomy":"category","embeddable":true,"href":"https:\/\/verdadincomodadiario.ar\/index.php?rest_route=%2Fwp%2Fv2%2Fcategories&post=11364"},{"taxonomy":"post_tag","embeddable":true,"href":"https:\/\/verdadincomodadiario.ar\/index.php?rest_route=%2Fwp%2Fv2%2Ftags&post=11364"}],"curies":[{"name":"wp","href":"https:\/\/api.w.org\/{rel}","templated":true}]}}