{"id":11334,"date":"2025-07-17T17:24:46","date_gmt":"2025-07-17T17:24:46","guid":{"rendered":"https:\/\/verdadincomodadiario.ar\/?p=11334"},"modified":"2025-07-17T17:24:46","modified_gmt":"2025-07-17T17:24:46","slug":"el-claeh-difundio-informe-trucho-y-falso-sobre-violencia-de-genero","status":"publish","type":"post","link":"https:\/\/verdadincomodadiario.ar\/?p=11334","title":{"rendered":"El Claeh difundi\u00f3 informe trucho y falso sobre violencia de g\u00e9nero"},"content":{"rendered":"<p>El pasado mi\u00e9rcoles 16 de julio tuvo lugar un evento <strong>propagand\u00edstico<\/strong> realizado por <strong>feministas ultra radicales<\/strong>\u00a0en el Palacio Legislativo.\u00a0<\/p>\n<p>Utilizando un lugar del Estado, que se financia con los <strong>impuestos<\/strong> de los <strong>contribuyentes<\/strong>, un grupo de feministas radicales coparon las instalaciones del Palacio Legislativo para presentar una presunta &#8220;investigaci\u00f3n acad\u00e9mica&#8221;.<\/p>\n<p>El evento ultra fue organizado por el <strong>CLAEH<\/strong> (Centro Latino Americano de Econom\u00eda Humana)\u00a0 que se autopercibe una universidad, por la embajada de Pa\u00edses Bajos, y por ONU Mujeres.\u00a0<\/p>\n<p>En lugar elegido para el acto de <strong>propaganda feminista<\/strong>\u00a0 fue un edificio p\u00fablico, en lugar de utilizar un sitio privado como hubiera correspondido para un mitin de vulgar propaganda ideol\u00f3gica.<\/p>\n<div class=\"inter_image image_horizontal\">\n<picture><source class=\"img-responsive\" type=\"image\/webp\" data-srcset=\"https:\/\/filesedc.com\/uploads\/image\/post\/2025\/07\/screenshot-20250717-025905_300_200.webp 300w, https:\/\/filesedc.com\/uploads\/image\/post\/2025\/07\/screenshot-20250717-025905_630_420.webp 630w, https:\/\/filesedc.com\/uploads\/image\/post\/2025\/07\/screenshot-20250717-025905_760_507.webp 760w, https:\/\/filesedc.com\/uploads\/image\/post\/2025\/07\/screenshot-20250717-025905_1200_800.webp 1200w, https:\/\/filesedc.com\/uploads\/image\/post\/2025\/07\/screenshot-20250717-025905_1600_1067.webp 1600w, \"><img decoding=\"async\" src=\"https:\/\/derechadiario.com.ar\/filesedc\/uploads\/image\/post\/2025\/07\/screenshot-20250717-025905_1200_800.webp\" class=\"img-responsive lazyload\" alt=\"Titular de un art\u00edculo de la diaria feminismos que afirma que las denuncias falsas por violencia de g\u00e9nero en Uruguay son insignificantes seg\u00fan una investigaci\u00f3n\" title=\"Titular de un art\u00edculo de la diaria feminismos que afirma que las denuncias falsas por violencia de g\u00e9nero en Uruguay son insignificantes seg\u00fan una investigaci\u00f3n\"><\/picture>\n<div>\n<span class=\"img_footer\">Recorte de La Diaria  <\/span>| <span class=\"img_author\">La Derecha Diario<\/span>\n<\/div>\n<\/div>\n<p>La idea era instalar el relato de que las denuncias falsas de violencia de g\u00e9nero <strong>no<\/strong> existen.\u00a0<\/p>\n<p>La <strong>presunta<\/strong> &#8220;investigaci\u00f3n acad\u00e9mica&#8221; estuvo encabezada por la feministas ultra radicales <strong>Teresa Herrera , Soledad Su\u00e1rez, Alicia Deus y Natalia Fern\u00e1ndez<\/strong>.\u00a0<\/p>\n<h2>Falsa &#8220;investigaci\u00f3n acad\u00e9mica&#8221;<\/h2>\n<p>La supuesta investigaci\u00f3n acad\u00e9mica se limit\u00f3 a un <strong>recorte y pegue<\/strong>\u00a0 de sentencias de los juzgados de Familia Especializada de Montevideo, y en base a los datos obtenidos concluyeron que las denuncias falsas de violencia de g\u00e9nero contra hombres inocentes son &#8220;<strong>insignificantes<\/strong>&#8220;.\u00a0<\/p>\n<p>El &#8220;estudio acad\u00e9mico&#8221; de las ultra feministas tambi\u00e9n se\u00f1ala que realizaron algunas entrevistas, y examinaron carpetas investigativas de\u00a0 casos penales de la <strong>Fiscal\u00eda<\/strong>.<\/p>\n<p>No se sabe c\u00f3mo accedieron a las carpetas investigativas, ya que \u00e9stas son estrictamente <strong>reservadas<\/strong>.<\/p>\n<p>C\u00f3mo se sabe, es en los juzgados de Familia Especializada de Montevideo donde se tramitan las denuncias de mujeres contra varones, al amparo de la <b>Ley de G\u00e9nero, la 19.580.<\/b><\/p>\n<h2>Trampa metodol\u00f3gica<\/h2>\n<p>Las <strong>extremistas<\/strong> que presentaron la &#8220;investigaci\u00f3n acad\u00e9mica&#8221; hicieron trampa. En los juzgados de Familia Especializada en Montevideo, que est\u00e1n ubicados en la avenida Rondeau casi La Paz, <strong>no<\/strong> se determina la culpabilidad del var\u00f3n denunciado, sino que el juez que act\u00faa lo que hace es establecer <strong>medidas cautelares<\/strong>\u00a0 contra el hombre denunciado.<\/p>\n<p>El juez jam\u00e1s dice si la denuncia es verdadera o es falsa, se limitan a tomar medidas cautelares. Y aunque la denuncia efectuada por la mujer sea disparatada, las medidas cautelares al hombre se le imponen igual. La ley 19.580 <strong>obliga<\/strong> al juez a imponer tales medidas.<\/p>\n<p>Es obvio que si se analizan las sentencias de estos juzgados nunca va a haber una que determine que la denuncia de Mar\u00eda a Pedro fue falsa, ya que <strong>no<\/strong> se determina la veracidad o falsedad de la denuncia.<\/p>\n<p>Lo que el magistrado hace es imponer las medidas cautelares indicadas por la ley 19.580.<\/p>\n<p>La &#8220;investigaci\u00f3n acad\u00e9mica&#8221; es <strong>tramposa<\/strong>\u00a0y <strong>malintencionada<\/strong>. Las que elaboraron el &#8220;informe\u201d saben perfectamente que esto es as\u00ed.<\/p>\n<p><strong>Disfrazan<\/strong> propaganda ultra feminista con datos objetivos y an\u00e1lisis acad\u00e9mico.<\/p>\n<p>Enga\u00f1an a la gente se\u00f1alando que como no hay jueces que digan que la denuncia es falsa, \u00e9stas no existen.<\/p>\n<p><strong>Mienten<\/strong>, en el juzgado de Familia Especializada se toman medidas cautelares de varios tipos contra el var\u00f3n denunciado, nunca un juez en esos juzgados va a se\u00f1alar que determinada denuncia es falsa, porque no es su cometido.\u00a0<\/p>\n<figure><img decoding=\"async\" src=\"https:\/\/derechadiario.com.ar\/filesedc\/uploads\/image\/post\/2025\/07\/descarga-1752766860690_1200_800.webp\" class=\"img-responsive lazyload\" alt=\"Logotipo de la Universidad CLAEH sobre fondo azul\" title=\"Logotipo de la Universidad CLAEH sobre fondo azul\"><\/figure>\n<p>En los casos excepcionales que el juez de Familia Especializada desecha la denuncia presentada por una mujer contra un hombre, el magistrado simplemente la <strong>archiva<\/strong>. Pero no dice que la &#8220;denuncia de Mar\u00eda a Pedro es falsa&#8221;. <strong>Solo la archiva.<\/strong><\/p>\n<h2>La Diaria a favor del feminismo radical<\/h2>\n<p>El mi\u00e9rcoles 16 el panfleto difundi\u00f3 el acto feminista realizado en el Palacio Legislativo.<\/p>\n<p>Como siempre el pasqu\u00edn de la ultra izquierda hace propaganda, miente y tergiversa, para imponer una narrativa que no tiene nada que ver con la realidad.\u00a0<\/p>\n<p>El <strong>financiamiento<\/strong> que recibe el panfleto desde el exterior desde fundaciones internacionales, como ya noticiera La Derecha Diario, incide en esta narrativa mentirosa que repite la falsedades del ultra feminismo radical.\u00a0<\/p>\n<p>Enga\u00f1an a sus lectores y al p\u00fablico en general al difundir una supuesta &#8220;investigaci\u00f3n acad\u00e9mica&#8221;, que es <strong>trucha y tramposa<\/strong>, y que pretende torcer la realidad.<\/p>\n<p>Adem\u00e1s, las &#8220;investigadoras acad\u00e9micas&#8221; son feministas radicales que <strong>cobran subsidios<\/strong>\u00a0en las ONGs en las que act\u00faan. Por lo cual est\u00e1n interesadas en promover la mentira de que no existen las denuncias falsas de violencia de g\u00e9nero.<\/p>\n<figure><img decoding=\"async\" src=\"https:\/\/derechadiario.com.ar\/filesedc\/uploads\/image\/post\/2025\/07\/screenshot-20250717-025855_1200_800.webp\" class=\"img-responsive lazyload\" alt=\"Cuatro mujeres sentadas en una mesa de conferencia con micr\u00f3fonos y documentos frente a ellas durante un evento formal\" title=\"Cuatro mujeres sentadas en una mesa de conferencia con micr\u00f3fonos y documentos frente a ellas durante un evento formal\"><\/figure>\n<p>Quienes encabezaron la supuesta &#8220;investigaci\u00f3n acad\u00e9mica&#8221; son conocidas radicales que desde hace largos a\u00f1os cobran <strong>subsidios<\/strong> en diversas ONGs feministas. Estos subsidios los pagan todos los uruguayos con sus impuestos.<\/p>\n<p>El panfleto de ultra izquierda no tiene escr\u00fapulos a la hora de instalar un relato <strong>falso<\/strong> y defender al feminismo violentista y anti familia.<\/p>\n<p>Est\u00e1n al servicio de la mentira, el enga\u00f1o, y la desinformaci\u00f3n.<\/p>\n","protected":false},"excerpt":{"rendered":"<p>El pasado mi\u00e9rcoles 16 de julio tuvo lugar un evento propagand\u00edstico realizado por feministas ultra radicales\u00a0en el Palacio Legislativo.\u00a0 Utilizando un lugar del Estado, que se financia con los impuestos de los contribuyentes, un grupo de feministas radicales coparon las instalaciones del Palacio Legislativo para presentar una presunta &#8220;investigaci\u00f3n acad\u00e9mica&#8221;. El evento ultra fue organizado [&hellip;]<\/p>\n","protected":false},"author":2,"featured_media":11335,"comment_status":"open","ping_status":"open","sticky":false,"template":"","format":"standard","meta":{"_et_pb_use_builder":"","_et_pb_old_content":"","_et_gb_content_width":"","footnotes":""},"categories":[84],"tags":[],"class_list":["post-11334","post","type-post","status-publish","format-standard","has-post-thumbnail","hentry","category-ultimomomento"],"_links":{"self":[{"href":"https:\/\/verdadincomodadiario.ar\/index.php?rest_route=\/wp\/v2\/posts\/11334","targetHints":{"allow":["GET"]}}],"collection":[{"href":"https:\/\/verdadincomodadiario.ar\/index.php?rest_route=\/wp\/v2\/posts"}],"about":[{"href":"https:\/\/verdadincomodadiario.ar\/index.php?rest_route=\/wp\/v2\/types\/post"}],"author":[{"embeddable":true,"href":"https:\/\/verdadincomodadiario.ar\/index.php?rest_route=\/wp\/v2\/users\/2"}],"replies":[{"embeddable":true,"href":"https:\/\/verdadincomodadiario.ar\/index.php?rest_route=%2Fwp%2Fv2%2Fcomments&post=11334"}],"version-history":[{"count":0,"href":"https:\/\/verdadincomodadiario.ar\/index.php?rest_route=\/wp\/v2\/posts\/11334\/revisions"}],"wp:featuredmedia":[{"embeddable":true,"href":"https:\/\/verdadincomodadiario.ar\/index.php?rest_route=\/wp\/v2\/media\/11335"}],"wp:attachment":[{"href":"https:\/\/verdadincomodadiario.ar\/index.php?rest_route=%2Fwp%2Fv2%2Fmedia&parent=11334"}],"wp:term":[{"taxonomy":"category","embeddable":true,"href":"https:\/\/verdadincomodadiario.ar\/index.php?rest_route=%2Fwp%2Fv2%2Fcategories&post=11334"},{"taxonomy":"post_tag","embeddable":true,"href":"https:\/\/verdadincomodadiario.ar\/index.php?rest_route=%2Fwp%2Fv2%2Ftags&post=11334"}],"curies":[{"name":"wp","href":"https:\/\/api.w.org\/{rel}","templated":true}]}}