{"id":11310,"date":"2025-07-17T15:29:55","date_gmt":"2025-07-17T15:29:55","guid":{"rendered":"https:\/\/verdadincomodadiario.ar\/?p=11310"},"modified":"2025-07-17T15:29:55","modified_gmt":"2025-07-17T15:29:55","slug":"ministerio-publico-realiza-operacion-atlantico-en-sosua","status":"publish","type":"post","link":"https:\/\/verdadincomodadiario.ar\/?p=11310","title":{"rendered":"Ministerio p\u00fablico realiza operaci\u00f3n Atl\u00e1ntico en Sos\u00faa"},"content":{"rendered":"<p><strong>La Operaci\u00f3n Atl\u00e1ntico<\/strong>, ejecutada por el <strong>Ministerio P\u00fablico de la Rep\u00fablica Dominicana<\/strong>, representa un esfuerzo integral contra el crimen organizado en la zona tur\u00edstica de Sos\u00faa, Puerto Plata.<\/p>\n<p>Esta intervenci\u00f3n multidisciplinaria ha logrado rescatar a v\u00edctimas de explotaci\u00f3n sexual y migrantes, mientras establece estructuras permanentes para combatir estos delitos.<\/p>\n<p>Durante la primera fase de la operaci\u00f3n, las autoridades realizaron <strong>29 allanamientos en 12 pensiones<\/strong>\u00a0 (con m\u00e1s de 250 habitaciones) y 17 centros de expendio de bebidas alcoh\u00f3licas.<\/p>\n<p>Rescate de <strong>196 personas<\/strong>, incluyendo,\u00a0<strong>174 mujeres<\/strong>\u00a0 (6 menores de edad),\u00a0<strong>22 hombres<\/strong>, Incautaci\u00f3n de armas y otras evidencias vinculadas a los il\u00edcitos investigados.<\/p>\n<p>Adem\u00e1s,\u00a0 detecci\u00f3n de una red de proxenetas que abusaba de las v\u00edctimas rescatadas.<\/p>\n<p>Los menores rescatados fueron puestos bajo protecci\u00f3n directa del CONANI (Consejo Nacional para la Ni\u00f1ez y la Adolescencia), recibiendo acompa\u00f1amiento psicol\u00f3gico y medidas de restituci\u00f3n de derechos.<\/p>\n<p>La operaci\u00f3n moviliz\u00f3 un impresionante dispositivo de seguridad y justicia,\u00a035 fiscales del Ministerio P\u00fablico, m\u00e1s de 500 efectivos de diversas agencias estatales, participaci\u00f3n de m\u00faltiples instituciones.<\/p>\n<p>Enfoque principal: Combatir proxenetismo, explotaci\u00f3n sexual comercial y tr\u00e1fico il\u00edcito de migrantes.<\/p>\n<p>La procuradora adjunta Yeni Berenice Reynoso destac\u00f3 que &#8220;la Operaci\u00f3n Atl\u00e1ntico tiene varias fases y va m\u00e1s all\u00e1 de una simple operaci\u00f3n de interdicci\u00f3n&#8221;, subrayando el car\u00e1cter estrat\u00e9gico y permanente de esta iniciativa del estado.<\/p>\n","protected":false},"excerpt":{"rendered":"<p>La Operaci\u00f3n Atl\u00e1ntico, ejecutada por el Ministerio P\u00fablico de la Rep\u00fablica Dominicana, representa un esfuerzo integral contra el crimen organizado en la zona tur\u00edstica de Sos\u00faa, Puerto Plata. Esta intervenci\u00f3n multidisciplinaria ha logrado rescatar a v\u00edctimas de explotaci\u00f3n sexual y migrantes, mientras establece estructuras permanentes para combatir estos delitos. Durante la primera fase de la [&hellip;]<\/p>\n","protected":false},"author":2,"featured_media":11311,"comment_status":"open","ping_status":"open","sticky":false,"template":"","format":"standard","meta":{"_et_pb_use_builder":"","_et_pb_old_content":"","_et_gb_content_width":"","footnotes":""},"categories":[84],"tags":[],"class_list":["post-11310","post","type-post","status-publish","format-standard","has-post-thumbnail","hentry","category-ultimomomento"],"_links":{"self":[{"href":"https:\/\/verdadincomodadiario.ar\/index.php?rest_route=\/wp\/v2\/posts\/11310","targetHints":{"allow":["GET"]}}],"collection":[{"href":"https:\/\/verdadincomodadiario.ar\/index.php?rest_route=\/wp\/v2\/posts"}],"about":[{"href":"https:\/\/verdadincomodadiario.ar\/index.php?rest_route=\/wp\/v2\/types\/post"}],"author":[{"embeddable":true,"href":"https:\/\/verdadincomodadiario.ar\/index.php?rest_route=\/wp\/v2\/users\/2"}],"replies":[{"embeddable":true,"href":"https:\/\/verdadincomodadiario.ar\/index.php?rest_route=%2Fwp%2Fv2%2Fcomments&post=11310"}],"version-history":[{"count":0,"href":"https:\/\/verdadincomodadiario.ar\/index.php?rest_route=\/wp\/v2\/posts\/11310\/revisions"}],"wp:featuredmedia":[{"embeddable":true,"href":"https:\/\/verdadincomodadiario.ar\/index.php?rest_route=\/wp\/v2\/media\/11311"}],"wp:attachment":[{"href":"https:\/\/verdadincomodadiario.ar\/index.php?rest_route=%2Fwp%2Fv2%2Fmedia&parent=11310"}],"wp:term":[{"taxonomy":"category","embeddable":true,"href":"https:\/\/verdadincomodadiario.ar\/index.php?rest_route=%2Fwp%2Fv2%2Fcategories&post=11310"},{"taxonomy":"post_tag","embeddable":true,"href":"https:\/\/verdadincomodadiario.ar\/index.php?rest_route=%2Fwp%2Fv2%2Ftags&post=11310"}],"curies":[{"name":"wp","href":"https:\/\/api.w.org\/{rel}","templated":true}]}}