{"id":11284,"date":"2025-07-17T13:31:13","date_gmt":"2025-07-17T13:31:13","guid":{"rendered":"https:\/\/verdadincomodadiario.ar\/?p=11284"},"modified":"2025-07-17T13:31:13","modified_gmt":"2025-07-17T13:31:13","slug":"estados-unidos-anticipa-una-pronta-calma-entre-israel-y-siria","status":"publish","type":"post","link":"https:\/\/verdadincomodadiario.ar\/?p=11284","title":{"rendered":"Estados Unidos anticipa una pronta calma entre Israel y Siria"},"content":{"rendered":"<p><strong>El secretario de Estado de EE. UU., Marco Rubio, anunci\u00f3 que Washington espera una desescalada en el sur de Siria<\/strong>, <a href=\"https:\/\/derechadiario.com.ar\/israel\/politica\/tension-netanyahu-le-pide-los-drusos-que-no-crucen-frontera-hacia-siria\" title=\"Tensi\u00f3n: Netanyahu le pide a los drusos que no crucen la frontera hacia Siria\">tras una jornada de intensas tensiones<\/a> entre fuerzas del r\u00e9gimen sirio y la comunidad drusa local. La declaraci\u00f3n se dio mientras <strong>el presidente Donald Trump lo observaba en silencio<\/strong>, en una clara se\u00f1al del respaldo estadounidense al manejo de la situaci\u00f3n.<\/p>\n<p>Rubio explic\u00f3 que la violencia en la ciudad de Sweida, habitada mayoritariamente por drusos, surgi\u00f3 por <strong>\u201crivalidades hist\u00f3ricas\u201d y un \u201cmalentendido\u201d entre las fuerzas sirias y las israel\u00edes<\/strong>, luego de que el ej\u00e9rcito israel\u00ed respondiera con ataques selectivos contra instalaciones del r\u00e9gimen.<\/p>\n<p>Seg\u00fan el propio Rubio, <strong>la intervenci\u00f3n israel\u00ed fue interpretada como una advertencia clara para que se respete la integridad de la minor\u00eda drusa<\/strong>.<\/p>\n<p>\u201cEstamos en contacto con ambas partes desde anoche y creemos que <strong>estamos cerca de una desescalada real<\/strong>\u00a0 que nos permitir\u00e1 volver a enfocarnos en la reconstrucci\u00f3n de Siria y la estabilidad regional\u201d, afirm\u00f3 Rubio.<\/p>\n<div class=\"inter_image image_horizontal\">\n<picture><source class=\"img-responsive\" type=\"image\/webp\" data-srcset=\"https:\/\/filesedc.com\/uploads\/image\/post\/2025\/07\/siriaat-1752744420640_300_200.webp 300w, https:\/\/filesedc.com\/uploads\/image\/post\/2025\/07\/siriaat-1752744420640_630_420.webp 630w, https:\/\/filesedc.com\/uploads\/image\/post\/2025\/07\/siriaat-1752744420640_760_507.webp 760w, https:\/\/filesedc.com\/uploads\/image\/post\/2025\/07\/siriaat-1752744420640_1200_800.webp 1200w, https:\/\/filesedc.com\/uploads\/image\/post\/2025\/07\/siriaat-1752744420640_1600_1067.webp 1600w, \"><img decoding=\"async\" src=\"https:\/\/derechadiario.com.ar\/filesedc\/uploads\/image\/post\/2025\/07\/siriaat-1752744420640_1200_800.webp\" class=\"img-responsive lazyload\" alt=\"Un soldado dispara un lanzacohetes en una calle urbana mientras otro militar se cubre detr\u00e1s de \u00e9l y hay humo y escombros en el suelo\" title=\"Un soldado dispara un lanzacohetes en una calle urbana mientras otro militar se cubre detr\u00e1s de \u00e9l y hay humo y escombros en el suelo\"><\/picture>\n<div>\n<span class=\"img_footer\">Militares del ej\u00e9rcito sirio <\/span>| <span class=\"img_author\">La Derecha Diario<\/span>\n<\/div>\n<\/div>\n<p>Sus declaraciones apuntan a mantener <strong>el impulso hacia una posible normalizaci\u00f3n de relaciones entre Israel y el gobierno interino sirio<\/strong>, liderado por Ahmed al-Sharaa, que asumi\u00f3 tras la ca\u00edda de Bashar al-Assad.<\/p>\n<p>Por su parte, la portavoz del Departamento de Estado, Tammy Bruce, <strong>inst\u00f3 al gobierno sirio a retirar sus tropas de la zona en disputa<\/strong>\u00a0 para evitar una mayor escalada.<\/p>\n<p><strong>Mientras algunos actores internacionales piden contenci\u00f3n a Israel, Washington ha preferido centrarse en la necesidad de proteger a las minor\u00edas amenazadas en Siria, en l\u00ednea con el accionar israel\u00ed<\/strong>. En medio de la compleja geopol\u00edtica regional, Israel sigue mostrando un firme compromiso con la defensa de comunidades vulnerables como los drusos.<\/p>\n","protected":false},"excerpt":{"rendered":"<p>El secretario de Estado de EE. UU., Marco Rubio, anunci\u00f3 que Washington espera una desescalada en el sur de Siria, tras una jornada de intensas tensiones entre fuerzas del r\u00e9gimen sirio y la comunidad drusa local. La declaraci\u00f3n se dio mientras el presidente Donald Trump lo observaba en silencio, en una clara se\u00f1al del respaldo [&hellip;]<\/p>\n","protected":false},"author":2,"featured_media":11285,"comment_status":"open","ping_status":"open","sticky":false,"template":"","format":"standard","meta":{"_et_pb_use_builder":"","_et_pb_old_content":"","_et_gb_content_width":"","footnotes":""},"categories":[84],"tags":[],"class_list":["post-11284","post","type-post","status-publish","format-standard","has-post-thumbnail","hentry","category-ultimomomento"],"_links":{"self":[{"href":"https:\/\/verdadincomodadiario.ar\/index.php?rest_route=\/wp\/v2\/posts\/11284","targetHints":{"allow":["GET"]}}],"collection":[{"href":"https:\/\/verdadincomodadiario.ar\/index.php?rest_route=\/wp\/v2\/posts"}],"about":[{"href":"https:\/\/verdadincomodadiario.ar\/index.php?rest_route=\/wp\/v2\/types\/post"}],"author":[{"embeddable":true,"href":"https:\/\/verdadincomodadiario.ar\/index.php?rest_route=\/wp\/v2\/users\/2"}],"replies":[{"embeddable":true,"href":"https:\/\/verdadincomodadiario.ar\/index.php?rest_route=%2Fwp%2Fv2%2Fcomments&post=11284"}],"version-history":[{"count":0,"href":"https:\/\/verdadincomodadiario.ar\/index.php?rest_route=\/wp\/v2\/posts\/11284\/revisions"}],"wp:featuredmedia":[{"embeddable":true,"href":"https:\/\/verdadincomodadiario.ar\/index.php?rest_route=\/wp\/v2\/media\/11285"}],"wp:attachment":[{"href":"https:\/\/verdadincomodadiario.ar\/index.php?rest_route=%2Fwp%2Fv2%2Fmedia&parent=11284"}],"wp:term":[{"taxonomy":"category","embeddable":true,"href":"https:\/\/verdadincomodadiario.ar\/index.php?rest_route=%2Fwp%2Fv2%2Fcategories&post=11284"},{"taxonomy":"post_tag","embeddable":true,"href":"https:\/\/verdadincomodadiario.ar\/index.php?rest_route=%2Fwp%2Fv2%2Ftags&post=11284"}],"curies":[{"name":"wp","href":"https:\/\/api.w.org\/{rel}","templated":true}]}}