{"id":11260,"date":"2025-07-17T03:25:38","date_gmt":"2025-07-17T03:25:38","guid":{"rendered":"https:\/\/verdadincomodadiario.ar\/?p=11260"},"modified":"2025-07-17T03:25:38","modified_gmt":"2025-07-17T03:25:38","slug":"cordoba-intensifica-controles-de-velocidad-con-sanciones-desde-agosto","status":"publish","type":"post","link":"https:\/\/verdadincomodadiario.ar\/?p=11260","title":{"rendered":"C\u00f3rdoba intensifica controles de velocidad con sanciones desde agosto"},"content":{"rendered":"<p>La <a href=\"https:\/\/derechadiario.com.ar\/politica\/municipalidad-cordoba-megaestructura-descomunal-bajo-gestion-passerini\" title=\"Municipalidad de C\u00f3rdoba: una megaestructura descomunal bajo la gesti\u00f3n de Passerini\">Municipalidad de C\u00f3rdoba<\/a> implementar\u00e1 <strong>un nuevo operativo de control de velocidad en diferentes sectores de la ciudad<\/strong>. El objetivo central de la medida es reducir la cantidad de siniestros viales y promover una conducci\u00f3n m\u00e1s segura. Las acciones estar\u00e1n a cargo de la Secretar\u00eda de Movilidad Urbana y comenzar\u00e1n con una etapa informativa.<\/p>\n<p>Durante las primeras dos semanas, <strong>los infractores ser\u00e1n notificados a trav\u00e9s del CIDI sin recibir sanciones econ\u00f3micas. A partir de agosto, comenzar\u00e1n a aplicarse multas que van desde los $52.000 hasta los $315.000<\/strong>, con posibilidad de secuestro del veh\u00edculo. La Municipalidad utilizar\u00e1 cinem\u00f3metros y equipos espec\u00edficos para detectar excesos de velocidad.<\/p>\n<p><strong>Los dispositivos estar\u00e1n ubicados en arterias principales y zonas de alta circulaci\u00f3n vehicular<\/strong>. Tambi\u00e9n se incorporar\u00e1n controles en sectores cercanos a escuelas, hospitales y espacios con gran presencia peatonal. Seg\u00fan indicaron desde el Municipio, los operativos ser\u00e1n permanentes y se extender\u00e1n a distintos barrios de la ciudad.<\/p>\n<div class=\"inter_image image_horizontal\">\n<picture><source class=\"img-responsive\" type=\"image\/webp\" data-srcset=\"https:\/\/filesedc.com\/uploads\/image\/post\/2025\/07\/captura-de-pantalla-2025-07-16-203532_300_200.webp 300w, https:\/\/filesedc.com\/uploads\/image\/post\/2025\/07\/captura-de-pantalla-2025-07-16-203532_630_420.webp 630w, https:\/\/filesedc.com\/uploads\/image\/post\/2025\/07\/captura-de-pantalla-2025-07-16-203532_760_507.webp 760w, https:\/\/filesedc.com\/uploads\/image\/post\/2025\/07\/captura-de-pantalla-2025-07-16-203532_1200_800.webp 1200w, https:\/\/filesedc.com\/uploads\/image\/post\/2025\/07\/captura-de-pantalla-2025-07-16-203532_1600_1067.webp 1600w, \"><img decoding=\"async\" src=\"https:\/\/derechadiario.com.ar\/filesedc\/uploads\/image\/post\/2025\/07\/captura-de-pantalla-2025-07-16-203532_1200_800.webp\" class=\"img-responsive lazyload\" alt=\"Dispositivo de radar de velocidad apuntando hacia una calle con varios autos y un cono naranja al fondo\" title=\"Dispositivo de radar de velocidad apuntando hacia una calle con varios autos y un cono naranja al fondo\"><\/picture>\n<div>\n<span class=\"img_footer\">El exceso de velocidad fue se\u00f1alado como una de las principales causas de los accidentes registrados en C\u00f3rdoba <\/span>| <span class=\"img_author\">La Derecha Diario<\/span>\n<\/div>\n<\/div>\n<h2>Siniestros viales: cifras preocupantes en la ciudad<\/h2>\n<p><strong>El exceso de velocidad fue se\u00f1alado como una de las principales causas de los accidentes registrados en <a href=\"https:\/\/derechadiario.com.ar\/politica\/schiaretti-cordoba-otra-vez-candidato-su-tierra-donde-volvera-salir-segundo\" title=\"Schiaretti en C\u00f3rdoba: otra vez candidato en su tierra, donde volver\u00e1 a salir segundo\">C\u00f3rdoba<\/a>.<\/strong> \u201cLa mayor\u00eda de los conductores no respeta los par\u00e1metros al transitar\u201d, afirm\u00f3 el secretario de Gobierno, Rodrigo Fern\u00e1ndez. Adem\u00e1s, precis\u00f3 que \u201cseis personas mueren por mes en la ciudad por siniestros viales y el motivo fundamental es el exceso de velocidad\u201d.<\/p>\n<aside class=\"are-you-interested-container-photo\"><\/aside>\n<p><strong>De acuerdo con el Reporte de Mortalidad Vial m\u00e1s reciente, en 2023 hubo 73 v\u00edctimas fatales por accidentes de tr\u00e1nsito en la ciudad.<\/strong> La mitad ten\u00eda entre 10 y 29 a\u00f1os, el 60% eran motociclistas y el 20% peatones. Las estad\u00edsticas reflejan una alta incidencia de estos hechos en la poblaci\u00f3n joven y en usuarios vulnerables.<\/p>\n<p>Un estudio de 2024 elaborado por la Universidad Johns Hopkins y el Conicet revel\u00f3 que <strong>el 58% de los conductores supera los l\u00edmites permitidos<\/strong>. Esta informaci\u00f3n respald\u00f3 la decisi\u00f3n del Municipio de intensificar los controles. Las autoridades esperan que la medida permita reducir los siniestros en el corto y mediano plazo.<\/p>\n<figure><img decoding=\"async\" src=\"https:\/\/derechadiario.com.ar\/filesedc\/uploads\/image\/post\/2025\/07\/captura-de-pantalla-2025-07-16-203930_1200_800.webp\" class=\"img-responsive lazyload\" alt=\"Un hombre utiliza un radar de velocidad en una calle donde hay conos naranjas y una barrera azul mientras pasan autos.\" title=\"Un hombre utiliza un radar de velocidad en una calle donde hay conos naranjas y una barrera azul mientras pasan autos.\"><\/figure>\n<h2>Controles integrales y campa\u00f1as de concientizaci\u00f3n<\/h2>\n<p>Adem\u00e1s de la detecci\u00f3n de excesos de velocidad, \u00a0<strong>los inspectores verificar\u00e1n otros requisitos al momento de detener un veh\u00edculo<\/strong>. <strong>Se controlar\u00e1 la vigencia del carnet de conducir, el cumplimiento de la ITV y, si se considera necesario, se realizar\u00e1 un test de alcoholemia<\/strong>. Las autoridades buscan establecer un enfoque integral para mejorar la seguridad vial.<\/p>\n<p>En paralelo a los operativos, <strong>se desarrollar\u00e1n campa\u00f1as de sensibilizaci\u00f3n orientadas a promover h\u00e1bitos responsables.<\/strong> Estas acciones buscar\u00e1n generar conciencia sobre las consecuencias del exceso de velocidad y el incumplimiento de las normas. Desde la Secretar\u00eda de Movilidad Urbana destacaron que el abordaje preventivo ser\u00e1 sostenido en el tiempo.<\/p>\n<aside class=\"whatsappChannelText\"><a href=\"https:\/\/whatsapp.com\/channel\/0029VagEjILGE56eKjedWF2U\" rel=\"nofollow\" title=\"WhatsApp Link\"><img alt=\"Logo de WhatsApp\" class=\"lazyload\" data-src=\"https:\/\/derechadiario.com.ar\/filesedc\/uploads\/other\/whatsapp_icon_mid_article.png\" width=\"32\" height=\"32\"><\/a> <a href=\"https:\/\/whatsapp.com\/channel\/0029VagEjILGE56eKjedWF2U\" rel=\"nofollow\" title=\"WhatsApp Link\"><strong>NO SE PIERDAN NINGUNA NOTICIA<\/strong>: Click aqu\u00ed para sumarte <strong>GRATIS<\/strong> al canal de noticias de <strong>La Derecha Diario en WhatsApp.<\/strong><\/a><\/aside>\n<p><strong>Los dispositivos de control estar\u00e1n distribuidos estrat\u00e9gicamente para alcanzar distintas zonas de la ciudad.<\/strong> El <a href=\"https:\/\/derechadiario.com.ar\/sociedad\/cordoba-municipio-busca-aprobar-julio-nuevo-marco-para-transporte-urbano\" title=\"C\u00f3rdoba: el municipio busca aprobar en julio el nuevo marco para el transporte urbano\">Municipio<\/a> remarc\u00f3 que <strong>se dar\u00e1 prioridad a los lugares con mayor tr\u00e1nsito y concentraci\u00f3n de peatone<\/strong>s. El esquema de trabajo ser\u00e1 rotativo y se actualizar\u00e1 peri\u00f3dicamente en funci\u00f3n del comportamiento registrado.<\/p>\n<p><strong>Las velocidades establecidas para transitar por la ciudad de C\u00f3rdoba son:<\/strong><\/p>\n<p>\u2022\u00a020 km\/h en pasos a nivel<\/p>\n<p>\u2022\u00a0Velocidades menores a 30 km\/h en esquinas, y proximidades a establecimientos escolares, deportivos y de gran afluencia<\/p>\n<p>\u2022\u00a040km\/h en calles<\/p>\n<p>\u2022\u00a060km\/h en avenidas<\/p>\n<p>\u2022\u00a060km\/h en rutas que atraviesen zonas urbanas<\/p>\n","protected":false},"excerpt":{"rendered":"<p>La Municipalidad de C\u00f3rdoba implementar\u00e1 un nuevo operativo de control de velocidad en diferentes sectores de la ciudad. El objetivo central de la medida es reducir la cantidad de siniestros viales y promover una conducci\u00f3n m\u00e1s segura. Las acciones estar\u00e1n a cargo de la Secretar\u00eda de Movilidad Urbana y comenzar\u00e1n con una etapa informativa. Durante [&hellip;]<\/p>\n","protected":false},"author":2,"featured_media":11261,"comment_status":"open","ping_status":"open","sticky":false,"template":"","format":"standard","meta":{"_et_pb_use_builder":"","_et_pb_old_content":"","_et_gb_content_width":"","footnotes":""},"categories":[84],"tags":[],"class_list":["post-11260","post","type-post","status-publish","format-standard","has-post-thumbnail","hentry","category-ultimomomento"],"_links":{"self":[{"href":"https:\/\/verdadincomodadiario.ar\/index.php?rest_route=\/wp\/v2\/posts\/11260","targetHints":{"allow":["GET"]}}],"collection":[{"href":"https:\/\/verdadincomodadiario.ar\/index.php?rest_route=\/wp\/v2\/posts"}],"about":[{"href":"https:\/\/verdadincomodadiario.ar\/index.php?rest_route=\/wp\/v2\/types\/post"}],"author":[{"embeddable":true,"href":"https:\/\/verdadincomodadiario.ar\/index.php?rest_route=\/wp\/v2\/users\/2"}],"replies":[{"embeddable":true,"href":"https:\/\/verdadincomodadiario.ar\/index.php?rest_route=%2Fwp%2Fv2%2Fcomments&post=11260"}],"version-history":[{"count":0,"href":"https:\/\/verdadincomodadiario.ar\/index.php?rest_route=\/wp\/v2\/posts\/11260\/revisions"}],"wp:featuredmedia":[{"embeddable":true,"href":"https:\/\/verdadincomodadiario.ar\/index.php?rest_route=\/wp\/v2\/media\/11261"}],"wp:attachment":[{"href":"https:\/\/verdadincomodadiario.ar\/index.php?rest_route=%2Fwp%2Fv2%2Fmedia&parent=11260"}],"wp:term":[{"taxonomy":"category","embeddable":true,"href":"https:\/\/verdadincomodadiario.ar\/index.php?rest_route=%2Fwp%2Fv2%2Fcategories&post=11260"},{"taxonomy":"post_tag","embeddable":true,"href":"https:\/\/verdadincomodadiario.ar\/index.php?rest_route=%2Fwp%2Fv2%2Ftags&post=11260"}],"curies":[{"name":"wp","href":"https:\/\/api.w.org\/{rel}","templated":true}]}}