{"id":11242,"date":"2025-07-17T00:25:20","date_gmt":"2025-07-17T00:25:20","guid":{"rendered":"https:\/\/verdadincomodadiario.ar\/?p=11242"},"modified":"2025-07-17T00:25:20","modified_gmt":"2025-07-17T00:25:20","slug":"para-emprendedores-se-viene-una-nueva-edicion-del-emprende-day-en-cordoba","status":"publish","type":"post","link":"https:\/\/verdadincomodadiario.ar\/?p=11242","title":{"rendered":"Para emprendedores: se viene una nueva edici\u00f3n del Emprende Day en C\u00f3rdoba"},"content":{"rendered":"<p>El <strong>Centro de Convenciones C\u00f3rdoba<\/strong> ser\u00e1 escenario de una nueva edici\u00f3n del <a href=\"https:\/\/derechadiario.com.ar\/economia\/ecosistema-emprendedor-cordobes-apoya-rumbo-del-gobierno-milei\" title=\"El ecosistema emprendedor cordob\u00e9s apoya el rumbo del gobierno de Milei\"><strong>Emprende Day<\/strong><\/a>, donde confluir\u00e1n miles de <strong><a href=\"https:\/\/derechadiario.com.ar\/tags\/cordoba\" title=\"C\u00f3rdoba\">emprendedores, innovadores y l\u00edderes del sector<\/a><\/strong>.<\/p>\n<p>Se trata del <strong>evento m\u00e1s importante del a\u00f1o dedicado a potenciar ideas, conectar talentos y abrir nuevas oportunidades de negocio.<\/strong><\/p>\n<div class=\"inter_image image_horizontal\">\n<picture><source class=\"img-responsive\" type=\"image\/webp\" data-srcset=\"https:\/\/filesedc.com\/uploads\/image\/post\/2025\/07\/centro-de-convenciones_300_200.webp 300w, https:\/\/filesedc.com\/uploads\/image\/post\/2025\/07\/centro-de-convenciones_630_420.webp 630w, https:\/\/filesedc.com\/uploads\/image\/post\/2025\/07\/centro-de-convenciones_760_507.webp 760w, https:\/\/filesedc.com\/uploads\/image\/post\/2025\/07\/centro-de-convenciones_1200_800.webp 1200w, https:\/\/filesedc.com\/uploads\/image\/post\/2025\/07\/centro-de-convenciones_1600_1067.webp 1600w, \"><img decoding=\"async\" src=\"https:\/\/derechadiario.com.ar\/filesedc\/uploads\/image\/post\/2025\/07\/centro-de-convenciones_1200_800.webp\" class=\"img-responsive lazyload\" alt=\"Edificio moderno del Centro de Convenciones C\u00f3rdoba con estructura blanca y detalles verdes al atardecer, cielo parcialmente nublado y personas en la entrada\" title=\"Edificio moderno del Centro de Convenciones C\u00f3rdoba con estructura blanca y detalles verdes al atardecer, cielo parcialmente nublado y personas en la entrada\"><\/picture>\n<div>\n<span class=\"img_footer\">Emprende Day en C\u00f3rdoba. <\/span>| <span class=\"img_author\">La Derecha Diario<\/span>\n<\/div>\n<\/div>\n<p>La jornada se desarrollar\u00e1 el pr\u00f3ximo 24 de julio, desde las 14.30, y es organizada por <strong>C\u00f3rdoba Emprendedora<\/strong>, programa articulado por el <strong>Ministerio de Desarrollo Social y Promoci\u00f3n del Empleo<\/strong>, con el apoyo de la Fundaci\u00f3n Banco de C\u00f3rdoba.<\/p>\n<h2>En qu\u00e9 consiste el Emprende Day en C\u00f3rdoba<\/h2>\n<p>Con una agenda repleta de conferencias, talleres y networking, esta edici\u00f3n promete ser un punto de inflexi\u00f3n para quienes buscan transformar sus proyectos.<\/p>\n<aside class=\"whatsappChannelText\"><a href=\"https:\/\/whatsapp.com\/channel\/0029VagEjILGE56eKjedWF2U\" rel=\"nofollow\" title=\"WhatsApp Link\"><img alt=\"Logo de WhatsApp\" class=\"lazyload\" data-src=\"https:\/\/derechadiario.com.ar\/filesedc\/uploads\/other\/whatsapp_icon_mid_article.png\" width=\"32\" height=\"32\"><\/a> <a href=\"https:\/\/whatsapp.com\/channel\/0029VagEjILGE56eKjedWF2U\" rel=\"nofollow\" title=\"WhatsApp Link\"><strong>NO SE PIERDAN NINGUNA NOTICIA<\/strong>: Click aqu\u00ed para sumarte <strong>GRATIS<\/strong> al canal de noticias de <strong>La Derecha Diario en WhatsApp.<\/strong><\/a><\/aside>\n<aside class=\"are-you-interested-container-photo\"><\/aside>\n<figure><img decoding=\"async\" src=\"https:\/\/derechadiario.com.ar\/filesedc\/uploads\/image\/post\/2025\/07\/whatsapp-image-2025-07-15-at-141615_1200_800.webp\" class=\"img-responsive lazyload\" alt=\"Dos personas animan a una multitud en un evento bajo techo mientras papeles vuelan por el aire\" title=\"Dos personas animan a una multitud en un evento bajo techo mientras papeles vuelan por el aire\"><\/figure>\n<p>Entre los disertantes confirmados se encuentran \u00a0<strong>B\u00e1rbara Anderson, periodista, escritora<\/strong> y activista por los derechos de las personas con discapacidad; y \u00a0<strong>Sof\u00eda Contreras, mentora e impulsora del crecimiento de startups y cofundadora de Chicas en Tecnolog\u00eda.<\/strong><\/p>\n<p>Adem\u00e1s, habr\u00e1 un panel especializado con referentes en liderar negocios con triple impacto como lo son <strong>Lucas Recalde, director Gerente de 3C Construcciones<\/strong>, y Ver\u00f3nica Ravarotto, cofounder de Hilanda Sustentable.<\/p>\n<p>Y tambi\u00e9n espacios de vinculaci\u00f3n y stands informativos sobre cr\u00e9ditos, y distintas herramientas claves para profesionalizarse.<\/p>\n<p>En los pr\u00f3ximos d\u00edas, se conocer\u00e1 el resto de la grilla.<\/p>\n<h2>\u00bfC\u00f3mo participar del Emprende Day?<\/h2>\n<p>El encuentro es con entrada gratuita, pero los cupos son limitados.\u00a0Aquellos interesados deben completar el siguiente <a href=\"https:\/\/desarrolloyempleo.cba.gov.ar\/emprende-day\/\" title=\"emprende\"><strong>formulario<\/strong><\/a>.<\/p>\n<p><strong>C\u00f3rdoba Emprendedora impulsa la consolidaci\u00f3n del sector emprendedor<\/strong> como generador de empleo y riqueza social a trav\u00e9s de herramientas como mentoreo, capacitaciones, financiamiento, visibilizaci\u00f3n y propuestas de vinculaci\u00f3n.<\/p>\n","protected":false},"excerpt":{"rendered":"<p>El Centro de Convenciones C\u00f3rdoba ser\u00e1 escenario de una nueva edici\u00f3n del Emprende Day, donde confluir\u00e1n miles de emprendedores, innovadores y l\u00edderes del sector. Se trata del evento m\u00e1s importante del a\u00f1o dedicado a potenciar ideas, conectar talentos y abrir nuevas oportunidades de negocio. Emprende Day en C\u00f3rdoba. | La Derecha Diario La jornada se [&hellip;]<\/p>\n","protected":false},"author":2,"featured_media":11243,"comment_status":"open","ping_status":"open","sticky":false,"template":"","format":"standard","meta":{"_et_pb_use_builder":"","_et_pb_old_content":"","_et_gb_content_width":"","footnotes":""},"categories":[84],"tags":[],"class_list":["post-11242","post","type-post","status-publish","format-standard","has-post-thumbnail","hentry","category-ultimomomento"],"_links":{"self":[{"href":"https:\/\/verdadincomodadiario.ar\/index.php?rest_route=\/wp\/v2\/posts\/11242","targetHints":{"allow":["GET"]}}],"collection":[{"href":"https:\/\/verdadincomodadiario.ar\/index.php?rest_route=\/wp\/v2\/posts"}],"about":[{"href":"https:\/\/verdadincomodadiario.ar\/index.php?rest_route=\/wp\/v2\/types\/post"}],"author":[{"embeddable":true,"href":"https:\/\/verdadincomodadiario.ar\/index.php?rest_route=\/wp\/v2\/users\/2"}],"replies":[{"embeddable":true,"href":"https:\/\/verdadincomodadiario.ar\/index.php?rest_route=%2Fwp%2Fv2%2Fcomments&post=11242"}],"version-history":[{"count":0,"href":"https:\/\/verdadincomodadiario.ar\/index.php?rest_route=\/wp\/v2\/posts\/11242\/revisions"}],"wp:featuredmedia":[{"embeddable":true,"href":"https:\/\/verdadincomodadiario.ar\/index.php?rest_route=\/wp\/v2\/media\/11243"}],"wp:attachment":[{"href":"https:\/\/verdadincomodadiario.ar\/index.php?rest_route=%2Fwp%2Fv2%2Fmedia&parent=11242"}],"wp:term":[{"taxonomy":"category","embeddable":true,"href":"https:\/\/verdadincomodadiario.ar\/index.php?rest_route=%2Fwp%2Fv2%2Fcategories&post=11242"},{"taxonomy":"post_tag","embeddable":true,"href":"https:\/\/verdadincomodadiario.ar\/index.php?rest_route=%2Fwp%2Fv2%2Ftags&post=11242"}],"curies":[{"name":"wp","href":"https:\/\/api.w.org\/{rel}","templated":true}]}}