{"id":11240,"date":"2025-07-17T00:25:21","date_gmt":"2025-07-17T00:25:21","guid":{"rendered":"https:\/\/verdadincomodadiario.ar\/?p=11240"},"modified":"2025-07-17T00:25:21","modified_gmt":"2025-07-17T00:25:21","slug":"mercado-libre-mudara-sus-oficinas-al-gran-cordoba-tras-huir-de-las-tasas-de-passerini","status":"publish","type":"post","link":"https:\/\/verdadincomodadiario.ar\/?p=11240","title":{"rendered":"Mercado Libre mudar\u00e1 sus oficinas al Gran C\u00f3rdoba tras huir de las tasas de Passerini"},"content":{"rendered":"<p><strong>Mercado Libre definir\u00e1 en los pr\u00f3ximos d\u00edas la ubicaci\u00f3n de sus nuevas oficinas en el Gran C\u00f3rdoba.<\/strong> La decisi\u00f3n llega <a href=\"https:\/\/derechadiario.com.ar\/economia\/otra-del-peor-intendente-del-pais-mercado-libre-se-cordoba-por-passerini\" title=\"Otra del peor intendente del pa\u00eds: Mercado Libre se va de C\u00f3rdoba\u00a0por\u00a0Passerini\">tras abandonar los tres pisos que ocupaba en la Torre Capitalinas<\/a>. M\u00e1s de 1.200 empleados en C\u00f3rdoba esperan por el nuevo destino.<\/p>\n<p><strong>La empresa de Marcos Galperin, orgullo argentino en toda la regi\u00f3n, fue empujada a irse por una tasa municipal desorbitante.<\/strong> Solo en concepto de Higiene y Seguridad pagaba $770 millones mensuales. Ese monto era 24 veces mayor al valor de su propio alquiler.<\/p>\n<p>La situaci\u00f3n fue vista como un claro mensaje pol\u00edtico tras las cr\u00edticas de Galperin al modelo kirchnerista. <strong>La Municipalidad de C\u00f3rdoba opt\u00f3 por castigar al \u00e9xito en lugar de promoverlo.<\/strong> Hoy, la ciudad pierde inversiones privadas reales por una pol\u00edtica fiscal arcaica.<\/p>\n<div class=\"inter_image image_horizontal\">\n<picture><source class=\"img-responsive\" type=\"image\/webp\" data-srcset=\"https:\/\/filesedc.com\/uploads\/image\/post\/2025\/07\/460_300_200.webp 300w, https:\/\/filesedc.com\/uploads\/image\/post\/2025\/07\/460_630_420.webp 630w, https:\/\/filesedc.com\/uploads\/image\/post\/2025\/07\/460_760_507.webp 760w, https:\/\/filesedc.com\/uploads\/image\/post\/2025\/07\/460_1200_800.webp 1200w, https:\/\/filesedc.com\/uploads\/image\/post\/2025\/07\/460_1600_1067.webp 1600w, \"><img decoding=\"async\" src=\"https:\/\/derechadiario.com.ar\/filesedc\/uploads\/image\/post\/2025\/07\/460_1200_800.webp\" class=\"img-responsive lazyload\" alt=\"Comunicado de Mercado Libre anunciando que, debido al alto costo de las tasas municipales en C\u00f3rdoba, la empresa implementar\u00e1 el trabajo 100% remoto para sus empleados en esa ciudad, manteniendo todos los puestos de trabajo y argumentando que el monto de las tasas es desproporcionado respecto a la actividad y servicios recibidos.\" title=\"Comunicado de Mercado Libre anunciando que, debido al alto costo de las tasas municipales en C\u00f3rdoba, la empresa implementar\u00e1 el trabajo 100% remoto para sus empleados en esa ciudad, manteniendo todos los puestos de trabajo y argumentando que el monto de las tasas es desproporcionado respecto a la actividad y servicios recibidos.\"><\/picture>\n<div>\n<span class=\"img_footer\">Mercado Libre emiti\u00f3 un comunicado informando que cerraba sus oficinas  en C\u00f3rdoba Capital debido a las infernales tasas municipales. <\/span>| <span class=\"img_author\">La Derecha Diario<\/span>\n<\/div>\n<\/div>\n<h2>El interior cordob\u00e9s se mueve y compite por la inversi\u00f3n<\/h2>\n<p><a href=\"https:\/\/derechadiario.com.ar\/economia\/mercado-libre-invertira-us65-millones-tres-febrero-tras-dejar-cordoba\" title=\"Mercado Libre invertir\u00e1 US$65 millones en Tres de Febrero tras dejar C\u00f3rdoba\"><strong>La empresa recibi\u00f3 cerca de veinte ofertas de intendentes del interior que buscan ser sede de sus nuevas oficinas.<\/strong><\/a> Incluso, una jefa comunal del norte provincial se contact\u00f3 durante el feriado del 9 de julio. &#8220;Algunos trabajan hasta los feriados por empleo privado&#8221;, se\u00f1alaron desde Mercado Libre.<\/p>\n<aside class=\"are-you-interested-container-photo\"><\/aside>\n<p><strong>El dato contrasta con la pasividad de la Municipalidad capitalina<\/strong>, m\u00e1s interesada en recaudar que en generar condiciones para el desarrollo. Mientras algunos municipios promueven empleo genuino, otros espantan oportunidades productivas. C\u00f3rdoba Capital queda fuera del radar.<\/p>\n<p><strong>Desde Mercado Libre aseguran que en los pr\u00f3ximos 14 d\u00edas tomar\u00e1n una decisi\u00f3n definitiva.<\/strong> El Gran C\u00f3rdoba aparece como la zona m\u00e1s competitiva por infraestructura y acceso. <strong>La Capital, directamente, qued\u00f3 descartada por inviable.<\/strong><\/p>\n<aside class=\"whatsappChannelText\"><a href=\"https:\/\/whatsapp.com\/channel\/0029VagEjILGE56eKjedWF2U\" rel=\"nofollow\" title=\"WhatsApp Link\"><img alt=\"Logo de WhatsApp\" class=\"lazyload\" data-src=\"https:\/\/derechadiario.com.ar\/filesedc\/uploads\/other\/whatsapp_icon_mid_article.png\" width=\"32\" height=\"32\"><\/a> <a href=\"https:\/\/whatsapp.com\/channel\/0029VagEjILGE56eKjedWF2U\" rel=\"nofollow\" title=\"WhatsApp Link\"><strong>NO SE PIERDAN NINGUNA NOTICIA<\/strong>: Click aqu\u00ed para sumarte <strong>GRATIS<\/strong> al canal de noticias de <strong>La Derecha Diario en WhatsApp.<\/strong><\/a><\/aside>\n<figure><img decoding=\"async\" src=\"https:\/\/derechadiario.com.ar\/filesedc\/uploads\/image\/post\/2025\/07\/461_1200_800.webp\" class=\"img-responsive lazyload\" alt=\"Vista a\u00e9rea de una ciudad con una avenida principal y una glorieta rodeada de edificios y casas\" title=\"Vista a\u00e9rea de una ciudad con una avenida principal y una glorieta rodeada de edificios y casas\"><\/figure>\n<h2>Fracaso pol\u00edtico local ante una oportunidad de oro<\/h2>\n<p><a href=\"https:\/\/derechadiario.com.ar\/economia\/mercado-libre-cierra-sus-oficinas-cordoba-por-las-elevadas-tasas-municipales\" title=\"Mercado Libre cierra sus oficinas en C\u00f3rdoba por las elevadas tasas municipales\"><strong>La salida de Mercado Libre es una muestra m\u00e1s del fracaso del modelo sovi\u00e9tico cordob\u00e9s.<\/strong><\/a> Se prefiere mantener tasas confiscatorias antes que crear un ecosistema favorable a la inversi\u00f3n. La ciudad pierde el potencial de una de las empresas m\u00e1s innovadoras del continente.<\/p>\n<p>En lugar de ofrecer incentivos, <strong>el municipio multiplic\u00f3 sus exigencias impositivas a niveles ins\u00f3litos.<\/strong> Lo que podr\u00eda haber sido una historia de \u00e9xito cordob\u00e9s, se convirti\u00f3 en otro caso de ahuyento al capital privado. La pol\u00edtica econ\u00f3mica local qued\u00f3 al desnudo.<\/p>\n<p>Hoy, mientras Galperin piensa en expandirse en zonas m\u00e1s din\u00e1micas, <strong>C\u00f3rdoba queda como ejemplo de lo que no se debe hacer.<\/strong> La competitividad no se construye con slogans, sino con reglas claras. <strong>Y la Municipalidad acaba de expulsar a una gigante por falta de visi\u00f3n.<\/strong><\/p>\n","protected":false},"excerpt":{"rendered":"<p>Mercado Libre definir\u00e1 en los pr\u00f3ximos d\u00edas la ubicaci\u00f3n de sus nuevas oficinas en el Gran C\u00f3rdoba. La decisi\u00f3n llega tras abandonar los tres pisos que ocupaba en la Torre Capitalinas. M\u00e1s de 1.200 empleados en C\u00f3rdoba esperan por el nuevo destino. La empresa de Marcos Galperin, orgullo argentino en toda la regi\u00f3n, fue empujada [&hellip;]<\/p>\n","protected":false},"author":2,"featured_media":11241,"comment_status":"open","ping_status":"open","sticky":false,"template":"","format":"standard","meta":{"_et_pb_use_builder":"","_et_pb_old_content":"","_et_gb_content_width":"","footnotes":""},"categories":[84],"tags":[],"class_list":["post-11240","post","type-post","status-publish","format-standard","has-post-thumbnail","hentry","category-ultimomomento"],"_links":{"self":[{"href":"https:\/\/verdadincomodadiario.ar\/index.php?rest_route=\/wp\/v2\/posts\/11240","targetHints":{"allow":["GET"]}}],"collection":[{"href":"https:\/\/verdadincomodadiario.ar\/index.php?rest_route=\/wp\/v2\/posts"}],"about":[{"href":"https:\/\/verdadincomodadiario.ar\/index.php?rest_route=\/wp\/v2\/types\/post"}],"author":[{"embeddable":true,"href":"https:\/\/verdadincomodadiario.ar\/index.php?rest_route=\/wp\/v2\/users\/2"}],"replies":[{"embeddable":true,"href":"https:\/\/verdadincomodadiario.ar\/index.php?rest_route=%2Fwp%2Fv2%2Fcomments&post=11240"}],"version-history":[{"count":0,"href":"https:\/\/verdadincomodadiario.ar\/index.php?rest_route=\/wp\/v2\/posts\/11240\/revisions"}],"wp:featuredmedia":[{"embeddable":true,"href":"https:\/\/verdadincomodadiario.ar\/index.php?rest_route=\/wp\/v2\/media\/11241"}],"wp:attachment":[{"href":"https:\/\/verdadincomodadiario.ar\/index.php?rest_route=%2Fwp%2Fv2%2Fmedia&parent=11240"}],"wp:term":[{"taxonomy":"category","embeddable":true,"href":"https:\/\/verdadincomodadiario.ar\/index.php?rest_route=%2Fwp%2Fv2%2Fcategories&post=11240"},{"taxonomy":"post_tag","embeddable":true,"href":"https:\/\/verdadincomodadiario.ar\/index.php?rest_route=%2Fwp%2Fv2%2Ftags&post=11240"}],"curies":[{"name":"wp","href":"https:\/\/api.w.org\/{rel}","templated":true}]}}