{"id":11220,"date":"2025-07-16T21:24:36","date_gmt":"2025-07-16T21:24:36","guid":{"rendered":"https:\/\/verdadincomodadiario.ar\/?p=11220"},"modified":"2025-07-16T21:24:36","modified_gmt":"2025-07-16T21:24:36","slug":"creemos-acuso-al-entorno-de-tuto-quiroga-de-tratar-de-impedir-la-liberacion-de-camacho","status":"publish","type":"post","link":"https:\/\/verdadincomodadiario.ar\/?p=11220","title":{"rendered":"Creemos acus\u00f3 al entorno de Tuto Quiroga de tratar de impedir la liberaci\u00f3n de Camacho"},"content":{"rendered":"<p>Creemos denunci\u00f3 que la c\u00fapula de Libre de Jorge Tuto Quiroga estar\u00eda coordinando con el MAS para frenar la liberaci\u00f3n de Luis Fernando Camacho. El senador Erwin Baz\u00e1n <strong>acus\u00f3 a Branko Marinkovic de ejercer presi\u00f3n sobre autoridades judiciales<\/strong>.<\/p>\n<p>Seg\u00fan Baz\u00e1n, el excandidato presidencial teme que Camacho salga libre y reconfigure el mapa pol\u00edtico. <strong>\u201cEstamos frente a un intento coordinado para mantenerlo preso\u201d<\/strong>, se\u00f1al\u00f3. Adem\u00e1s, el senador calific\u00f3 de inadmisible que supuestos opositores recurran a t\u00e1cticas de manipulaci\u00f3n judicial.<\/p>\n<p>Las declaraciones surgen tras advertencias desde la c\u00e1rcel de Chonchocoro sobre operativos para impedir la salida de Camacho. Creemos denunci\u00f3 semanas atr\u00e1s una supuesta alianza entre el MAS y actores \u201cde derecha\u201d para bloquear al l\u00edder cruce\u00f1o.<\/p>\n<p>Zvonko Matkovic cuestion\u00f3 directamente a la casa de campa\u00f1a de Quiroga. <strong>\u201cHan pedido p\u00fablicamente que no liberen a Camacho porque eso influir\u00eda en las elecciones\u201d<\/strong>, afirm\u00f3. Consider\u00f3 esas declaraciones como un acto de bajeza pol\u00edtica sin precedentes.<\/p>\n<h2>Neg\u00f3 las acusaciones<\/h2>\n<div class=\"inter_image image_horizontal\">\n<picture><source class=\"img-responsive\" type=\"image\/webp\" data-srcset=\"https:\/\/filesedc.com\/uploads\/image\/post\/2025\/07\/branko-1200510358_300_200.webp 300w, https:\/\/filesedc.com\/uploads\/image\/post\/2025\/07\/branko-1200510358_630_420.webp 630w, https:\/\/filesedc.com\/uploads\/image\/post\/2025\/07\/branko-1200510358_760_507.webp 760w, https:\/\/filesedc.com\/uploads\/image\/post\/2025\/07\/branko-1200510358_1200_800.webp 1200w, https:\/\/filesedc.com\/uploads\/image\/post\/2025\/07\/branko-1200510358_1600_1067.webp 1600w, \"><img decoding=\"async\" src=\"https:\/\/derechadiario.com.ar\/filesedc\/uploads\/image\/post\/2025\/07\/branko-1200510358_1200_800.webp\" class=\"img-responsive lazyload\" alt=\"Hombre de cabello canoso con camisa de rayas hablando y gesticulando con la mano en una oficina\" title=\"Hombre de cabello canoso con camisa de rayas hablando y gesticulando con la mano en una oficina\"><\/picture>\n<div>\n<span class=\"img_footer\">Branko indic\u00f3 que sus palabras fueron tergiversadas <\/span>| <span class=\"img_author\">La Derecha Diario<\/span>\n<\/div>\n<\/div>\n<p>Branko Marinkovic, jefe de campa\u00f1a de la Alianza Libre, reaccion\u00f3 convocando una conferencia de prensa. Asegur\u00f3 que sus palabras fueron tergiversadas y reafirm\u00f3 su respaldo a la liberaci\u00f3n de los presos pol\u00edticos. \u201cCamacho, \u00c1\u00f1ez, Pumari no deber\u00edan estar ni un d\u00eda m\u00e1s detenidos\u201d, dijo.<\/p>\n<p>Sin embargo, sus anteriores declaraciones generaron confusi\u00f3n. Marinkovic hab\u00eda advertido sobre posibles sentencias \u201craras\u201d que cambiar\u00edan el panorama electoral.<\/p>\n<p>En una entrevista, Marinkovic cuestion\u00f3 a los nuevos magistrados judiciales. Dijo que podr\u00edan \u201cmeter preso a uno y soltar a otro\u201d con fines electorales. Estas palabras fueron interpretadas como un rechazo a una eventual liberaci\u00f3n de Camacho.<\/p>\n<p>Erwin Baz\u00e1n consider\u00f3 esas declaraciones como amenazas directas. Se\u00f1al\u00f3 que reflejan un intento de condicionar decisiones judiciales desde el entorno de Quiroga.<\/p>\n<h2>Tuto utilizar\u00eda los m\u00e9todos masistas<\/h2>\n<figure><img decoding=\"async\" src=\"https:\/\/derechadiario.com.ar\/filesedc\/uploads\/image\/post\/2025\/07\/gary-prado-1_1200_800.webp\" class=\"img-responsive lazyload\" alt=\"Hombre de mediana edad con barba y bigote, usando chaqueta oscura y camisa clara, en un ambiente interior iluminado\" title=\"Hombre de mediana edad con barba y bigote, usando chaqueta oscura y camisa clara, en un ambiente interior iluminado\"><\/figure>\n<p>Gary Prado, vocero de la Alianza Unidad, tambi\u00e9n critic\u00f3 a Marinkovic. Afirm\u00f3 que fue un error pol\u00edtico tocar el tema Camacho en plena campa\u00f1a. <strong>\u201cEse es un tema muy sensible en Santa Cruz\u201d<\/strong>, indic\u00f3.<\/p>\n<p>Adem\u00e1s, sostuvo que la declaraci\u00f3n impacta negativamente en el electorado opositor. Para Prado, ning\u00fan otro preso pol\u00edtico tiene la relevancia nacional de Camacho.<\/p>\n<p>Zvonko Matkovic lament\u00f3 que actores que se presentan como <strong>\u201calternativa democr\u00e1tica\u201d<\/strong> recurran a pr\u00e1cticas del masismo. Acus\u00f3 a sectores afines a Tuto Quiroga de repetir los m\u00e9todos autoritarios del pasado. <strong>\u201cNo se puede hablar de democracia si se presiona a jueces\u201d<\/strong>, dijo.<\/p>\n<p>Llam\u00f3 a respetar la independencia del \u00d3rgano Judicial. Exigi\u00f3 que Camacho pueda ejercer su derecho a defenderse en libertad.<\/p>\n<p>Por su parte, Marinkovic denunci\u00f3 que tambi\u00e9n recibi\u00f3 amenazas. Afirm\u00f3 que existe una campa\u00f1a para desviar la atenci\u00f3n p\u00fablica. \u201cBuscan liberar a Evo mientras se distrae con otros temas menores\u201d, expres\u00f3.<\/p>\n<p>En su criterio, el sistema judicial sigue capturado por intereses pol\u00edticos. Critic\u00f3 a los magistrados y pidi\u00f3 una reforma total del aparato judicial.<\/p>\n<p>El candidato de Libre neg\u00f3 estar en contra de la liberaci\u00f3n de Camacho. Dijo que sus declaraciones fueron malinterpretadas y sacadas de contexto. <strong>\u201cLamento que se quiera mentir a la poblaci\u00f3n\u201d<\/strong>, se\u00f1al\u00f3.<\/p>\n<p>Asimismo, insisti\u00f3 en que su propuesta es acabar con la manipulaci\u00f3n judicial. Asegur\u00f3 que su campa\u00f1a seguir\u00e1 enfocada en propuestas y no en conflictos internos.<\/p>\n<h2>La liberaci\u00f3n de Camacho le restar\u00eda votos a Tuto<\/h2>\n<figure><img decoding=\"async\" src=\"https:\/\/derechadiario.com.ar\/filesedc\/uploads\/image\/post\/2025\/07\/4-5-p-4-jorge-quiroga_1200_800.webp\" class=\"img-responsive lazyload\" alt=\"Hombre de traje hablando en un micr\u00f3fono con una mascarilla colgando de una oreja y gesticulando con la mano\" title=\"Hombre de traje hablando en un micr\u00f3fono con una mascarilla colgando de una oreja y gesticulando con la mano\"><\/figure>\n<p>Sin embargo, desde Creemos mantienen la acusaci\u00f3n contra el entorno de Quiroga. Afirman que la presi\u00f3n contra jueces no es solo un desliz verbal. Zvonko Matkovic reiter\u00f3 que <strong>hay intereses de \u201cambas bandas\u201d que no quieren ver libre a Camacho<\/strong>.<\/p>\n<p>Acus\u00f3 a esos sectores de temer una candidatura fuerte del gobernador cruce\u00f1o. \u00a0<strong>\u201cA algunos les conviene m\u00e1s tenerlo preso que enfrentarlo en las urnas\u201d<\/strong>, sentenci\u00f3.<\/p>\n<p>La tensi\u00f3n entre opositores refleja una fractura interna rumbo a las elecciones. Mientras algunos exigen unidad, otros profundizan ataques cruzados.<\/p>\n<p>\u00a0El caso Camacho se ha vuelto el eje de ese conflicto. La ciudadan\u00eda observa con desconfianza estos enfrentamientos. Varios analistas advierten que este tipo de disputas favorecen al MAS.<\/p>\n<p>Finalmente, Creemos <strong>llam\u00f3 a los magistrados a actuar con transparencia y sin temor<\/strong>. Pidieron resolver de una vez las solicitudes de defensa en libertad. \u201cNo se puede mantener detenido a Camacho por c\u00e1lculos pol\u00edticos\u201d, dijo Baz\u00e1n.<\/p>\n<p>El senador anunci\u00f3 que seguir\u00e1n denunciando cualquier intento de interferencia. Concluy\u00f3 que <strong>la lucha por la justicia no debe ser secuestrada por intereses personales<\/strong>.<\/p>\n<p>Luis Fernando Camacho permanece detenido en el penal de m\u00e1xima seguridad de Chonchocoro. Su defensa ha solicitado en m\u00faltiples ocasiones que se respete su derecho al debido proceso. El tema se volvi\u00f3 central en el debate p\u00fablico y electoral.<\/p>\n<p>Desde Santa Cruz, distintos sectores demandan su liberaci\u00f3n inmediata. La presi\u00f3n crece tanto en el plano pol\u00edtico como en las calles.<\/p>\n","protected":false},"excerpt":{"rendered":"<p>Creemos denunci\u00f3 que la c\u00fapula de Libre de Jorge Tuto Quiroga estar\u00eda coordinando con el MAS para frenar la liberaci\u00f3n de Luis Fernando Camacho. El senador Erwin Baz\u00e1n acus\u00f3 a Branko Marinkovic de ejercer presi\u00f3n sobre autoridades judiciales. Seg\u00fan Baz\u00e1n, el excandidato presidencial teme que Camacho salga libre y reconfigure el mapa pol\u00edtico. \u201cEstamos frente [&hellip;]<\/p>\n","protected":false},"author":2,"featured_media":11221,"comment_status":"open","ping_status":"open","sticky":false,"template":"","format":"standard","meta":{"_et_pb_use_builder":"","_et_pb_old_content":"","_et_gb_content_width":"","footnotes":""},"categories":[84],"tags":[],"class_list":["post-11220","post","type-post","status-publish","format-standard","has-post-thumbnail","hentry","category-ultimomomento"],"_links":{"self":[{"href":"https:\/\/verdadincomodadiario.ar\/index.php?rest_route=\/wp\/v2\/posts\/11220","targetHints":{"allow":["GET"]}}],"collection":[{"href":"https:\/\/verdadincomodadiario.ar\/index.php?rest_route=\/wp\/v2\/posts"}],"about":[{"href":"https:\/\/verdadincomodadiario.ar\/index.php?rest_route=\/wp\/v2\/types\/post"}],"author":[{"embeddable":true,"href":"https:\/\/verdadincomodadiario.ar\/index.php?rest_route=\/wp\/v2\/users\/2"}],"replies":[{"embeddable":true,"href":"https:\/\/verdadincomodadiario.ar\/index.php?rest_route=%2Fwp%2Fv2%2Fcomments&post=11220"}],"version-history":[{"count":0,"href":"https:\/\/verdadincomodadiario.ar\/index.php?rest_route=\/wp\/v2\/posts\/11220\/revisions"}],"wp:featuredmedia":[{"embeddable":true,"href":"https:\/\/verdadincomodadiario.ar\/index.php?rest_route=\/wp\/v2\/media\/11221"}],"wp:attachment":[{"href":"https:\/\/verdadincomodadiario.ar\/index.php?rest_route=%2Fwp%2Fv2%2Fmedia&parent=11220"}],"wp:term":[{"taxonomy":"category","embeddable":true,"href":"https:\/\/verdadincomodadiario.ar\/index.php?rest_route=%2Fwp%2Fv2%2Fcategories&post=11220"},{"taxonomy":"post_tag","embeddable":true,"href":"https:\/\/verdadincomodadiario.ar\/index.php?rest_route=%2Fwp%2Fv2%2Ftags&post=11220"}],"curies":[{"name":"wp","href":"https:\/\/api.w.org\/{rel}","templated":true}]}}