{"id":11216,"date":"2025-07-16T21:24:38","date_gmt":"2025-07-16T21:24:38","guid":{"rendered":"https:\/\/verdadincomodadiario.ar\/?p=11216"},"modified":"2025-07-16T21:24:38","modified_gmt":"2025-07-16T21:24:38","slug":"italia-incluyo-a-ecuador-en-programa-laboral-con-500-000-visas-entre-2026-y-2028","status":"publish","type":"post","link":"https:\/\/verdadincomodadiario.ar\/?p=11216","title":{"rendered":"Italia incluy\u00f3 a Ecuador en programa laboral con 500\u202f000 visas entre 2026 y 2028"},"content":{"rendered":"<\/p>\n<p><title><\/title><\/p>\n<p>Italia aprob\u00f3 un decreto que abrir\u00e1 hasta 500 000 visas de trabajo a ciudadanos no comunitarios entre 2026 y 2028. Ecuador fue el \u00fanico pa\u00eds sudamericano incluido en este ambicioso programa.<\/p>\n<p>El convenio fue firmado en Roma el 1 de julio por la canciller Gabriela Sommerfeld y el ministro italiano Antonio Tajani. El acuerdo fortalece la cooperaci\u00f3n bilateral y posiciona a Ecuador como socio estrat\u00e9gico.<\/p>\n<p>El plan contempla 164\u202f850 visas en 2026, 230\u202f550 para empleo no estacional y 267\u202f000 para trabajo temporal en sectores clave. Estas cuotas buscan cubrir la escasez de mano de obra en agricultura, turismo y construcci\u00f3n.<\/p>\n<p>Adem\u00e1s, el programa permite el ingreso de estudiantes y pasantes, ampliando las oportunidades educativas. Asimismo, estableci\u00f3 mecanismos para combatir la migraci\u00f3n irregular y la trata de personas.<\/p>\n<div class=\"inter_image image_horizontal\">\n<picture><source class=\"img-responsive\" type=\"image\/webp\" data-srcset=\"https:\/\/filesedc.com\/uploads\/image\/post\/2025\/07\/italia-2_300_200.webp 300w, https:\/\/filesedc.com\/uploads\/image\/post\/2025\/07\/italia-2_630_420.webp 630w, https:\/\/filesedc.com\/uploads\/image\/post\/2025\/07\/italia-2_760_507.webp 760w, https:\/\/filesedc.com\/uploads\/image\/post\/2025\/07\/italia-2_1200_800.webp 1200w, https:\/\/filesedc.com\/uploads\/image\/post\/2025\/07\/italia-2_1600_1067.webp 1600w, \"><img decoding=\"async\" src=\"https:\/\/derechadiario.com.ar\/filesedc\/uploads\/image\/post\/2025\/07\/italia-2_1200_800.webp\" class=\"img-responsive lazyload\" alt=\"Tres pasaportes ecuatorianos de la Comunidad Andina sobre el teclado de una computadora port\u00e1til\" title=\"Tres pasaportes ecuatorianos de la Comunidad Andina sobre el teclado de una computadora port\u00e1til\"><\/picture>\n<div>\n<span class=\"img_footer\">Italia &#8211; ecuador visas trabajo <\/span>| <span class=\"img_author\">La Derecha Diario<\/span>\n<\/div>\n<\/div>\n<p>El Decreto Flujos fue posible gracias a la inclusi\u00f3n de Ecuador como prioridad, tras la firma del memorando de entendimiento. Esto refleja el reconocimiento del Gobierno italiano al desempe\u00f1o de la comunidad ecuatoriana en su pa\u00eds.<\/p>\n<p>El Convenio contempla cooperaci\u00f3n t\u00e9cnica en \u00e1reas como derecho penitenciario y asistencia jur\u00eddica. Tambi\u00e9n incluye la organizaci\u00f3n de un foro empresarial para fomentar inversiones compartidas.<\/p>\n<p>La inclusi\u00f3n de Ecuador en este esquema migratorio marca un hito sin precedentes para un pa\u00eds latinoamericano. Representa una oportunidad s\u00f3lida y legal para miles de ecuatorianos.<\/p>\n<p>Con este acuerdo, el presidente <b>Noboa reforz\u00f3 la gesti\u00f3n de movilidad laboral internacional<\/b>. La medida abre v\u00edas legales y seguras para que ecuatorianos accedan a oportunidades en Italia bajo un marco institucional s\u00f3lido.<\/p>\n","protected":false},"excerpt":{"rendered":"<p>Italia aprob\u00f3 un decreto que abrir\u00e1 hasta 500 000 visas de trabajo a ciudadanos no comunitarios entre 2026 y 2028. Ecuador fue el \u00fanico pa\u00eds sudamericano incluido en este ambicioso programa. El convenio fue firmado en Roma el 1 de julio por la canciller Gabriela Sommerfeld y el ministro italiano Antonio Tajani. El acuerdo fortalece [&hellip;]<\/p>\n","protected":false},"author":2,"featured_media":11217,"comment_status":"open","ping_status":"open","sticky":false,"template":"","format":"standard","meta":{"_et_pb_use_builder":"","_et_pb_old_content":"","_et_gb_content_width":"","footnotes":""},"categories":[84],"tags":[],"class_list":["post-11216","post","type-post","status-publish","format-standard","has-post-thumbnail","hentry","category-ultimomomento"],"_links":{"self":[{"href":"https:\/\/verdadincomodadiario.ar\/index.php?rest_route=\/wp\/v2\/posts\/11216","targetHints":{"allow":["GET"]}}],"collection":[{"href":"https:\/\/verdadincomodadiario.ar\/index.php?rest_route=\/wp\/v2\/posts"}],"about":[{"href":"https:\/\/verdadincomodadiario.ar\/index.php?rest_route=\/wp\/v2\/types\/post"}],"author":[{"embeddable":true,"href":"https:\/\/verdadincomodadiario.ar\/index.php?rest_route=\/wp\/v2\/users\/2"}],"replies":[{"embeddable":true,"href":"https:\/\/verdadincomodadiario.ar\/index.php?rest_route=%2Fwp%2Fv2%2Fcomments&post=11216"}],"version-history":[{"count":0,"href":"https:\/\/verdadincomodadiario.ar\/index.php?rest_route=\/wp\/v2\/posts\/11216\/revisions"}],"wp:featuredmedia":[{"embeddable":true,"href":"https:\/\/verdadincomodadiario.ar\/index.php?rest_route=\/wp\/v2\/media\/11217"}],"wp:attachment":[{"href":"https:\/\/verdadincomodadiario.ar\/index.php?rest_route=%2Fwp%2Fv2%2Fmedia&parent=11216"}],"wp:term":[{"taxonomy":"category","embeddable":true,"href":"https:\/\/verdadincomodadiario.ar\/index.php?rest_route=%2Fwp%2Fv2%2Fcategories&post=11216"},{"taxonomy":"post_tag","embeddable":true,"href":"https:\/\/verdadincomodadiario.ar\/index.php?rest_route=%2Fwp%2Fv2%2Ftags&post=11216"}],"curies":[{"name":"wp","href":"https:\/\/api.w.org\/{rel}","templated":true}]}}