{"id":11198,"date":"2025-07-16T19:29:09","date_gmt":"2025-07-16T19:29:09","guid":{"rendered":"https:\/\/verdadincomodadiario.ar\/?p=11198"},"modified":"2025-07-16T19:29:09","modified_gmt":"2025-07-16T19:29:09","slug":"el-sector-empresarial-dominicano-rechaza-reforma-laboral","status":"publish","type":"post","link":"https:\/\/verdadincomodadiario.ar\/?p=11198","title":{"rendered":"El sector empresarial dominicano rechaza reforma laboral"},"content":{"rendered":"<p>El <strong>rechazo del sector empresarial dominicano<\/strong> a la <a href=\"https:\/\/derechadiario.com.ar\/republica-dominicana\/politica\/aprueban-primera-lectura-nuevo-codigo-procesal-penal-dominicano\" title=\"Aprueban en primera lectura el nuevo c\u00f3digo procesal penal dominicano\"><strong>reforma laboral aprobada en primera lectura por el Senado<\/strong><\/a> ha generado un intenso debate nacional, con argumentos clave que ampl\u00edan el panorama de esta controversia.<\/p>\n<p><strong>Los 85 gremios empresariales<\/strong>, liderados por <strong>el Consejo Nacional de la Empresa Privada (Conep)<\/strong>, sostienen que la reforma desconoce acuerdos tripartitos hist\u00f3ricos.<\/p>\n<p>Aseguran que ignora consensos logrados durante m\u00e1s de una d\u00e9cada entre empleadores, sindicatos y gobierno, como los di\u00e1logos impulsados desde 2021 bajo el gobierno de Abinader.<\/p>\n<p>Argumentan que la propuesta eleva los costos para las empresas, especialmente para las MIPYMES (98% del tejido productivo), sin considerar su impacto en la formalizaci\u00f3n del empleo (la informalidad supera el 55%).<\/p>\n<p>Critican que sobrecarga los procesos judiciales y debilita el clima de inversi\u00f3n, afectando la competitividad.<\/p>\n<p>Los empresarios propusieron l\u00edmites (ej. 6 a\u00f1os para nuevos empleados y tope de 10 salarios m\u00ednimos), pero el senado mantuvo el sistema actual, alegando que es un derecho adquirido.<\/p>\n<p>Aunque el gobierno destac\u00f3 avances como licencia de paternidad ampliada y regulaci\u00f3n del teletrabajo, los gremios consideran que falta equilibrio en otros aspectos.<\/p>\n<p>El sector empresarial acusa al Senado de imponer cambios sin estudios t\u00e9cnicos ni consenso, destacando que la reforma fue aprobada en primera lectura sin incorporar sus observaciones. Organizaciones como la ACIS y CODEESTE calificaron el proceso como un &#8220;retroceso democr\u00e1tico&#8221;.<\/p>\n<p>El proyecto enfrenta un plazo cr\u00edtico: la legislatura ordinaria finaliza el 26 de julio, y su tr\u00e1mite en la C\u00e1mara de Diputados requerir\u00eda una comisi\u00f3n de 30 d\u00edas o una sesi\u00f3n extraordinaria. Algunos diputados, como Carlos de P\u00e9rez (FP), advierten que no hay tiempo suficiente para un an\u00e1lisis profundo.<\/p>\n","protected":false},"excerpt":{"rendered":"<p>El rechazo del sector empresarial dominicano a la reforma laboral aprobada en primera lectura por el Senado ha generado un intenso debate nacional, con argumentos clave que ampl\u00edan el panorama de esta controversia. Los 85 gremios empresariales, liderados por el Consejo Nacional de la Empresa Privada (Conep), sostienen que la reforma desconoce acuerdos tripartitos hist\u00f3ricos. [&hellip;]<\/p>\n","protected":false},"author":2,"featured_media":11199,"comment_status":"open","ping_status":"open","sticky":false,"template":"","format":"standard","meta":{"_et_pb_use_builder":"","_et_pb_old_content":"","_et_gb_content_width":"","footnotes":""},"categories":[84],"tags":[],"class_list":["post-11198","post","type-post","status-publish","format-standard","has-post-thumbnail","hentry","category-ultimomomento"],"_links":{"self":[{"href":"https:\/\/verdadincomodadiario.ar\/index.php?rest_route=\/wp\/v2\/posts\/11198","targetHints":{"allow":["GET"]}}],"collection":[{"href":"https:\/\/verdadincomodadiario.ar\/index.php?rest_route=\/wp\/v2\/posts"}],"about":[{"href":"https:\/\/verdadincomodadiario.ar\/index.php?rest_route=\/wp\/v2\/types\/post"}],"author":[{"embeddable":true,"href":"https:\/\/verdadincomodadiario.ar\/index.php?rest_route=\/wp\/v2\/users\/2"}],"replies":[{"embeddable":true,"href":"https:\/\/verdadincomodadiario.ar\/index.php?rest_route=%2Fwp%2Fv2%2Fcomments&post=11198"}],"version-history":[{"count":0,"href":"https:\/\/verdadincomodadiario.ar\/index.php?rest_route=\/wp\/v2\/posts\/11198\/revisions"}],"wp:featuredmedia":[{"embeddable":true,"href":"https:\/\/verdadincomodadiario.ar\/index.php?rest_route=\/wp\/v2\/media\/11199"}],"wp:attachment":[{"href":"https:\/\/verdadincomodadiario.ar\/index.php?rest_route=%2Fwp%2Fv2%2Fmedia&parent=11198"}],"wp:term":[{"taxonomy":"category","embeddable":true,"href":"https:\/\/verdadincomodadiario.ar\/index.php?rest_route=%2Fwp%2Fv2%2Fcategories&post=11198"},{"taxonomy":"post_tag","embeddable":true,"href":"https:\/\/verdadincomodadiario.ar\/index.php?rest_route=%2Fwp%2Fv2%2Ftags&post=11198"}],"curies":[{"name":"wp","href":"https:\/\/api.w.org\/{rel}","templated":true}]}}