{"id":11196,"date":"2025-07-16T19:29:10","date_gmt":"2025-07-16T19:29:10","guid":{"rendered":"https:\/\/verdadincomodadiario.ar\/?p=11196"},"modified":"2025-07-16T19:29:10","modified_gmt":"2025-07-16T19:29:10","slug":"ariel-lara-destaca-gonzalo-castillo-es-mas-un-hombre-de-accion-que-de-palabras","status":"publish","type":"post","link":"https:\/\/verdadincomodadiario.ar\/?p=11196","title":{"rendered":"Ariel Lara destaca: Gonzalo Castillo es m\u00e1s un hombre de acci\u00f3n que de palabras"},"content":{"rendered":"<p>El momento de Gonzalo Castillo\u00a0<\/p>\n<p>Santo Domingo, R.D. | En medio de una campa\u00f1a repleta de discursos vac\u00edos, promesas recicladas y <strong>candidatos que parecen competir m\u00e1s por \u201clikes\u201d<\/strong> que por liderazgo, un simple post de <strong>Gonzalo Castillo<\/strong> \u2014sin estridencias, sin frases rebuscadas\u2014 logr\u00f3 sacudir las redes sociales con m\u00e1s fuerza que las estrategias digitales de los precandidatos del PRM y del propio candidato oficial del PLD, Francisco Javier Garc\u00eda.<\/p>\n<p>El regreso silencioso que retumb\u00f3 en la pol\u00edtica<br \/>La publicaci\u00f3n reciente de Gonzalo Castillo, exministro de Obras P\u00fablicas y excandidato presidencial, reactiv\u00f3 de inmediato el debate pol\u00edtico, generando comentarios, an\u00e1lisis, especulaciones&#8230; y, sobre todo, conexi\u00f3n con un segmento del electorado que parece cansado de tanto \u201cbla bla bla\u201d sin acci\u00f3n.<\/p>\n<p>Lo sorprendente no fue el contenido \u2014porque ni siquiera hubo grandes revelaciones\u2014 sino la reacci\u00f3n colectiva: miles de interacciones, menciones y algo que ni el oficialismo ni la oposici\u00f3n han logrado de forma sostenida: credibilidad emocional.<\/p>\n<p>Gonzalo, el gerente que prefiere hacer y no hablar<br \/>Hay pol\u00edticos que construyen su carrera a base de oratoria, y otros, como Gonzalo Castillo, a base de gesti\u00f3n. Durante su paso por el Ministerio de Obras P\u00fablicas, demostr\u00f3 que el pragmatismo puede ser m\u00e1s valioso que la ret\u00f3rica. Supervisaba personalmente obras, lideraba operativos y respond\u00eda con eficiencia ante emergencias.<\/p>\n<p>En plena pandemia, mientras otros debat\u00edan protocolos, Gonzalo vol\u00f3 aviones, mont\u00f3 hospitales m\u00f3viles y actu\u00f3 con rapidez. Fue criticado, s\u00ed. Pero tambi\u00e9n fue \u00fatil. Y en pol\u00edtica, la utilidad suele pesar m\u00e1s que la palabrer\u00eda.<\/p>\n<p>Grandes l\u00edderes sin grandes discursos<\/p>\n<p>A lo largo de la historia, algunos de los l\u00edderes m\u00e1s influyentes no han sido grandes oradores, sino figuras de acci\u00f3n y resultados concretos:<\/p>\n<p>Joaqu\u00edn Balaguer, en sus \u00faltimos a\u00f1os, hablaba poco\u2026 pero su sola presencia defin\u00eda el rumbo nacional.<\/p>\n<p>Nayib Bukele, aunque comunica, basa su liderazgo en hechos contundentes m\u00e1s que en debates filos\u00f3ficos.<\/p>\n<p>Donald Trump, sin ser elocuente en el sentido cl\u00e1sico, se convirti\u00f3 en un fen\u00f3meno pol\u00edtico global por su conexi\u00f3n directa con las masas.<\/p>\n<p>Y a nivel internacional:<\/p>\n<p>Dwight D. Eisenhower (EE. UU.), poco carism\u00e1tico al hablar, fue un estratega militar clave en la Segunda Guerra Mundial y un presidente eficaz. Gobern\u00f3 con firmeza, impuls\u00f3 el sistema de autopistas interestatales y contuvo la Guerra Fr\u00eda con estabilidad.<\/p>\n<p>\u00c1ngela Merkel (Alemania), nunca fue una gran oradora ni busc\u00f3 protagonismo. Sin embargo, lider\u00f3 Alemania durante 16 a\u00f1os con solidez y visi\u00f3n de Estado, siendo considerada por a\u00f1os la mujer m\u00e1s poderosa del mundo.<\/p>\n<p>Hu Jintao (China), un l\u00edder silencioso y sin discursos memorables, fue determinante en el crecimiento econ\u00f3mico moderno de China. Su estilo tecnocr\u00e1tico priorizaba resultados sobre ret\u00f3rica populista.<\/p>\n<p>Gonzalo Castillo se inscribe en esa l\u00ednea: no es poeta ni fil\u00f3sofo\u2026 es operador pol\u00edtico con mentalidad empresarial.<\/p>\n<p>Francisco Javier y los retos de representar al PLD<br \/>Mientras Francisco Javier Garc\u00eda intenta proyectar una candidatura que a\u00fan no despierta pasi\u00f3n fuera del aparato partidario, Gonzalo conecta con un pueblo que valora al \u201chombre que resuelve\u201d. Esa brecha es un s\u00edntoma de un problema estructural: el PLD no ha sabido reinventar su narrativa tras su salida del poder.<\/p>\n<p>Y en ese vac\u00edo, cualquier figura que muestre capacidad, empat\u00eda y resultados \u2014aunque sea con un solo post\u2014 termina destac\u00e1ndose. Gonzalo no ha dicho que quiere volver. Pero si lo quisiera, no tendr\u00eda que hablar mucho m\u00e1s.<\/p>\n<p>El freno a los candidatos del PRM y el vac\u00edo que aprovecha Gonzalo<br \/>Tras la advertencia directa del presidente Luis Abinader a los funcionarios del PRM, ordenando que quienes aspiren a cargos electivos deben abandonar sus funciones en el gobierno, ha quedado al descubierto un hecho preocupante: la gran mayor\u00eda de los precandidatos oficialistas no pueden sostener una campa\u00f1a sin el \u201ccheque y el lapicero\u201d del Estado.<\/p>\n<p>Seg\u00fan el propio mandatario, \u201cnadie puede estar en el gobierno haciendo campa\u00f1a\u201d; y al quedar desprovistos de recursos p\u00fablicos, apenas dos o tres precandidatos han logrado mantener presencia pol\u00edtica real sin estructura gubernamental.<\/p>\n<p>Este fen\u00f3meno ha reducido el dinamismo del PRM en la calle y ha resaltado a\u00fan m\u00e1s la ausencia de figuras con arrastre propio. Mientras tanto, un solo post de Gonzalo Castillo ha generado m\u00e1s conversaci\u00f3n org\u00e1nica y mayor conexi\u00f3n con el votante que todos esos intentos dispersos.<\/p>\n<p>Y eso dice mucho.<\/p>\n<p>La prueba num\u00e9rica: Gonzalo super\u00f3 a Abel, incluso traicionado<br \/>En las elecciones generales del 5 de julio de 2020, y a pesar del profundo desgaste del Partido de la Liberaci\u00f3n Dominicana (PLD) tras 20 a\u00f1os en el poder, Gonzalo Castillo logr\u00f3 1,537,078 votos, equivalentes al 37.46\u202f%, seg\u00fan los datos oficiales de la Junta Central Electoral. Lo m\u00e1s significativo es que esa votaci\u00f3n la obtuvo en medio de la traici\u00f3n de sectores del propio Comit\u00e9 Pol\u00edtico del PLD, quienes no respaldaron con firmeza su candidatura ni garantizaron cohesi\u00f3n partidaria en un momento cr\u00edtico.<\/p>\n<p>A\u00fan as\u00ed, Gonzalo se posicion\u00f3 como el segundo candidato m\u00e1s votado, logrando una cifra que, cuatro a\u00f1os despu\u00e9s, ni el PLD completo con Abel Mart\u00ednez pudo alcanzar, a pesar de estar en la oposici\u00f3n y sin el desgaste directo del poder.<\/p>\n<p>En las elecciones presidenciales del 19 de mayo de 2024, el candidato oficial del PLD, Abel Mart\u00ednez, apenas logr\u00f3 453,468 votos (20.50\u202f%), cayendo incluso por debajo de la Fuerza del Pueblo y quedando muy lejos del oficialismo.<\/p>\n<p>Resultados 2020:<\/p>\n<p>Luis Abinader (PRM): 2,154,866 votos (52.52\u202f%)<\/p>\n<p>Gonzalo Castillo (PLD): 1,537,078 votos (37.46\u202f%)<\/p>\n<p>Resultados 2024:<\/p>\n<p>Luis Abinader (reelecto, PRM): 2,507,297 votos (54.14\u202f%)<\/p>\n<p>Leonel Fern\u00e1ndez (Fuerza del Pueblo): 1,259,427 votos (21.19\u202f%)<\/p>\n<p>Abel Mart\u00ednez (PLD): 453,468 votos (20.50\u202f%)<\/p>\n<p>Estos n\u00fameros demuestran que Gonzalo Castillo, sin ser orador ni pol\u00edtico tradicional, moviliz\u00f3 m\u00e1s votantes que muchos otros candidatos con trayectoria, discurso y estructura, incluso enfrentando sabotaje interno.<\/p>\n<p>Una opini\u00f3n libre y sin compromisos partidarios<br \/>Este an\u00e1lisis no responde a simpat\u00edas personales ni a compromisos con proyecto pol\u00edtico alguno. Aunque en el pasado particip\u00e9 en espacios pol\u00edticos, no milito actualmente en ning\u00fan partido. Al contrario: he sido cr\u00edtico constante del PRM, del PLD, de Fuerza del Pueblo y del sistema de partidos en su conjunto, por su falta de coherencia, su oportunismo electoral y su distancia con las verdaderas prioridades nacionales.<\/p>\n<p>La figura de Gonzalo Castillo se destaca, no por ideolog\u00eda, sino por contraste: mientras muchos hablan sin hacer, \u00e9l hizo sin hablar. Y eso, en tiempos de saturaci\u00f3n medi\u00e1tica y discursos huecos, lo convierte en una figura pol\u00edtica que vale la pena observar con objetividad y sin fanatismos.<\/p>\n<p>&#8220;Este art\u00edculo lo escribo yo, Ariel Lara, como periodista, comunicador y analista independiente. No representa inter\u00e9s de ning\u00fan partido pol\u00edtico ni ha sido encargado por figura alguna&#8221;, expres\u00f3 el comunicador.<\/p>\n","protected":false},"excerpt":{"rendered":"<p>El momento de Gonzalo Castillo\u00a0 Santo Domingo, R.D. | En medio de una campa\u00f1a repleta de discursos vac\u00edos, promesas recicladas y candidatos que parecen competir m\u00e1s por \u201clikes\u201d que por liderazgo, un simple post de Gonzalo Castillo \u2014sin estridencias, sin frases rebuscadas\u2014 logr\u00f3 sacudir las redes sociales con m\u00e1s fuerza que las estrategias digitales de [&hellip;]<\/p>\n","protected":false},"author":2,"featured_media":11197,"comment_status":"open","ping_status":"open","sticky":false,"template":"","format":"standard","meta":{"_et_pb_use_builder":"","_et_pb_old_content":"","_et_gb_content_width":"","footnotes":""},"categories":[84],"tags":[],"class_list":["post-11196","post","type-post","status-publish","format-standard","has-post-thumbnail","hentry","category-ultimomomento"],"_links":{"self":[{"href":"https:\/\/verdadincomodadiario.ar\/index.php?rest_route=\/wp\/v2\/posts\/11196","targetHints":{"allow":["GET"]}}],"collection":[{"href":"https:\/\/verdadincomodadiario.ar\/index.php?rest_route=\/wp\/v2\/posts"}],"about":[{"href":"https:\/\/verdadincomodadiario.ar\/index.php?rest_route=\/wp\/v2\/types\/post"}],"author":[{"embeddable":true,"href":"https:\/\/verdadincomodadiario.ar\/index.php?rest_route=\/wp\/v2\/users\/2"}],"replies":[{"embeddable":true,"href":"https:\/\/verdadincomodadiario.ar\/index.php?rest_route=%2Fwp%2Fv2%2Fcomments&post=11196"}],"version-history":[{"count":0,"href":"https:\/\/verdadincomodadiario.ar\/index.php?rest_route=\/wp\/v2\/posts\/11196\/revisions"}],"wp:featuredmedia":[{"embeddable":true,"href":"https:\/\/verdadincomodadiario.ar\/index.php?rest_route=\/wp\/v2\/media\/11197"}],"wp:attachment":[{"href":"https:\/\/verdadincomodadiario.ar\/index.php?rest_route=%2Fwp%2Fv2%2Fmedia&parent=11196"}],"wp:term":[{"taxonomy":"category","embeddable":true,"href":"https:\/\/verdadincomodadiario.ar\/index.php?rest_route=%2Fwp%2Fv2%2Fcategories&post=11196"},{"taxonomy":"post_tag","embeddable":true,"href":"https:\/\/verdadincomodadiario.ar\/index.php?rest_route=%2Fwp%2Fv2%2Ftags&post=11196"}],"curies":[{"name":"wp","href":"https:\/\/api.w.org\/{rel}","templated":true}]}}