{"id":11194,"date":"2025-07-16T19:29:11","date_gmt":"2025-07-16T19:29:11","guid":{"rendered":"https:\/\/verdadincomodadiario.ar\/?p=11194"},"modified":"2025-07-16T19:29:11","modified_gmt":"2025-07-16T19:29:11","slug":"justicia-y-telecomunicaciones-el-estado-avanza-hacia-el-control-del-discurso-digital","status":"publish","type":"post","link":"https:\/\/verdadincomodadiario.ar\/?p=11194","title":{"rendered":"Justicia y Telecomunicaciones: el Estado avanza hacia el control del discurso digital"},"content":{"rendered":"<p><strong>El Encuentro de Ministros \u201cJusticia y Telecomunicaciones\u201d<\/strong>, realizado en la Torre Ejecutiva los d\u00edas 15 y 16 de julio de 2025 bajo la organizaci\u00f3n del Centro de Estudios Regulatorios y de Telecomunicaciones de Am\u00e9rica Latina (CERTAL), puso en evidencia la <strong>agenda intervencionista del Frente Amplio en el espacio digital<\/strong>.<\/p>\n<p>Con la participaci\u00f3n de Yamand\u00fa Orsi y la ministro Fernanda Cardona, el evento sirvi\u00f3 como plataforma para impulsar regulaciones que, <strong>bajo el pretexto de la \u201cjusticia tecnol\u00f3gica\u201d y la protecci\u00f3n de \u201cderechos humanos\u201d<\/strong>, amenazan ferozmente la libertad de expresi\u00f3n y la libre competencia.<\/p>\n<p><a href=\"https:\/\/derechadiario.com.ar\/uruguay\/politica\/mujica-delato-sus-companeros-y-colaboro-con-los-militares-1972\">Quiz\u00e1s tambi\u00e9n te interese&#8230;<\/a><\/p>\n<p>Estas pol\u00edticas, ya plasmadas en las &#8220;Bases Program\u00e1ticas 2025-2030&#8221; del Frente Amplio, <strong>conducen a Uruguay hacia un control estatal similar al que impera en las dictaduras de Cuba y Venezuela<\/strong>, donde el discurso p\u00fablico es restringido en nombre de la \u201cseguridad\u201d y la \u201cequidad\u201d.<\/p>\n<p><strong>Un Foro para la regulaci\u00f3n estatal<\/strong><\/p>\n<p>CERTAL dice defender la libertad de expresi\u00f3n, los medios independientes y los derechos de los periodistas.<\/p>\n<p>Sin embargo, este think tank regional y mundial, pro-Agenda 2030, <strong>vino a catapultar al Frente Amplio para que implemente pol\u00edticas de intervenci\u00f3n estatal<\/strong> en las telecomunicaciones y el mundo digital plasmadas en su programa de gobierno.<\/p>\n<div class=\"inter_image image_horizontal\">\n<picture><source class=\"img-responsive\" type=\"image\/webp\" data-srcset=\"https:\/\/filesedc.com\/uploads\/image\/post\/2025\/07\/img-20250716-wa0019_300_200.webp 300w, https:\/\/filesedc.com\/uploads\/image\/post\/2025\/07\/img-20250716-wa0019_630_420.webp 630w, https:\/\/filesedc.com\/uploads\/image\/post\/2025\/07\/img-20250716-wa0019_760_507.webp 760w, https:\/\/filesedc.com\/uploads\/image\/post\/2025\/07\/img-20250716-wa0019_1200_800.webp 1200w, https:\/\/filesedc.com\/uploads\/image\/post\/2025\/07\/img-20250716-wa0019_1600_1067.webp 1600w, \"><img decoding=\"async\" src=\"https:\/\/derechadiario.com.ar\/filesedc\/uploads\/image\/post\/2025\/07\/img-20250716-wa0019_1200_800.webp\" class=\"img-responsive lazyload\" alt=\"Auditorio con personas asistiendo a una conferencia donde un hombre est\u00e1 hablando en un podio y otro est\u00e1 sentado en el escenario junto a una pantalla grande con informaci\u00f3n de los ponentes del evento.\" title=\"Auditorio con personas asistiendo a una conferencia donde un hombre est\u00e1 hablando en un podio y otro est\u00e1 sentado en el escenario junto a una pantalla grande con informaci\u00f3n de los ponentes del evento.\"><\/picture>\n<div>\n<span class=\"img_footer\">Panel de locutores. <\/span>| <span class=\"img_author\">Redacci\u00f3n<\/span>\n<\/div>\n<\/div>\n<p>En el evento Orsi se\u00f1al\u00f3: \u201clos gobiernos deben proveer un marco legal ante los avances de las tecnolog\u00edas de la informaci\u00f3n\u201d, <strong>inaugurando un nuevo nivel de restricci\u00f3n de las libertades de los ciudadanos uruguayos<\/strong>.<\/p>\n<p><a href=\"https:\/\/derechadiario.com.ar\/uruguay\/opinion\/asi-luce-socialdemocracia\">Quiz\u00e1s tambi\u00e9n te interese&#8230;<\/a><\/p>\n<p>Este foro internacional <strong>legitima pol\u00edticas para controlar el pensamiento<\/strong>, a trav\u00e9s de la regulaci\u00f3n del ecosistema digital y la censura de quienes no se alineen con la narrativa progresista.<\/p>\n<p><strong>Censura disfrazada de inclusi\u00f3n<\/strong><\/p>\n<p>Las &#8220;Bases Program\u00e1ticas&#8221; del Frente Amplio revelan una agenda que va m\u00e1s all\u00e1 de la infraestructura tecnol\u00f3gica. Entre todos los delirios que proponen, <strong>critican la \u201cconcentraci\u00f3n de las tecnolog\u00edas de la comunicaci\u00f3n\u201d en manos de conglomerados privados<\/strong>, argumentando que \u201corientan la opini\u00f3n p\u00fablica como nunca antes\u201d y amenazan la democracia.<\/p>\n<p>Ante esto la soluci\u00f3n de la izquierda ser\u00e1 <strong>garantizar la soberan\u00eda por parte del Estado<\/strong> en lo que refiere a la pol\u00edtica de telecomunicaciones con el liderazgo de Antel.<\/p>\n<p>Bajo el pretexto de combatir la \u201cdesinformaci\u00f3n\u201d y promover una \u201ccultura digital inclusiva\u201d el Frente Amplio propone regulaciones que <strong>le otorgar\u00e1n al Estado la potestad para definir qu\u00e9 contenidos son aceptables<\/strong>.<\/p>\n<p>Ya lo advirti\u00f3 Friedrich Hayek: <strong>\u201cla libertad de expresi\u00f3n es la base de toda libertad y su restricci\u00f3n por el Estado es el primer paso hacia la tiran\u00eda\u201d<\/strong>.<\/p>\n<p><strong>A lo cubano<\/strong><\/p>\n<p>La propuesta del Frente Amplio de fortalecer ANTEL y regular el espectro de telecomunicaciones <strong>refleja un modelo de control estatal como en las dictaduras cubanas y venezolanas<\/strong>.<\/p>\n<figure><img decoding=\"async\" src=\"https:\/\/derechadiario.com.ar\/filesedc\/uploads\/image\/post\/2025\/07\/img-20250716-wa0018_1200_800.webp\" class=\"img-responsive lazyload\" alt=\"Cartel de un encuentro ministerial con banderas de pa\u00edses latinoamericanos y una lista de temas como innovaci\u00f3n en la justicia, ciudades inteligentes, ciberseguridad, antipirater\u00eda, inclusi\u00f3n y ecosistema digital sobre un fondo azul.\" title=\"Cartel de un encuentro ministerial con banderas de pa\u00edses latinoamericanos y una lista de temas como innovaci\u00f3n en la justicia, ciudades inteligentes, ciberseguridad, antipirater\u00eda, inclusi\u00f3n y ecosistema digital sobre un fondo azul.\"><\/figure>\n<p>En Cuba, ETECSA, la empresa estatal de telecomunicaciones, monopoliza los servicios de telefon\u00eda e internet, <strong>restringiendo el acceso a informaci\u00f3n y bloqueando sitios cr\u00edticos con el r\u00e9gimen<\/strong>. Asimismo ocurre en Venezuela: se bloquean las redes sociales durante las protestas para silenciar a la oposici\u00f3n.<\/p>\n<p><a href=\"https:\/\/derechadiario.com.ar\/uruguay\/politica\/100-dias-bitacora-del-proyecto-gobierno-honesto-yamandu-orsi\">Quiz\u00e1s tambi\u00e9n te interese&#8230;<\/a><\/p>\n<p><strong>Defender la Libertad Frente a la Polic\u00eda del Pensamiento Digital<\/strong><\/p>\n<p>En 1984, George Orwell advirti\u00f3 sobre un futuro en el cual la &#8220;Polic\u00eda del Pensamiento&#8221; vigilar\u00eda y controlar\u00eda cada palabra, cada idea, para asegurar la sumisi\u00f3n al r\u00e9gimen. <strong>En el Uruguay de 2025, las pol\u00edticas del Frente Amplio amenazan con llevarnos a un escenario inquietantemente similar<\/strong>.<\/p>\n<p>La propuesta de fortalecer el control estatal sobre las telecomunicaciones, con ANTEL como eje central y la gesti\u00f3n &#8220;igualitaria&#8221; del espectro radioel\u00e9ctrico, <strong>no solo sofoca la libre competencia, sino que otorga al gobierno el poder de decidir qu\u00e9 voces resonar\u00e1n en el espacio digital<\/strong>.<\/p>\n<p>Bajo el pretexto de combatir la &#8220;desinformaci\u00f3n&#8221; y garantizar la &#8220;soberan\u00eda digital&#8221;, el Frente Amplio, respaldado por el Encuentro de CERTAL, <strong>avanzar\u00e1 hacia una regulaci\u00f3n que dar\u00e1 paso a la Polic\u00eda del Pensamiento digital<\/strong>, silenciando opiniones disidentes a la narrativa oficial.<\/p>\n<p><strong>Los uruguayos deben resistir este avance hacia el control estatal del discurso p\u00fablico<\/strong>. La libertad de expresi\u00f3n y la libre competencia son los pilares de una sociedad libre, <strong>cederlos bajo el disfraz de la &#8220;justicia tecnol\u00f3gica&#8221; es instaurar la dictadura del pensamiento<\/strong>.<\/p>\n<p>Como en 1984, donde la vigilancia estatal aplastaba cualquier atisbo de disidencia, <strong>las regulaciones propuestas por el Frente Amplio transformar\u00e1n los medios digitales en espacios controlados<\/strong>, donde solo las ideas aprobadas por el gobierno prosperar\u00e1n. <strong>Si Uruguay no defiende la libertad, se encamina hacia un futuro donde la Polic\u00eda del Pensamiento digital dictar\u00e1 qu\u00e9 podemos decir, pensar y crear<\/strong>.<\/p>\n","protected":false},"excerpt":{"rendered":"<p>El Encuentro de Ministros \u201cJusticia y Telecomunicaciones\u201d, realizado en la Torre Ejecutiva los d\u00edas 15 y 16 de julio de 2025 bajo la organizaci\u00f3n del Centro de Estudios Regulatorios y de Telecomunicaciones de Am\u00e9rica Latina (CERTAL), puso en evidencia la agenda intervencionista del Frente Amplio en el espacio digital. Con la participaci\u00f3n de Yamand\u00fa Orsi [&hellip;]<\/p>\n","protected":false},"author":2,"featured_media":11195,"comment_status":"open","ping_status":"open","sticky":false,"template":"","format":"standard","meta":{"_et_pb_use_builder":"","_et_pb_old_content":"","_et_gb_content_width":"","footnotes":""},"categories":[84],"tags":[],"class_list":["post-11194","post","type-post","status-publish","format-standard","has-post-thumbnail","hentry","category-ultimomomento"],"_links":{"self":[{"href":"https:\/\/verdadincomodadiario.ar\/index.php?rest_route=\/wp\/v2\/posts\/11194","targetHints":{"allow":["GET"]}}],"collection":[{"href":"https:\/\/verdadincomodadiario.ar\/index.php?rest_route=\/wp\/v2\/posts"}],"about":[{"href":"https:\/\/verdadincomodadiario.ar\/index.php?rest_route=\/wp\/v2\/types\/post"}],"author":[{"embeddable":true,"href":"https:\/\/verdadincomodadiario.ar\/index.php?rest_route=\/wp\/v2\/users\/2"}],"replies":[{"embeddable":true,"href":"https:\/\/verdadincomodadiario.ar\/index.php?rest_route=%2Fwp%2Fv2%2Fcomments&post=11194"}],"version-history":[{"count":0,"href":"https:\/\/verdadincomodadiario.ar\/index.php?rest_route=\/wp\/v2\/posts\/11194\/revisions"}],"wp:featuredmedia":[{"embeddable":true,"href":"https:\/\/verdadincomodadiario.ar\/index.php?rest_route=\/wp\/v2\/media\/11195"}],"wp:attachment":[{"href":"https:\/\/verdadincomodadiario.ar\/index.php?rest_route=%2Fwp%2Fv2%2Fmedia&parent=11194"}],"wp:term":[{"taxonomy":"category","embeddable":true,"href":"https:\/\/verdadincomodadiario.ar\/index.php?rest_route=%2Fwp%2Fv2%2Fcategories&post=11194"},{"taxonomy":"post_tag","embeddable":true,"href":"https:\/\/verdadincomodadiario.ar\/index.php?rest_route=%2Fwp%2Fv2%2Ftags&post=11194"}],"curies":[{"name":"wp","href":"https:\/\/api.w.org\/{rel}","templated":true}]}}