{"id":11192,"date":"2025-07-16T19:29:12","date_gmt":"2025-07-16T19:29:12","guid":{"rendered":"https:\/\/verdadincomodadiario.ar\/?p=11192"},"modified":"2025-07-16T19:29:12","modified_gmt":"2025-07-16T19:29:12","slug":"el-temporal-destruyo-las-canchas-de-tenis-de-un-reconocido-club-en-cordoba","status":"publish","type":"post","link":"https:\/\/verdadincomodadiario.ar\/?p=11192","title":{"rendered":"El temporal destruy\u00f3 las canchas de tenis de un reconocido club en C\u00f3rdoba"},"content":{"rendered":"<p>En la madrugada de este mi\u00e9rcoles, l<strong>as<a href=\"https:\/\/derechadiario.com.ar\/sociedad\/temporal-y-cortes-luz-danos-y-barrios-afectados-cordoba-capital\" title=\"Temporal y cortes de luz: da\u00f1os y barrios afectados en C\u00f3rdoba Capital\"> intensas r\u00e1fagas de viento provocadas por la fuerte tormenta<\/a> que azot\u00f3 la ciudad de <a href=\"https:\/\/derechadiario.com.ar\/tags\/cordoba\" title=\"C\u00f3rdoba\">C\u00f3rdoba <\/a>causaron serios destrozos<\/strong> en las instalaciones del reconocido <strong>Club General Paz Juniors<\/strong>, afectando de manera directa a <strong>las cuatro canchas de tenis.<\/strong><\/p>\n<p><strong>Las estructuras perimetrales de alambre y postes de cemento colapsaron por completo<\/strong>, derribadas por la fuerza del viento, generando una situaci\u00f3n de peligro y dejando las canchas inutilizables.<\/p>\n<div class=\"inter_image image_horizontal\">\n<picture><source class=\"img-responsive\" type=\"image\/webp\" data-srcset=\"https:\/\/filesedc.com\/uploads\/image\/post\/2025\/07\/whatsapp-image-2025-07-16-at-143936-1_300_200.webp 300w, https:\/\/filesedc.com\/uploads\/image\/post\/2025\/07\/whatsapp-image-2025-07-16-at-143936-1_630_420.webp 630w, https:\/\/filesedc.com\/uploads\/image\/post\/2025\/07\/whatsapp-image-2025-07-16-at-143936-1_760_507.webp 760w, https:\/\/filesedc.com\/uploads\/image\/post\/2025\/07\/whatsapp-image-2025-07-16-at-143936-1_1200_800.webp 1200w, https:\/\/filesedc.com\/uploads\/image\/post\/2025\/07\/whatsapp-image-2025-07-16-at-143936-1_1600_1067.webp 1600w, \"><img decoding=\"async\" src=\"https:\/\/derechadiario.com.ar\/filesedc\/uploads\/image\/post\/2025\/07\/whatsapp-image-2025-07-16-at-143936-1_1200_800.webp\" class=\"img-responsive lazyload\" alt=\"Una cerca de malla met\u00e1lica y un poste de concreto ca\u00eddos sobre una cancha de tenis de arcilla\" title=\"Una cerca de malla met\u00e1lica y un poste de concreto ca\u00eddos sobre una cancha de tenis de arcilla\"><\/picture>\n<div>\n<span class=\"img_footer\">Da\u00f1os en el club General Paz Juniors de C\u00f3rdoba. <\/span>| <span class=\"img_author\">La Derecha Diario<\/span>\n<\/div>\n<\/div>\n<p><strong>El da\u00f1o alcanza a cercos<\/strong>, postes, luminarias y parte de la infraestructura auxiliar de las canchas.<\/p>\n<p>Seg\u00fan la evaluaci\u00f3n t\u00e9cnica inicial, <strong>el costo estimado para reparar los da\u00f1os y poner nuevamente en condiciones operativas las canchas asciende a 15.000.000 de pesos.<\/strong><\/p>\n<aside class=\"are-you-interested-container-photo\"><\/aside>\n<figure><img decoding=\"async\" src=\"https:\/\/derechadiario.com.ar\/filesedc\/uploads\/image\/post\/2025\/07\/whatsapp-image-2025-07-16-at-143936-2_1200_1600.webp\" class=\"img-responsive lazyload\" alt=\"Cerca de una cancha de tenis ca\u00edda y da\u00f1ada junto a un arbusto y c\u00e9sped\" title=\"Cerca de una cancha de tenis ca\u00edda y da\u00f1ada junto a un arbusto y c\u00e9sped\"><\/figure>\n<p>Seg\u00fan inform\u00f3 la Comisi\u00f3n Directiva, <strong>ya se est\u00e1n realizando las gestiones necesarias para encarar las reparaciones a la mayor brevedad posible<\/strong>, con el objetivo de que los socios, socias y deportistas puedan volver a disfrutar de este espacio fundamental para la pr\u00e1ctica del tenis.<\/p>\n<figure><img decoding=\"async\" src=\"https:\/\/derechadiario.com.ar\/filesedc\/uploads\/image\/post\/2025\/07\/whatsapp-image-2025-07-16-at-143937_1200_800.webp\" class=\"img-responsive lazyload\" alt=\"Malla de alambre en una cancha de tenis con postes de concreto rotos y vegetaci\u00f3n creciendo sobre la cerca\" title=\"Malla de alambre en una cancha de tenis con postes de concreto rotos y vegetaci\u00f3n creciendo sobre la cerca\"><\/figure>\n<h2>Temporal en C\u00f3rdoba<\/h2>\n<p><strong>La tormenta en C\u00f3rdoba ocasion\u00f3 graves da\u00f1os y cortes de luz.<\/strong><\/p>\n<p>La Empresa Provincial de Energ\u00eda El\u00e9ctrica (Epec) sostuvo que se vieron afectados los\u00a0barrios Marcelo T. de Alvear, Los Filtros, Panamericano, Villa Azalais y Yofre Sud.<\/p>\n<figure><img decoding=\"async\" src=\"https:\/\/derechadiario.com.ar\/filesedc\/uploads\/image\/post\/2025\/07\/tormenta-1752691147723_1200_800.webp\" class=\"img-responsive lazyload\" alt=\"\u00c1rbol ca\u00eddo sobre una calle frente a una casa, con cinta de precauci\u00f3n alrededor.\" title=\"\u00c1rbol ca\u00eddo sobre una calle frente a una casa, con cinta de precauci\u00f3n alrededor.\"><\/figure>\n<aside class=\"whatsappChannelText\"><a href=\"https:\/\/whatsapp.com\/channel\/0029VagEjILGE56eKjedWF2U\" rel=\"nofollow\" title=\"WhatsApp Link\"><img alt=\"Logo de WhatsApp\" class=\"lazyload\" data-src=\"https:\/\/derechadiario.com.ar\/filesedc\/uploads\/other\/whatsapp_icon_mid_article.png\" width=\"32\" height=\"32\"><\/a> <a href=\"https:\/\/whatsapp.com\/channel\/0029VagEjILGE56eKjedWF2U\" rel=\"nofollow\" title=\"WhatsApp Link\"><strong>NO SE PIERDAN NINGUNA NOTICIA<\/strong>: Click aqu\u00ed para sumarte <strong>GRATIS<\/strong> al canal de noticias de <strong>La Derecha Diario en WhatsApp.<\/strong><\/a><\/aside>\n<p>Adem\u00e1s, reportes de la Polic\u00eda indicaron que, por la noche, el viento hab\u00eda dejado a vecinos de zona norte sin luz, particularmente en el Cerro de las Rosas y Urca.<\/p>\n<p>En el interior provincial, se registraban cortes de energ\u00eda en Arroyo Cabral.<\/p>\n<p>Los da\u00f1os incluyeron postes ca\u00eddos en barrios como Altamira y Villa Uni\u00f3n, as\u00ed como un \u00e1rbol que obstruy\u00f3 la calle en San Vicente.<\/p>\n","protected":false},"excerpt":{"rendered":"<p>En la madrugada de este mi\u00e9rcoles, las intensas r\u00e1fagas de viento provocadas por la fuerte tormenta que azot\u00f3 la ciudad de C\u00f3rdoba causaron serios destrozos en las instalaciones del reconocido Club General Paz Juniors, afectando de manera directa a las cuatro canchas de tenis. Las estructuras perimetrales de alambre y postes de cemento colapsaron por [&hellip;]<\/p>\n","protected":false},"author":2,"featured_media":11193,"comment_status":"open","ping_status":"open","sticky":false,"template":"","format":"standard","meta":{"_et_pb_use_builder":"","_et_pb_old_content":"","_et_gb_content_width":"","footnotes":""},"categories":[84],"tags":[],"class_list":["post-11192","post","type-post","status-publish","format-standard","has-post-thumbnail","hentry","category-ultimomomento"],"_links":{"self":[{"href":"https:\/\/verdadincomodadiario.ar\/index.php?rest_route=\/wp\/v2\/posts\/11192","targetHints":{"allow":["GET"]}}],"collection":[{"href":"https:\/\/verdadincomodadiario.ar\/index.php?rest_route=\/wp\/v2\/posts"}],"about":[{"href":"https:\/\/verdadincomodadiario.ar\/index.php?rest_route=\/wp\/v2\/types\/post"}],"author":[{"embeddable":true,"href":"https:\/\/verdadincomodadiario.ar\/index.php?rest_route=\/wp\/v2\/users\/2"}],"replies":[{"embeddable":true,"href":"https:\/\/verdadincomodadiario.ar\/index.php?rest_route=%2Fwp%2Fv2%2Fcomments&post=11192"}],"version-history":[{"count":0,"href":"https:\/\/verdadincomodadiario.ar\/index.php?rest_route=\/wp\/v2\/posts\/11192\/revisions"}],"wp:featuredmedia":[{"embeddable":true,"href":"https:\/\/verdadincomodadiario.ar\/index.php?rest_route=\/wp\/v2\/media\/11193"}],"wp:attachment":[{"href":"https:\/\/verdadincomodadiario.ar\/index.php?rest_route=%2Fwp%2Fv2%2Fmedia&parent=11192"}],"wp:term":[{"taxonomy":"category","embeddable":true,"href":"https:\/\/verdadincomodadiario.ar\/index.php?rest_route=%2Fwp%2Fv2%2Fcategories&post=11192"},{"taxonomy":"post_tag","embeddable":true,"href":"https:\/\/verdadincomodadiario.ar\/index.php?rest_route=%2Fwp%2Fv2%2Ftags&post=11192"}],"curies":[{"name":"wp","href":"https:\/\/api.w.org\/{rel}","templated":true}]}}