{"id":11174,"date":"2025-07-16T18:29:01","date_gmt":"2025-07-16T18:29:01","guid":{"rendered":"https:\/\/verdadincomodadiario.ar\/?p=11174"},"modified":"2025-07-16T18:29:01","modified_gmt":"2025-07-16T18:29:01","slug":"el-ministerio-de-justicia-acabaria-con-la-independencia-de-los-jueces","status":"publish","type":"post","link":"https:\/\/verdadincomodadiario.ar\/?p=11174","title":{"rendered":"El Ministerio de Justicia acabar\u00eda con la independencia de los jueces"},"content":{"rendered":"<p>El actual gobierno quiere crear este nuevo ministerio fundamentalmente por dos motivos. El primero es <strong>aniquilar<\/strong> la <strong>independencia<\/strong> de los jueces, que como corresponde est\u00e1n dentro del Poder Judicial.<\/p>\n<p>Y en segundo lugar multiplicar los <strong>cargos<\/strong> pol\u00edticos para repartir entre los militantes del Frente Amplio.\u00a0<\/p>\n<p>Un nuevo ministerio generar\u00eda decenas de <strong>cargos<\/strong>\u00a0<strong>pol\u00edticos<\/strong> muy bien remunerados para repartir entre dirigentes frenteamplistas, y todo\u00a0ser\u00eda pago con los impuestos de los <strong>contribuyentes<\/strong>.<\/p>\n<h2>Jorge D\u00edaz, el cerebro<\/h2>\n<p>El prosecretario de la presidencia de la Rep\u00fablica ya fue Fiscal General de la Naci\u00f3n durante casi 10 a\u00f1os, y convirti\u00f3 a la Fiscal\u00eda en un <strong>oscuro<\/strong> comit\u00e9 de base.<\/p>\n<p>La Fiscal\u00eda General de la Naci\u00f3n es un servicio descentralizado que ejerce la persecuci\u00f3n de los delitos. D\u00edaz lo convirti\u00f3 en un centro de <strong>operaciones<\/strong>\u00a0<strong>pol\u00edticas<\/strong> a favor de la izquierda.<\/p>\n<div class=\"inter_image image_horizontal\">\n<picture><source class=\"img-responsive\" type=\"image\/webp\" data-srcset=\"https:\/\/filesedc.com\/uploads\/image\/post\/2025\/07\/an-713_300_200.webp 300w, https:\/\/filesedc.com\/uploads\/image\/post\/2025\/07\/an-713_630_420.webp 630w, https:\/\/filesedc.com\/uploads\/image\/post\/2025\/07\/an-713_760_507.webp 760w, https:\/\/filesedc.com\/uploads\/image\/post\/2025\/07\/an-713_1200_800.webp 1200w, https:\/\/filesedc.com\/uploads\/image\/post\/2025\/07\/an-713_1600_1067.webp 1600w, \"><img decoding=\"async\" src=\"https:\/\/derechadiario.com.ar\/filesedc\/uploads\/image\/post\/2025\/07\/an-713_1200_800.webp\" class=\"img-responsive lazyload\" alt=\"Cuatro mujeres sentadas en sillones negros participan en un panel frente a una pantalla que muestra el t\u00edtulo Seminario internacional Hacia un Ministerio de Justicia y Derechos Humanos en Uruguay\" title=\"Cuatro mujeres sentadas en sillones negros participan en un panel frente a una pantalla que muestra el t\u00edtulo Seminario internacional Hacia un Ministerio de Justicia y Derechos Humanos en Uruguay\"><\/picture>\n<div>\n<span class=\"img_footer\">Seminario a favor del ministerio  <\/span>| <span class=\"img_author\">La Derecha Diario<\/span>\n<\/div>\n<\/div>\n<p>D\u00edaz tiene en mente crear este ministerio para <strong>amordazar<\/strong> a los jueces independientes y controlar sus decisiones.<\/p>\n<p>El verdadero motivo por el cual se crea el Ministerio es <strong>terminar<\/strong> con el Estado de Derecho, y con la independencia del Poder Judicial.<\/p>\n<p>Un Ministerio de Justicia, aunque \u00e9ste no designar\u00e1 directamente a los jueces, est\u00e1 clar\u00edsimo que tendr\u00e1 una <strong>incidencia<\/strong> enorme en los magistrados.\u00a0<\/p>\n<p>El prop\u00f3sito del ministerio es que desde el Poder Ejecutivo, es decir desde el poder <strong>pol\u00edtico<\/strong>, se incida directamente en los fallos judiciales.<\/p>\n<p>Jorge <strong>D\u00edaz<\/strong> ya coloniz\u00f3 la Fiscal\u00eda y la transform\u00f3 en un gigantesco comit\u00e9 de base a favor de la izquierda.\u00a0<\/p>\n<p>Ahora, con el aval del presidente Orsi y de todo el gobierno, D\u00edaz quiere inventar un nuevo ministerio, que adem\u00e1s de costar varios <strong>millones<\/strong> de d\u00f3lares anuales, pretende <strong>aniquilar<\/strong> la independencia de los <strong>jueces<\/strong> sobre todo en aquellos casos judiciales que perjudiquen a personajes de la izquierda, sean pol\u00edticos o sindicalistas.\u00a0<\/p>\n<p>El objetivo de crear este ministerio es terminar con uno de los pocos bastiones que la izquierda a\u00fan no pudo <strong>colonizar<\/strong>, el Poder Judicial.<\/p>\n<figure><img decoding=\"async\" src=\"https:\/\/derechadiario.com.ar\/filesedc\/uploads\/image\/post\/2025\/07\/scj_1200_800.webp\" class=\"img-responsive lazyload\" alt=\"Fachada de un edificio con letrero que dice Poder Judicial Suprema Corte de Justicia\" title=\"Fachada de un edificio con letrero que dice Poder Judicial Suprema Corte de Justicia\"><\/figure>\n<p>Varios <strong>operadores<\/strong> pol\u00edticos y judiciales est\u00e1n <strong>presionando<\/strong> para que el Parlamento vote la ley de creaci\u00f3n del ministerio, lo que ser\u00eda lanzar un <strong>misil<\/strong> contra la democracia uruguaya.<\/p>\n<p>Algunos de estos <strong>operadores son abogados<\/strong>\u00a0 que trabajan con el propio Jorge D\u00edaz en la prosecretar\u00eda de la presidencia de la Rep\u00fablica.\u00a0<\/p>\n<p>Pretenden terminar con la independencia del Poder Judicial y <strong>contaminarlo<\/strong> con decisiones pol\u00edtico partidarias.<\/p>\n<p>Es el viejo esquema <strong>totalitario<\/strong> de toda la izquierda latinoamericana.<\/p>\n<p>Es el estilo que inaugur\u00f3 <strong>Ch\u00e1vez<\/strong> en <strong>Venezuela<\/strong> a comienzos de los 2000, terminar con la independencia de los jueces y que \u00e9stos sean vulgares t\u00edteres del gobierno de turno.\u00a0<\/p>\n<h2>Cargos para repartir<\/h2>\n<p>Un nuevo ministerio desde luego implica la creaci\u00f3n de decenas de cargos muy bien <strong>remunerados<\/strong>.<\/p>\n<p>Asesores, secretarias, coches con chofer, vi\u00e1ticos, y viajes todo pago con los impuestos de los <strong>contribuyentes<\/strong>.<\/p>\n<p>Ser\u00edan decenas de cargos pol\u00edticos para repartir entre amigos y militantes.\u00a0<\/p>\n<p>Todo este festival de cargos pol\u00edticos que tendr\u00eda el nuevo ministerio, obviamente que se pagar\u00edan con los impuestos de los uruguayos.<\/p>\n<p>En un pa\u00eds que tiene una alt\u00edsima carga tributaria, la poblaci\u00f3n seguir\u00e1 <strong>pagando<\/strong> altos impuestos para seguir financiando a cargos pol\u00edticos <strong>parasitarios<\/strong>, que lo \u00fanico que les interesa es succionar el dinero de los contribuyentes.<\/p>\n<figure><img decoding=\"async\" src=\"https:\/\/derechadiario.com.ar\/filesedc\/uploads\/image\/post\/2025\/07\/yamandu-orsi-y-jorge-diaz_1200_800.webp\" class=\"img-responsive lazyload\" alt=\"Hombres de mediana edad con traje y corbata sentados en fila prestando atenci\u00f3n a un evento\" title=\"Hombres de mediana edad con traje y corbata sentados en fila prestando atenci\u00f3n a un evento\"><\/figure>\n<p>Un jugoso bot\u00edn que multiplica el negocio de la <strong>casta<\/strong> pol\u00edtica, mientras el pa\u00eds sigue teniendo problemas de todo tipo.\u00a0<\/p>\n<p>En conclusi\u00f3n, la creaci\u00f3n del Ministerio de Justicia tiene como objetivo terminar con la independencia de los jueces, y multiplicar los <strong>negociados<\/strong> de la casta pol\u00edtica gobernante.<\/p>\n<p>Un <strong>peligro<\/strong> para la democracia.<\/p>\n","protected":false},"excerpt":{"rendered":"<p>El actual gobierno quiere crear este nuevo ministerio fundamentalmente por dos motivos. El primero es aniquilar la independencia de los jueces, que como corresponde est\u00e1n dentro del Poder Judicial. Y en segundo lugar multiplicar los cargos pol\u00edticos para repartir entre los militantes del Frente Amplio.\u00a0 Un nuevo ministerio generar\u00eda decenas de cargos\u00a0pol\u00edticos muy bien remunerados [&hellip;]<\/p>\n","protected":false},"author":2,"featured_media":11175,"comment_status":"open","ping_status":"open","sticky":false,"template":"","format":"standard","meta":{"_et_pb_use_builder":"","_et_pb_old_content":"","_et_gb_content_width":"","footnotes":""},"categories":[84],"tags":[],"class_list":["post-11174","post","type-post","status-publish","format-standard","has-post-thumbnail","hentry","category-ultimomomento"],"_links":{"self":[{"href":"https:\/\/verdadincomodadiario.ar\/index.php?rest_route=\/wp\/v2\/posts\/11174","targetHints":{"allow":["GET"]}}],"collection":[{"href":"https:\/\/verdadincomodadiario.ar\/index.php?rest_route=\/wp\/v2\/posts"}],"about":[{"href":"https:\/\/verdadincomodadiario.ar\/index.php?rest_route=\/wp\/v2\/types\/post"}],"author":[{"embeddable":true,"href":"https:\/\/verdadincomodadiario.ar\/index.php?rest_route=\/wp\/v2\/users\/2"}],"replies":[{"embeddable":true,"href":"https:\/\/verdadincomodadiario.ar\/index.php?rest_route=%2Fwp%2Fv2%2Fcomments&post=11174"}],"version-history":[{"count":0,"href":"https:\/\/verdadincomodadiario.ar\/index.php?rest_route=\/wp\/v2\/posts\/11174\/revisions"}],"wp:featuredmedia":[{"embeddable":true,"href":"https:\/\/verdadincomodadiario.ar\/index.php?rest_route=\/wp\/v2\/media\/11175"}],"wp:attachment":[{"href":"https:\/\/verdadincomodadiario.ar\/index.php?rest_route=%2Fwp%2Fv2%2Fmedia&parent=11174"}],"wp:term":[{"taxonomy":"category","embeddable":true,"href":"https:\/\/verdadincomodadiario.ar\/index.php?rest_route=%2Fwp%2Fv2%2Fcategories&post=11174"},{"taxonomy":"post_tag","embeddable":true,"href":"https:\/\/verdadincomodadiario.ar\/index.php?rest_route=%2Fwp%2Fv2%2Ftags&post=11174"}],"curies":[{"name":"wp","href":"https:\/\/api.w.org\/{rel}","templated":true}]}}